[{"ano_emissao_emp":"2023","n_emp":"0000001","data_emissao":"19\/01\/2023","valor":"68.310,00","tipo_empenho":"Ordin\u00e1rio","hist_emp":"Referente a folha de pagamento normal do m\u00eas de janeiro de 2023","fornecedor":"FOLHA DE PAGAMENTO","denom_uni_orc":"C\u00c2MARA MUNICIPAL","funcao":"Legislativa","sub_funcao":"A\u00e7\u00e3o Legislativa","programa":"ATUA\u00c7\u00c3O LEGISLATIVA E APOIO ADMINISTRATIVO AS A\u00c7\u00d5ES DA C\u00c2MARA","acao":"Amplia\u00e7\u00e3o e Restaura\u00e7\u00e3o do Pr\u00e9dio da C\u00e2mara","ident_acao":"Atividade","cat_econ":"Despesa Corrente","natureza_despesa":"Pessoal e Encargos Sociais","modalidade_despesa":"Aplica\u00e7\u00f5es Diretas","elemento_despesa":"Vencimentos e Vantagens Fixas - Pessoal Civil","sub_elem_desp":"SEM SUBELEMENTO","fonte_recurso":"Recursos do Exerc\u00edcio Corrente \/ Outros Recursos n\u00e3o Vinculados \/ -"},{"ano_emissao_emp":"2023","n_emp":"0000001","data_emissao":"19\/01\/2023","valor":"68.310,00","tipo_empenho":"Ordin\u00e1rio","hist_emp":"Referente a folha de pagamento normal do m\u00eas de janeiro de 2023","fornecedor":"FOLHA DE PAGAMENTO","denom_uni_orc":"C\u00c2MARA MUNICIPAL","funcao":"Legislativa","sub_funcao":"A\u00e7\u00e3o Legislativa","programa":"ATUA\u00c7\u00c3O LEGISLATIVA E APOIO ADMINISTRATIVO AS A\u00c7\u00d5ES DA C\u00c2MARA","acao":"Manuten\u00e7\u00e3o das Atividades Legislativas","ident_acao":"Atividade","cat_econ":"Despesa Corrente","natureza_despesa":"Pessoal e Encargos Sociais","modalidade_despesa":"Aplica\u00e7\u00f5es Diretas","elemento_despesa":"Vencimentos e Vantagens Fixas - Pessoal Civil","sub_elem_desp":"SEM SUBELEMENTO","fonte_recurso":"Recursos do Exerc\u00edcio Corrente \/ Outros Recursos n\u00e3o Vinculados \/ -"},{"ano_emissao_emp":"2023","n_emp":"0000001","data_emissao":"19\/01\/2023","valor":"68.310,00","tipo_empenho":"Ordin\u00e1rio","hist_emp":"Referente a folha de pagamento normal do m\u00eas de janeiro de 2023","fornecedor":"FOLHA DE PAGAMENTO","denom_uni_orc":"C\u00c2MARA MUNICIPAL","funcao":"Legislativa","sub_funcao":"A\u00e7\u00e3o Legislativa","programa":"ATUA\u00c7\u00c3O LEGISLATIVA E APOIO ADMINISTRATIVO AS A\u00c7\u00d5ES DA C\u00c2MARA","acao":"Parcelamento de D\u00e9bitos Fiscais com os Governos Estadual e Federal","ident_acao":"Atividade","cat_econ":"Despesa Corrente","natureza_despesa":"Pessoal e Encargos Sociais","modalidade_despesa":"Aplica\u00e7\u00f5es Diretas","elemento_despesa":"Vencimentos e Vantagens Fixas - Pessoal Civil","sub_elem_desp":"SEM SUBELEMENTO","fonte_recurso":"Recursos do Exerc\u00edcio Corrente \/ Outros Recursos n\u00e3o Vinculados \/ -"},{"ano_emissao_emp":"2023","n_emp":"0000002","data_emissao":"19\/01\/2023","valor":"41.030,00","tipo_empenho":"Ordin\u00e1rio","hist_emp":"Referente a folha de pagamento normal do m\u00eas de janeiro de 2023","fornecedor":"FOLHA DE PAGAMENTO","denom_uni_orc":"C\u00c2MARA MUNICIPAL","funcao":"Legislativa","sub_funcao":"A\u00e7\u00e3o Legislativa","programa":"ATUA\u00c7\u00c3O LEGISLATIVA E APOIO ADMINISTRATIVO AS A\u00c7\u00d5ES DA C\u00c2MARA","acao":"Reequipamento da C\u00e2mara Municipal","ident_acao":"Atividade","cat_econ":"Despesa Corrente","natureza_despesa":"Pessoal e Encargos Sociais","modalidade_despesa":"Aplica\u00e7\u00f5es Diretas","elemento_despesa":"Vencimentos e Vantagens Fixas - Pessoal Civil","sub_elem_desp":"SEM SUBELEMENTO","fonte_recurso":"Recursos do Exerc\u00edcio Corrente \/ Outros Recursos n\u00e3o Vinculados \/ -"},{"ano_emissao_emp":"2023","n_emp":"0000002","data_emissao":"19\/01\/2023","valor":"41.030,00","tipo_empenho":"Ordin\u00e1rio","hist_emp":"Referente a folha de pagamento normal do m\u00eas de janeiro de 2023","fornecedor":"FOLHA DE PAGAMENTO","denom_uni_orc":"C\u00c2MARA MUNICIPAL","funcao":"Legislativa","sub_funcao":"A\u00e7\u00e3o Legislativa","programa":"ATUA\u00c7\u00c3O LEGISLATIVA E APOIO ADMINISTRATIVO AS A\u00c7\u00d5ES DA C\u00c2MARA","acao":"Manuten\u00e7\u00e3o das Atividades Administrativas","ident_acao":"Atividade","cat_econ":"Despesa Corrente","natureza_despesa":"Pessoal e Encargos Sociais","modalidade_despesa":"Aplica\u00e7\u00f5es Diretas","elemento_despesa":"Vencimentos e Vantagens Fixas - Pessoal Civil","sub_elem_desp":"SEM SUBELEMENTO","fonte_recurso":"Recursos do Exerc\u00edcio Corrente \/ Outros Recursos n\u00e3o Vinculados \/ -"},{"ano_emissao_emp":"2023","n_emp":"0000002","data_emissao":"19\/01\/2023","valor":"41.030,00","tipo_empenho":"Ordin\u00e1rio","hist_emp":"Referente a folha de pagamento normal do m\u00eas de janeiro de 2023","fornecedor":"FOLHA DE PAGAMENTO","denom_uni_orc":"C\u00c2MARA MUNICIPAL","funcao":"Legislativa","sub_funcao":"A\u00e7\u00e3o Legislativa","programa":"ATUA\u00c7\u00c3O LEGISLATIVA E APOIO ADMINISTRATIVO AS A\u00c7\u00d5ES DA C\u00c2MARA","acao":"Parcelamento de D\u00e9bitos, Exceto parcelamentos celebrados com Entidades","ident_acao":"Atividade","cat_econ":"Despesa Corrente","natureza_despesa":"Pessoal e Encargos Sociais","modalidade_despesa":"Aplica\u00e7\u00f5es Diretas","elemento_despesa":"Vencimentos e Vantagens Fixas - Pessoal Civil","sub_elem_desp":"SEM SUBELEMENTO","fonte_recurso":"Recursos do Exerc\u00edcio Corrente \/ Outros Recursos n\u00e3o Vinculados \/ -"},{"ano_emissao_emp":"2023","n_emp":"0000003","data_emissao":"19\/01\/2023","valor":"2.490,00","tipo_empenho":"Ordin\u00e1rio","hist_emp":"Referente a folha de pagamento normal do m\u00eas de janeiro de 2023","fornecedor":"FOLHA DE PAGAMENTO","denom_uni_orc":"C\u00c2MARA MUNICIPAL","funcao":"Legislativa","sub_funcao":"A\u00e7\u00e3o Legislativa","programa":"ATUA\u00c7\u00c3O LEGISLATIVA E APOIO ADMINISTRATIVO AS A\u00c7\u00d5ES DA C\u00c2MARA","acao":"Apoio ao Conselho Municipal de Sa\u00fade Atrav\u00e9s de Despesas de Investimen","ident_acao":"Atividade","cat_econ":"Despesa Corrente","natureza_despesa":"Pessoal e Encargos Sociais","modalidade_despesa":"Aplica\u00e7\u00f5es Diretas","elemento_despesa":"Vencimentos e Vantagens Fixas - Pessoal Civil","sub_elem_desp":"SEM SUBELEMENTO","fonte_recurso":"Recursos do Exerc\u00edcio Corrente \/ Outros Recursos n\u00e3o Vinculados \/ -"},{"ano_emissao_emp":"2023","n_emp":"0000003","data_emissao":"19\/01\/2023","valor":"2.490,00","tipo_empenho":"Ordin\u00e1rio","hist_emp":"Referente a folha de pagamento normal do m\u00eas de janeiro de 2023","fornecedor":"FOLHA DE PAGAMENTO","denom_uni_orc":"C\u00c2MARA MUNICIPAL","funcao":"Legislativa","sub_funcao":"A\u00e7\u00e3o Legislativa","programa":"ATUA\u00c7\u00c3O LEGISLATIVA E APOIO ADMINISTRATIVO AS A\u00c7\u00d5ES DA C\u00c2MARA","acao":"Gest\u00e3o do Controle Interno","ident_acao":"Atividade","cat_econ":"Despesa Corrente","natureza_despesa":"Pessoal e Encargos Sociais","modalidade_despesa":"Aplica\u00e7\u00f5es Diretas","elemento_despesa":"Vencimentos e Vantagens Fixas - Pessoal Civil","sub_elem_desp":"SEM SUBELEMENTO","fonte_recurso":"Recursos do Exerc\u00edcio Corrente \/ Outros Recursos n\u00e3o Vinculados \/ -"},{"ano_emissao_emp":"2023","n_emp":"0000003","data_emissao":"19\/01\/2023","valor":"2.490,00","tipo_empenho":"Ordin\u00e1rio","hist_emp":"Referente a folha de pagamento normal do m\u00eas de janeiro de 2023","fornecedor":"FOLHA DE PAGAMENTO","denom_uni_orc":"C\u00c2MARA MUNICIPAL","funcao":"Legislativa","sub_funcao":"A\u00e7\u00e3o Legislativa","programa":"ATUA\u00c7\u00c3O LEGISLATIVA E APOIO ADMINISTRATIVO AS A\u00c7\u00d5ES DA C\u00c2MARA","acao":"Indeniza\u00e7\u00f5es e Restitui\u00e7\u00f5es Diversas","ident_acao":"Atividade","cat_econ":"Despesa Corrente","natureza_despesa":"Pessoal e Encargos Sociais","modalidade_despesa":"Aplica\u00e7\u00f5es Diretas","elemento_despesa":"Vencimentos e Vantagens Fixas - Pessoal Civil","sub_elem_desp":"SEM SUBELEMENTO","fonte_recurso":"Recursos do Exerc\u00edcio Corrente \/ Outros Recursos n\u00e3o Vinculados \/ -"},{"ano_emissao_emp":"2023","n_emp":"0000004","data_emissao":"19\/01\/2023","valor":"12.000,00","tipo_empenho":"Estimativo","hist_emp":"EMPENHO REFERE-SE A COTA PARA O EXERC\u00cdCIO DA ATIVIDADE PARLAMENTAR MUNICIPAL - CEAPM, NA C\u00c2MARA MUNICIPAL DE FREI MIGUELINHO, CONFORME LEI 585 DE 21 DE FEVEREIRO 2022","fornecedor":"MIGUEL FARIAS DE AGUIAR","denom_uni_orc":"C\u00c2MARA MUNICIPAL","funcao":"Legislativa","sub_funcao":"A\u00e7\u00e3o Legislativa","programa":"ATUA\u00c7\u00c3O LEGISLATIVA E APOIO ADMINISTRATIVO AS A\u00c7\u00d5ES DA C\u00c2MARA","acao":"Amplia\u00e7\u00e3o e Restaura\u00e7\u00e3o do Pr\u00e9dio da C\u00e2mara","ident_acao":"Atividade","cat_econ":"Despesa Corrente","natureza_despesa":"Outras Despesas Correntes","modalidade_despesa":"Aplica\u00e7\u00f5es Diretas","elemento_despesa":"Indeniza\u00e7\u00f5es e Restitui\u00e7\u00f5es","sub_elem_desp":"SEM SUBELEMENTO","fonte_recurso":"Recursos do Exerc\u00edcio Corrente \/ Outros Recursos n\u00e3o Vinculados \/ -"},{"ano_emissao_emp":"2023","n_emp":"0000004","data_emissao":"19\/01\/2023","valor":"12.000,00","tipo_empenho":"Estimativo","hist_emp":"EMPENHO REFERE-SE A COTA PARA O EXERC\u00cdCIO DA ATIVIDADE PARLAMENTAR MUNICIPAL - CEAPM, NA C\u00c2MARA MUNICIPAL DE FREI MIGUELINHO, CONFORME LEI 585 DE 21 DE FEVEREIRO 2022","fornecedor":"MIGUEL FARIAS DE AGUIAR","denom_uni_orc":"C\u00c2MARA MUNICIPAL","funcao":"Legislativa","sub_funcao":"A\u00e7\u00e3o Legislativa","programa":"ATUA\u00c7\u00c3O LEGISLATIVA E APOIO ADMINISTRATIVO AS A\u00c7\u00d5ES DA C\u00c2MARA","acao":"Manuten\u00e7\u00e3o das Atividades Legislativas","ident_acao":"Atividade","cat_econ":"Despesa Corrente","natureza_despesa":"Outras Despesas Correntes","modalidade_despesa":"Aplica\u00e7\u00f5es Diretas","elemento_despesa":"Indeniza\u00e7\u00f5es e Restitui\u00e7\u00f5es","sub_elem_desp":"SEM SUBELEMENTO","fonte_recurso":"Recursos do Exerc\u00edcio Corrente \/ Outros Recursos n\u00e3o Vinculados \/ -"},{"ano_emissao_emp":"2023","n_emp":"0000004","data_emissao":"19\/01\/2023","valor":"12.000,00","tipo_empenho":"Estimativo","hist_emp":"EMPENHO REFERE-SE A COTA PARA O EXERC\u00cdCIO DA ATIVIDADE PARLAMENTAR MUNICIPAL - CEAPM, NA C\u00c2MARA MUNICIPAL DE FREI MIGUELINHO, CONFORME LEI 585 DE 21 DE FEVEREIRO 2022","fornecedor":"MIGUEL FARIAS DE AGUIAR","denom_uni_orc":"C\u00c2MARA MUNICIPAL","funcao":"Legislativa","sub_funcao":"A\u00e7\u00e3o Legislativa","programa":"ATUA\u00c7\u00c3O LEGISLATIVA E APOIO ADMINISTRATIVO AS A\u00c7\u00d5ES DA C\u00c2MARA","acao":"Parcelamento de D\u00e9bitos Fiscais com os Governos Estadual e Federal","ident_acao":"Atividade","cat_econ":"Despesa Corrente","natureza_despesa":"Outras Despesas Correntes","modalidade_despesa":"Aplica\u00e7\u00f5es Diretas","elemento_despesa":"Indeniza\u00e7\u00f5es e Restitui\u00e7\u00f5es","sub_elem_desp":"SEM SUBELEMENTO","fonte_recurso":"Recursos do Exerc\u00edcio Corrente \/ Outros Recursos n\u00e3o Vinculados \/ -"},{"ano_emissao_emp":"2023","n_emp":"0000005","data_emissao":"19\/01\/2023","valor":"24.000,00","tipo_empenho":"Estimativo","hist_emp":"EMPENHO REFERE-SE A COTA PARA O EXERC\u00cdCIO DA ATIVIDADE PARLAMENTAR MUNICIPAL - CEAPM, NA C\u00c2MARA MUNICIPAL DE FREI MIGUELINHO, CONFORME LEI 585 DE 21 DE FEVEREIRO DE 2022.","fornecedor":"JOSE SEVERINO DOS SANTOS NETO","denom_uni_orc":"C\u00c2MARA MUNICIPAL","funcao":"Legislativa","sub_funcao":"A\u00e7\u00e3o Legislativa","programa":"ATUA\u00c7\u00c3O LEGISLATIVA E APOIO ADMINISTRATIVO AS A\u00c7\u00d5ES DA C\u00c2MARA","acao":"Amplia\u00e7\u00e3o e Restaura\u00e7\u00e3o do Pr\u00e9dio da C\u00e2mara","ident_acao":"Atividade","cat_econ":"Despesa Corrente","natureza_despesa":"Outras Despesas Correntes","modalidade_despesa":"Aplica\u00e7\u00f5es Diretas","elemento_despesa":"Indeniza\u00e7\u00f5es e Restitui\u00e7\u00f5es","sub_elem_desp":"SEM SUBELEMENTO","fonte_recurso":"Recursos do Exerc\u00edcio Corrente \/ Outros Recursos n\u00e3o Vinculados \/ -"},{"ano_emissao_emp":"2023","n_emp":"0000005","data_emissao":"19\/01\/2023","valor":"24.000,00","tipo_empenho":"Estimativo","hist_emp":"EMPENHO REFERE-SE A COTA PARA O EXERC\u00cdCIO DA ATIVIDADE PARLAMENTAR MUNICIPAL - CEAPM, NA C\u00c2MARA MUNICIPAL DE FREI MIGUELINHO, CONFORME LEI 585 DE 21 DE FEVEREIRO DE 2022.","fornecedor":"JOSE SEVERINO DOS SANTOS NETO","denom_uni_orc":"C\u00c2MARA MUNICIPAL","funcao":"Legislativa","sub_funcao":"A\u00e7\u00e3o Legislativa","programa":"ATUA\u00c7\u00c3O LEGISLATIVA E APOIO ADMINISTRATIVO AS A\u00c7\u00d5ES DA C\u00c2MARA","acao":"Manuten\u00e7\u00e3o das Atividades Legislativas","ident_acao":"Atividade","cat_econ":"Despesa Corrente","natureza_despesa":"Outras Despesas Correntes","modalidade_despesa":"Aplica\u00e7\u00f5es Diretas","elemento_despesa":"Indeniza\u00e7\u00f5es e Restitui\u00e7\u00f5es","sub_elem_desp":"SEM SUBELEMENTO","fonte_recurso":"Recursos do Exerc\u00edcio Corrente \/ Outros Recursos n\u00e3o Vinculados \/ -"},{"ano_emissao_emp":"2023","n_emp":"0000005","data_emissao":"19\/01\/2023","valor":"24.000,00","tipo_empenho":"Estimativo","hist_emp":"EMPENHO REFERE-SE A COTA PARA O EXERC\u00cdCIO DA ATIVIDADE PARLAMENTAR MUNICIPAL - CEAPM, NA C\u00c2MARA MUNICIPAL DE FREI MIGUELINHO, CONFORME LEI 585 DE 21 DE FEVEREIRO DE 2022.","fornecedor":"JOSE SEVERINO DOS SANTOS NETO","denom_uni_orc":"C\u00c2MARA MUNICIPAL","funcao":"Legislativa","sub_funcao":"A\u00e7\u00e3o Legislativa","programa":"ATUA\u00c7\u00c3O LEGISLATIVA E APOIO ADMINISTRATIVO AS A\u00c7\u00d5ES DA C\u00c2MARA","acao":"Parcelamento de D\u00e9bitos Fiscais com os Governos Estadual e Federal","ident_acao":"Atividade","cat_econ":"Despesa Corrente","natureza_despesa":"Outras Despesas Correntes","modalidade_despesa":"Aplica\u00e7\u00f5es Diretas","elemento_despesa":"Indeniza\u00e7\u00f5es e Restitui\u00e7\u00f5es","sub_elem_desp":"SEM SUBELEMENTO","fonte_recurso":"Recursos do Exerc\u00edcio Corrente \/ Outros Recursos n\u00e3o Vinculados \/ -"},{"ano_emissao_emp":"2023","n_emp":"0000006","data_emissao":"19\/01\/2023","valor":"12.000,00","tipo_empenho":"Estimativo","hist_emp":"EMPENHO REFERE-SE A COTA PARA O EXERC\u00cdCIO DA ATIVIDADE PARLAMENTAR MUNICIPAL - CEAPM, NA C\u00c2MARA MUNICIPAL DE FREI MIGUELINHO, CONFORME LEI 585 DE 21 DE FEVEREIRO DE 2022.","fornecedor":"MARIA NATALIA DA SILVA","denom_uni_orc":"C\u00c2MARA MUNICIPAL","funcao":"Legislativa","sub_funcao":"A\u00e7\u00e3o Legislativa","programa":"ATUA\u00c7\u00c3O LEGISLATIVA E APOIO ADMINISTRATIVO AS A\u00c7\u00d5ES DA C\u00c2MARA","acao":"Amplia\u00e7\u00e3o e Restaura\u00e7\u00e3o do Pr\u00e9dio da C\u00e2mara","ident_acao":"Atividade","cat_econ":"Despesa Corrente","natureza_despesa":"Outras Despesas Correntes","modalidade_despesa":"Aplica\u00e7\u00f5es Diretas","elemento_despesa":"Indeniza\u00e7\u00f5es e Restitui\u00e7\u00f5es","sub_elem_desp":"SEM SUBELEMENTO","fonte_recurso":"Recursos do Exerc\u00edcio Corrente \/ Outros Recursos n\u00e3o Vinculados \/ -"},{"ano_emissao_emp":"2023","n_emp":"0000006","data_emissao":"19\/01\/2023","valor":"12.000,00","tipo_empenho":"Estimativo","hist_emp":"EMPENHO REFERE-SE A COTA PARA O EXERC\u00cdCIO DA ATIVIDADE PARLAMENTAR MUNICIPAL - CEAPM, NA C\u00c2MARA MUNICIPAL DE FREI MIGUELINHO, CONFORME LEI 585 DE 21 DE FEVEREIRO DE 2022.","fornecedor":"MARIA NATALIA DA SILVA","denom_uni_orc":"C\u00c2MARA MUNICIPAL","funcao":"Legislativa","sub_funcao":"A\u00e7\u00e3o Legislativa","programa":"ATUA\u00c7\u00c3O LEGISLATIVA E APOIO ADMINISTRATIVO AS A\u00c7\u00d5ES DA C\u00c2MARA","acao":"Manuten\u00e7\u00e3o das Atividades Legislativas","ident_acao":"Atividade","cat_econ":"Despesa Corrente","natureza_despesa":"Outras Despesas Correntes","modalidade_despesa":"Aplica\u00e7\u00f5es Diretas","elemento_despesa":"Indeniza\u00e7\u00f5es e Restitui\u00e7\u00f5es","sub_elem_desp":"SEM SUBELEMENTO","fonte_recurso":"Recursos do Exerc\u00edcio Corrente \/ Outros Recursos n\u00e3o Vinculados \/ -"},{"ano_emissao_emp":"2023","n_emp":"0000006","data_emissao":"19\/01\/2023","valor":"12.000,00","tipo_empenho":"Estimativo","hist_emp":"EMPENHO REFERE-SE A COTA PARA O EXERC\u00cdCIO DA ATIVIDADE PARLAMENTAR MUNICIPAL - CEAPM, NA C\u00c2MARA MUNICIPAL DE FREI MIGUELINHO, CONFORME LEI 585 DE 21 DE FEVEREIRO DE 2022.","fornecedor":"MARIA NATALIA DA SILVA","denom_uni_orc":"C\u00c2MARA MUNICIPAL","funcao":"Legislativa","sub_funcao":"A\u00e7\u00e3o Legislativa","programa":"ATUA\u00c7\u00c3O LEGISLATIVA E APOIO ADMINISTRATIVO AS A\u00c7\u00d5ES DA C\u00c2MARA","acao":"Parcelamento de D\u00e9bitos Fiscais com os Governos Estadual e Federal","ident_acao":"Atividade","cat_econ":"Despesa Corrente","natureza_despesa":"Outras Despesas Correntes","modalidade_despesa":"Aplica\u00e7\u00f5es Diretas","elemento_despesa":"Indeniza\u00e7\u00f5es e Restitui\u00e7\u00f5es","sub_elem_desp":"SEM SUBELEMENTO","fonte_recurso":"Recursos do Exerc\u00edcio Corrente \/ Outros Recursos n\u00e3o Vinculados \/ -"},{"ano_emissao_emp":"2023","n_emp":"0000007","data_emissao":"19\/01\/2023","valor":"12.000,00","tipo_empenho":"Estimativo","hist_emp":"EMPENHO REFERE-SE A COTA PARA O EXERC\u00cdCIO DA ATIVIDADE PARLAMENTAR MUNICIPAL - CEAPM, NA C\u00c2MARA MUNICIPAL DE FREI MIGUELINHO, CONFORME LEI 585 DE 21 DE FEVEREIRO DE 2022.","fornecedor":"WILILIAM ARRUDA DE LIMA","denom_uni_orc":"C\u00c2MARA MUNICIPAL","funcao":"Legislativa","sub_funcao":"A\u00e7\u00e3o Legislativa","programa":"ATUA\u00c7\u00c3O LEGISLATIVA E APOIO ADMINISTRATIVO AS A\u00c7\u00d5ES DA C\u00c2MARA","acao":"Amplia\u00e7\u00e3o e Restaura\u00e7\u00e3o do Pr\u00e9dio da C\u00e2mara","ident_acao":"Atividade","cat_econ":"Despesa Corrente","natureza_despesa":"Outras Despesas Correntes","modalidade_despesa":"Aplica\u00e7\u00f5es Diretas","elemento_despesa":"Indeniza\u00e7\u00f5es e Restitui\u00e7\u00f5es","sub_elem_desp":"SEM SUBELEMENTO","fonte_recurso":"Recursos do Exerc\u00edcio Corrente \/ Outros Recursos n\u00e3o Vinculados \/ -"},{"ano_emissao_emp":"2023","n_emp":"0000007","data_emissao":"19\/01\/2023","valor":"12.000,00","tipo_empenho":"Estimativo","hist_emp":"EMPENHO REFERE-SE A COTA PARA O EXERC\u00cdCIO DA ATIVIDADE PARLAMENTAR MUNICIPAL - CEAPM, NA C\u00c2MARA MUNICIPAL DE FREI MIGUELINHO, CONFORME LEI 585 DE 21 DE FEVEREIRO DE 2022.","fornecedor":"WILILIAM ARRUDA DE LIMA","denom_uni_orc":"C\u00c2MARA MUNICIPAL","funcao":"Legislativa","sub_funcao":"A\u00e7\u00e3o Legislativa","programa":"ATUA\u00c7\u00c3O LEGISLATIVA E APOIO ADMINISTRATIVO AS A\u00c7\u00d5ES DA C\u00c2MARA","acao":"Manuten\u00e7\u00e3o das Atividades Legislativas","ident_acao":"Atividade","cat_econ":"Despesa Corrente","natureza_despesa":"Outras Despesas Correntes","modalidade_despesa":"Aplica\u00e7\u00f5es Diretas","elemento_despesa":"Indeniza\u00e7\u00f5es e Restitui\u00e7\u00f5es","sub_elem_desp":"SEM SUBELEMENTO","fonte_recurso":"Recursos do Exerc\u00edcio Corrente \/ Outros Recursos n\u00e3o Vinculados \/ -"},{"ano_emissao_emp":"2023","n_emp":"0000007","data_emissao":"19\/01\/2023","valor":"12.000,00","tipo_empenho":"Estimativo","hist_emp":"EMPENHO REFERE-SE A COTA PARA O EXERC\u00cdCIO DA ATIVIDADE PARLAMENTAR MUNICIPAL - CEAPM, NA C\u00c2MARA MUNICIPAL DE FREI MIGUELINHO, CONFORME LEI 585 DE 21 DE FEVEREIRO DE 2022.","fornecedor":"WILILIAM ARRUDA DE LIMA","denom_uni_orc":"C\u00c2MARA MUNICIPAL","funcao":"Legislativa","sub_funcao":"A\u00e7\u00e3o Legislativa","programa":"ATUA\u00c7\u00c3O LEGISLATIVA E APOIO ADMINISTRATIVO AS A\u00c7\u00d5ES DA C\u00c2MARA","acao":"Parcelamento de D\u00e9bitos Fiscais com os Governos Estadual e Federal","ident_acao":"Atividade","cat_econ":"Despesa Corrente","natureza_despesa":"Outras Despesas Correntes","modalidade_despesa":"Aplica\u00e7\u00f5es Diretas","elemento_despesa":"Indeniza\u00e7\u00f5es e Restitui\u00e7\u00f5es","sub_elem_desp":"SEM SUBELEMENTO","fonte_recurso":"Recursos do Exerc\u00edcio Corrente \/ Outros Recursos n\u00e3o Vinculados \/ -"},{"ano_emissao_emp":"2023","n_emp":"0000008","data_emissao":"19\/01\/2023","valor":"15.840,00","tipo_empenho":"Global","hist_emp":"EMPRENHO REFERE-SE AO SERVI\u00c7O DE LIMPEZA E CONSERVA\u00c7\u00c3O DA CAMARA MUNICIPAL DE FREI MIGUELINHO PARA O ANO DE 2023. CONFORME RENOVA\u00c7\u00c3O DO CONTRATO NUMERO 3\/2021","fornecedor":"FOLHA DE PAGAMENTO","denom_uni_orc":"C\u00c2MARA MUNICIPAL","funcao":"Legislativa","sub_funcao":"A\u00e7\u00e3o Legislativa","programa":"ATUA\u00c7\u00c3O LEGISLATIVA E APOIO ADMINISTRATIVO AS A\u00c7\u00d5ES DA C\u00c2MARA","acao":"Reequipamento da C\u00e2mara Municipal","ident_acao":"Atividade","cat_econ":"Despesa Corrente","natureza_despesa":"Pessoal e Encargos Sociais","modalidade_despesa":"Aplica\u00e7\u00f5es Diretas","elemento_despesa":"Vencimentos e Vantagens Fixas - Pessoal Civil","sub_elem_desp":"SEM SUBELEMENTO","fonte_recurso":"Recursos do Exerc\u00edcio Corrente \/ Outros Recursos n\u00e3o Vinculados \/ -"},{"ano_emissao_emp":"2023","n_emp":"0000008","data_emissao":"19\/01\/2023","valor":"15.840,00","tipo_empenho":"Global","hist_emp":"EMPRENHO REFERE-SE AO SERVI\u00c7O DE LIMPEZA E CONSERVA\u00c7\u00c3O DA CAMARA MUNICIPAL DE FREI MIGUELINHO PARA O ANO DE 2023. CONFORME RENOVA\u00c7\u00c3O DO CONTRATO NUMERO 3\/2021","fornecedor":"FOLHA DE PAGAMENTO","denom_uni_orc":"C\u00c2MARA MUNICIPAL","funcao":"Legislativa","sub_funcao":"A\u00e7\u00e3o Legislativa","programa":"ATUA\u00c7\u00c3O LEGISLATIVA E APOIO ADMINISTRATIVO AS A\u00c7\u00d5ES DA C\u00c2MARA","acao":"Manuten\u00e7\u00e3o das Atividades Administrativas","ident_acao":"Atividade","cat_econ":"Despesa Corrente","natureza_despesa":"Pessoal e Encargos Sociais","modalidade_despesa":"Aplica\u00e7\u00f5es Diretas","elemento_despesa":"Vencimentos e Vantagens Fixas - Pessoal Civil","sub_elem_desp":"SEM SUBELEMENTO","fonte_recurso":"Recursos do Exerc\u00edcio Corrente \/ Outros Recursos n\u00e3o Vinculados \/ -"},{"ano_emissao_emp":"2023","n_emp":"0000008","data_emissao":"19\/01\/2023","valor":"15.840,00","tipo_empenho":"Global","hist_emp":"EMPRENHO REFERE-SE AO SERVI\u00c7O DE LIMPEZA E CONSERVA\u00c7\u00c3O DA CAMARA MUNICIPAL DE FREI MIGUELINHO PARA O ANO DE 2023. CONFORME RENOVA\u00c7\u00c3O DO CONTRATO NUMERO 3\/2021","fornecedor":"FOLHA DE PAGAMENTO","denom_uni_orc":"C\u00c2MARA MUNICIPAL","funcao":"Legislativa","sub_funcao":"A\u00e7\u00e3o Legislativa","programa":"ATUA\u00c7\u00c3O LEGISLATIVA E APOIO ADMINISTRATIVO AS A\u00c7\u00d5ES DA C\u00c2MARA","acao":"Parcelamento de D\u00e9bitos, Exceto parcelamentos celebrados com Entidades","ident_acao":"Atividade","cat_econ":"Despesa Corrente","natureza_despesa":"Pessoal e Encargos Sociais","modalidade_despesa":"Aplica\u00e7\u00f5es Diretas","elemento_despesa":"Vencimentos e Vantagens Fixas - Pessoal Civil","sub_elem_desp":"SEM SUBELEMENTO","fonte_recurso":"Recursos do Exerc\u00edcio Corrente \/ Outros Recursos n\u00e3o Vinculados \/ -"},{"ano_emissao_emp":"2023","n_emp":"0000009","data_emissao":"19\/01\/2023","valor":"1.000,00","tipo_empenho":"Estimativo","hist_emp":"EMPENHO REFERE-SE A COTA PARA O EXERC\u00cdCIO DA ATIVIDADE PARLAMENTAR MUNICIPAL - CEAPM, NA C\u00c2MARA MUNICIPAL DE FREI MIGUELINHO, CONFORME LEI 585 DE 21 DE FEVEREIRO DE 2022.","fornecedor":"JOSE EMERSON MEDEIROS DE LUCENA","denom_uni_orc":"C\u00c2MARA MUNICIPAL","funcao":"Legislativa","sub_funcao":"A\u00e7\u00e3o Legislativa","programa":"ATUA\u00c7\u00c3O LEGISLATIVA E APOIO ADMINISTRATIVO AS A\u00c7\u00d5ES DA C\u00c2MARA","acao":"Amplia\u00e7\u00e3o e Restaura\u00e7\u00e3o do Pr\u00e9dio da C\u00e2mara","ident_acao":"Atividade","cat_econ":"Despesa Corrente","natureza_despesa":"Outras Despesas Correntes","modalidade_despesa":"Aplica\u00e7\u00f5es Diretas","elemento_despesa":"Indeniza\u00e7\u00f5es e Restitui\u00e7\u00f5es","sub_elem_desp":"SEM SUBELEMENTO","fonte_recurso":"Recursos do Exerc\u00edcio Corrente \/ Outros Recursos n\u00e3o Vinculados \/ -"},{"ano_emissao_emp":"2023","n_emp":"0000009","data_emissao":"19\/01\/2023","valor":"1.000,00","tipo_empenho":"Estimativo","hist_emp":"EMPENHO REFERE-SE A COTA PARA O EXERC\u00cdCIO DA ATIVIDADE PARLAMENTAR MUNICIPAL - CEAPM, NA C\u00c2MARA MUNICIPAL DE FREI MIGUELINHO, CONFORME LEI 585 DE 21 DE FEVEREIRO DE 2022.","fornecedor":"JOSE EMERSON MEDEIROS DE LUCENA","denom_uni_orc":"C\u00c2MARA MUNICIPAL","funcao":"Legislativa","sub_funcao":"A\u00e7\u00e3o Legislativa","programa":"ATUA\u00c7\u00c3O LEGISLATIVA E APOIO ADMINISTRATIVO AS A\u00c7\u00d5ES DA C\u00c2MARA","acao":"Manuten\u00e7\u00e3o das Atividades Legislativas","ident_acao":"Atividade","cat_econ":"Despesa Corrente","natureza_despesa":"Outras Despesas Correntes","modalidade_despesa":"Aplica\u00e7\u00f5es Diretas","elemento_despesa":"Indeniza\u00e7\u00f5es e Restitui\u00e7\u00f5es","sub_elem_desp":"SEM SUBELEMENTO","fonte_recurso":"Recursos do Exerc\u00edcio Corrente \/ Outros Recursos n\u00e3o Vinculados \/ -"},{"ano_emissao_emp":"2023","n_emp":"0000009","data_emissao":"19\/01\/2023","valor":"1.000,00","tipo_empenho":"Estimativo","hist_emp":"EMPENHO REFERE-SE A COTA PARA O EXERC\u00cdCIO DA ATIVIDADE PARLAMENTAR MUNICIPAL - CEAPM, NA C\u00c2MARA MUNICIPAL DE FREI MIGUELINHO, CONFORME LEI 585 DE 21 DE FEVEREIRO DE 2022.","fornecedor":"JOSE EMERSON MEDEIROS DE LUCENA","denom_uni_orc":"C\u00c2MARA MUNICIPAL","funcao":"Legislativa","sub_funcao":"A\u00e7\u00e3o Legislativa","programa":"ATUA\u00c7\u00c3O LEGISLATIVA E APOIO ADMINISTRATIVO AS A\u00c7\u00d5ES DA C\u00c2MARA","acao":"Parcelamento de D\u00e9bitos Fiscais com os Governos Estadual e Federal","ident_acao":"Atividade","cat_econ":"Despesa Corrente","natureza_despesa":"Outras Despesas Correntes","modalidade_despesa":"Aplica\u00e7\u00f5es Diretas","elemento_despesa":"Indeniza\u00e7\u00f5es e Restitui\u00e7\u00f5es","sub_elem_desp":"SEM SUBELEMENTO","fonte_recurso":"Recursos do Exerc\u00edcio Corrente \/ Outros Recursos n\u00e3o Vinculados \/ -"},{"ano_emissao_emp":"2023","n_emp":"0000010","data_emissao":"19\/01\/2023","valor":"12.000,00","tipo_empenho":"Estimativo","hist_emp":"EMPENHO REFERE-SE A COTA PARA O EXERC\u00cdCIO DA ATIVIDADE PARLAMENTAR MUNICIPAL - CEAPM, NA C\u00c2MARA MUNICIPAL DE FREI MIGUELINHO, CONFORME LEI 585 DE 21 DE FEVEREIRO DE 2022.","fornecedor":"ANTONIO FERNADES DE LIMA","denom_uni_orc":"C\u00c2MARA MUNICIPAL","funcao":"Legislativa","sub_funcao":"A\u00e7\u00e3o Legislativa","programa":"ATUA\u00c7\u00c3O LEGISLATIVA E APOIO ADMINISTRATIVO AS A\u00c7\u00d5ES DA C\u00c2MARA","acao":"Amplia\u00e7\u00e3o e Restaura\u00e7\u00e3o do Pr\u00e9dio da C\u00e2mara","ident_acao":"Atividade","cat_econ":"Despesa Corrente","natureza_despesa":"Outras Despesas Correntes","modalidade_despesa":"Aplica\u00e7\u00f5es Diretas","elemento_despesa":"Indeniza\u00e7\u00f5es e Restitui\u00e7\u00f5es","sub_elem_desp":"SEM SUBELEMENTO","fonte_recurso":"Recursos do Exerc\u00edcio Corrente \/ Outros Recursos n\u00e3o Vinculados \/ -"},{"ano_emissao_emp":"2023","n_emp":"0000010","data_emissao":"19\/01\/2023","valor":"12.000,00","tipo_empenho":"Estimativo","hist_emp":"EMPENHO REFERE-SE A COTA PARA O EXERC\u00cdCIO DA ATIVIDADE PARLAMENTAR MUNICIPAL - CEAPM, NA C\u00c2MARA MUNICIPAL DE FREI MIGUELINHO, CONFORME LEI 585 DE 21 DE FEVEREIRO DE 2022.","fornecedor":"ANTONIO FERNADES DE LIMA","denom_uni_orc":"C\u00c2MARA MUNICIPAL","funcao":"Legislativa","sub_funcao":"A\u00e7\u00e3o Legislativa","programa":"ATUA\u00c7\u00c3O LEGISLATIVA E APOIO ADMINISTRATIVO AS A\u00c7\u00d5ES DA C\u00c2MARA","acao":"Manuten\u00e7\u00e3o das Atividades Legislativas","ident_acao":"Atividade","cat_econ":"Despesa Corrente","natureza_despesa":"Outras Despesas Correntes","modalidade_despesa":"Aplica\u00e7\u00f5es Diretas","elemento_despesa":"Indeniza\u00e7\u00f5es e Restitui\u00e7\u00f5es","sub_elem_desp":"SEM SUBELEMENTO","fonte_recurso":"Recursos do Exerc\u00edcio Corrente \/ Outros Recursos n\u00e3o Vinculados \/ -"},{"ano_emissao_emp":"2023","n_emp":"0000010","data_emissao":"19\/01\/2023","valor":"12.000,00","tipo_empenho":"Estimativo","hist_emp":"EMPENHO REFERE-SE A COTA PARA O EXERC\u00cdCIO DA ATIVIDADE PARLAMENTAR MUNICIPAL - CEAPM, NA C\u00c2MARA MUNICIPAL DE FREI MIGUELINHO, CONFORME LEI 585 DE 21 DE FEVEREIRO DE 2022.","fornecedor":"ANTONIO FERNADES DE LIMA","denom_uni_orc":"C\u00c2MARA MUNICIPAL","funcao":"Legislativa","sub_funcao":"A\u00e7\u00e3o Legislativa","programa":"ATUA\u00c7\u00c3O LEGISLATIVA E APOIO ADMINISTRATIVO AS A\u00c7\u00d5ES DA C\u00c2MARA","acao":"Parcelamento de D\u00e9bitos Fiscais com os Governos Estadual e Federal","ident_acao":"Atividade","cat_econ":"Despesa Corrente","natureza_despesa":"Outras Despesas Correntes","modalidade_despesa":"Aplica\u00e7\u00f5es Diretas","elemento_despesa":"Indeniza\u00e7\u00f5es e Restitui\u00e7\u00f5es","sub_elem_desp":"SEM SUBELEMENTO","fonte_recurso":"Recursos do Exerc\u00edcio Corrente \/ Outros Recursos n\u00e3o Vinculados \/ -"},{"ano_emissao_emp":"2023","n_emp":"0000011","data_emissao":"19\/01\/2023","valor":"12.000,00","tipo_empenho":"Estimativo","hist_emp":"EMPENHO REFERE-SE A COTA PARA O EXERC\u00cdCIO DA ATIVIDADE PARLAMENTAR MUNICIPAL - CEAPM, NA C\u00c2MARA MUNICIPAL DE FREI MIGUELINHO, CONFORME LEI 585 DE 21 DE FEVEREIRO DE 2022.","fornecedor":"DEOCLECIO JOAO DE SOUZA","denom_uni_orc":"C\u00c2MARA MUNICIPAL","funcao":"Legislativa","sub_funcao":"A\u00e7\u00e3o Legislativa","programa":"ATUA\u00c7\u00c3O LEGISLATIVA E APOIO ADMINISTRATIVO AS A\u00c7\u00d5ES DA C\u00c2MARA","acao":"Amplia\u00e7\u00e3o e Restaura\u00e7\u00e3o do Pr\u00e9dio da C\u00e2mara","ident_acao":"Atividade","cat_econ":"Despesa Corrente","natureza_despesa":"Outras Despesas Correntes","modalidade_despesa":"Aplica\u00e7\u00f5es Diretas","elemento_despesa":"Indeniza\u00e7\u00f5es e Restitui\u00e7\u00f5es","sub_elem_desp":"SEM SUBELEMENTO","fonte_recurso":"Recursos do Exerc\u00edcio Corrente \/ Outros Recursos n\u00e3o Vinculados \/ -"},{"ano_emissao_emp":"2023","n_emp":"0000011","data_emissao":"19\/01\/2023","valor":"12.000,00","tipo_empenho":"Estimativo","hist_emp":"EMPENHO REFERE-SE A COTA PARA O EXERC\u00cdCIO DA ATIVIDADE PARLAMENTAR MUNICIPAL - CEAPM, NA C\u00c2MARA MUNICIPAL DE FREI MIGUELINHO, CONFORME LEI 585 DE 21 DE FEVEREIRO DE 2022.","fornecedor":"DEOCLECIO JOAO DE SOUZA","denom_uni_orc":"C\u00c2MARA MUNICIPAL","funcao":"Legislativa","sub_funcao":"A\u00e7\u00e3o Legislativa","programa":"ATUA\u00c7\u00c3O LEGISLATIVA E APOIO ADMINISTRATIVO AS A\u00c7\u00d5ES DA C\u00c2MARA","acao":"Manuten\u00e7\u00e3o das Atividades Legislativas","ident_acao":"Atividade","cat_econ":"Despesa Corrente","natureza_despesa":"Outras Despesas Correntes","modalidade_despesa":"Aplica\u00e7\u00f5es Diretas","elemento_despesa":"Indeniza\u00e7\u00f5es e Restitui\u00e7\u00f5es","sub_elem_desp":"SEM SUBELEMENTO","fonte_recurso":"Recursos do Exerc\u00edcio Corrente \/ Outros Recursos n\u00e3o Vinculados \/ -"},{"ano_emissao_emp":"2023","n_emp":"0000011","data_emissao":"19\/01\/2023","valor":"12.000,00","tipo_empenho":"Estimativo","hist_emp":"EMPENHO REFERE-SE A COTA PARA O EXERC\u00cdCIO DA ATIVIDADE PARLAMENTAR MUNICIPAL - CEAPM, NA C\u00c2MARA MUNICIPAL DE FREI MIGUELINHO, CONFORME LEI 585 DE 21 DE FEVEREIRO DE 2022.","fornecedor":"DEOCLECIO JOAO DE SOUZA","denom_uni_orc":"C\u00c2MARA MUNICIPAL","funcao":"Legislativa","sub_funcao":"A\u00e7\u00e3o Legislativa","programa":"ATUA\u00c7\u00c3O LEGISLATIVA E APOIO ADMINISTRATIVO AS A\u00c7\u00d5ES DA C\u00c2MARA","acao":"Parcelamento de D\u00e9bitos Fiscais com os Governos Estadual e Federal","ident_acao":"Atividade","cat_econ":"Despesa Corrente","natureza_despesa":"Outras Despesas Correntes","modalidade_despesa":"Aplica\u00e7\u00f5es Diretas","elemento_despesa":"Indeniza\u00e7\u00f5es e Restitui\u00e7\u00f5es","sub_elem_desp":"SEM SUBELEMENTO","fonte_recurso":"Recursos do Exerc\u00edcio Corrente \/ Outros Recursos n\u00e3o Vinculados \/ -"},{"ano_emissao_emp":"2023","n_emp":"0000012","data_emissao":"19\/01\/2023","valor":"12.000,00","tipo_empenho":"Estimativo","hist_emp":"EMPENHO REFERE-SE A COTA PARA O EXERC\u00cdCIO DA ATIVIDADE PARLAMENTAR MUNICIPAL - CEAPM, NA C\u00c2MARA MUNICIPAL DE FREI MIGUELINHO, CONFORME LEI 585 DE 21 DE FEVEREIRO DE 2022.","fornecedor":"JOSE CARLOS MOROTO","denom_uni_orc":"C\u00c2MARA MUNICIPAL","funcao":"Legislativa","sub_funcao":"A\u00e7\u00e3o Legislativa","programa":"ATUA\u00c7\u00c3O LEGISLATIVA E APOIO ADMINISTRATIVO AS A\u00c7\u00d5ES DA C\u00c2MARA","acao":"Amplia\u00e7\u00e3o e Restaura\u00e7\u00e3o do Pr\u00e9dio da C\u00e2mara","ident_acao":"Atividade","cat_econ":"Despesa Corrente","natureza_despesa":"Outras Despesas Correntes","modalidade_despesa":"Aplica\u00e7\u00f5es Diretas","elemento_despesa":"Indeniza\u00e7\u00f5es e Restitui\u00e7\u00f5es","sub_elem_desp":"SEM SUBELEMENTO","fonte_recurso":"Recursos do Exerc\u00edcio Corrente \/ Outros Recursos n\u00e3o Vinculados \/ -"},{"ano_emissao_emp":"2023","n_emp":"0000012","data_emissao":"19\/01\/2023","valor":"12.000,00","tipo_empenho":"Estimativo","hist_emp":"EMPENHO REFERE-SE A COTA PARA O EXERC\u00cdCIO DA ATIVIDADE PARLAMENTAR MUNICIPAL - CEAPM, NA C\u00c2MARA MUNICIPAL DE FREI MIGUELINHO, CONFORME LEI 585 DE 21 DE FEVEREIRO DE 2022.","fornecedor":"JOSE CARLOS MOROTO","denom_uni_orc":"C\u00c2MARA MUNICIPAL","funcao":"Legislativa","sub_funcao":"A\u00e7\u00e3o Legislativa","programa":"ATUA\u00c7\u00c3O LEGISLATIVA E APOIO ADMINISTRATIVO AS A\u00c7\u00d5ES DA C\u00c2MARA","acao":"Manuten\u00e7\u00e3o das Atividades Legislativas","ident_acao":"Atividade","cat_econ":"Despesa Corrente","natureza_despesa":"Outras Despesas Correntes","modalidade_despesa":"Aplica\u00e7\u00f5es Diretas","elemento_despesa":"Indeniza\u00e7\u00f5es e Restitui\u00e7\u00f5es","sub_elem_desp":"SEM SUBELEMENTO","fonte_recurso":"Recursos do Exerc\u00edcio Corrente \/ Outros Recursos n\u00e3o Vinculados \/ -"},{"ano_emissao_emp":"2023","n_emp":"0000012","data_emissao":"19\/01\/2023","valor":"12.000,00","tipo_empenho":"Estimativo","hist_emp":"EMPENHO REFERE-SE A COTA PARA O EXERC\u00cdCIO DA ATIVIDADE PARLAMENTAR MUNICIPAL - CEAPM, NA C\u00c2MARA MUNICIPAL DE FREI MIGUELINHO, CONFORME LEI 585 DE 21 DE FEVEREIRO DE 2022.","fornecedor":"JOSE CARLOS MOROTO","denom_uni_orc":"C\u00c2MARA MUNICIPAL","funcao":"Legislativa","sub_funcao":"A\u00e7\u00e3o Legislativa","programa":"ATUA\u00c7\u00c3O LEGISLATIVA E APOIO ADMINISTRATIVO AS A\u00c7\u00d5ES DA C\u00c2MARA","acao":"Parcelamento de D\u00e9bitos Fiscais com os Governos Estadual e Federal","ident_acao":"Atividade","cat_econ":"Despesa Corrente","natureza_despesa":"Outras Despesas Correntes","modalidade_despesa":"Aplica\u00e7\u00f5es Diretas","elemento_despesa":"Indeniza\u00e7\u00f5es e Restitui\u00e7\u00f5es","sub_elem_desp":"SEM SUBELEMENTO","fonte_recurso":"Recursos do Exerc\u00edcio Corrente \/ Outros Recursos n\u00e3o Vinculados \/ -"},{"ano_emissao_emp":"2023","n_emp":"0000013","data_emissao":"19\/01\/2023","valor":"12.000,00","tipo_empenho":"Estimativo","hist_emp":"EMPENHO REFERE-SE A COTA PARA O EXERC\u00cdCIO DA ATIVIDADE PARLAMENTAR MUNICIPAL - CEAPM, NA C\u00c2MARA MUNICIPAL DE FREI MIGUELINHO, CONFORME LEI 585 DE 21 DE FEVEREIRO DE 2022.","fornecedor":"JOSE ANICETO DE LIMA","denom_uni_orc":"C\u00c2MARA MUNICIPAL","funcao":"Legislativa","sub_funcao":"A\u00e7\u00e3o Legislativa","programa":"ATUA\u00c7\u00c3O LEGISLATIVA E APOIO ADMINISTRATIVO AS A\u00c7\u00d5ES DA C\u00c2MARA","acao":"Amplia\u00e7\u00e3o e Restaura\u00e7\u00e3o do Pr\u00e9dio da C\u00e2mara","ident_acao":"Atividade","cat_econ":"Despesa Corrente","natureza_despesa":"Outras Despesas Correntes","modalidade_despesa":"Aplica\u00e7\u00f5es Diretas","elemento_despesa":"Indeniza\u00e7\u00f5es e Restitui\u00e7\u00f5es","sub_elem_desp":"SEM SUBELEMENTO","fonte_recurso":"Recursos do Exerc\u00edcio Corrente \/ Outros Recursos n\u00e3o Vinculados \/ -"},{"ano_emissao_emp":"2023","n_emp":"0000013","data_emissao":"19\/01\/2023","valor":"12.000,00","tipo_empenho":"Estimativo","hist_emp":"EMPENHO REFERE-SE A COTA PARA O EXERC\u00cdCIO DA ATIVIDADE PARLAMENTAR MUNICIPAL - CEAPM, NA C\u00c2MARA MUNICIPAL DE FREI MIGUELINHO, CONFORME LEI 585 DE 21 DE FEVEREIRO DE 2022.","fornecedor":"JOSE ANICETO DE LIMA","denom_uni_orc":"C\u00c2MARA MUNICIPAL","funcao":"Legislativa","sub_funcao":"A\u00e7\u00e3o Legislativa","programa":"ATUA\u00c7\u00c3O LEGISLATIVA E APOIO ADMINISTRATIVO AS A\u00c7\u00d5ES DA C\u00c2MARA","acao":"Manuten\u00e7\u00e3o das Atividades Legislativas","ident_acao":"Atividade","cat_econ":"Despesa Corrente","natureza_despesa":"Outras Despesas Correntes","modalidade_despesa":"Aplica\u00e7\u00f5es Diretas","elemento_despesa":"Indeniza\u00e7\u00f5es e Restitui\u00e7\u00f5es","sub_elem_desp":"SEM SUBELEMENTO","fonte_recurso":"Recursos do Exerc\u00edcio Corrente \/ Outros Recursos n\u00e3o Vinculados \/ -"},{"ano_emissao_emp":"2023","n_emp":"0000013","data_emissao":"19\/01\/2023","valor":"12.000,00","tipo_empenho":"Estimativo","hist_emp":"EMPENHO REFERE-SE A COTA PARA O EXERC\u00cdCIO DA ATIVIDADE PARLAMENTAR MUNICIPAL - CEAPM, NA C\u00c2MARA MUNICIPAL DE FREI MIGUELINHO, CONFORME LEI 585 DE 21 DE FEVEREIRO DE 2022.","fornecedor":"JOSE ANICETO DE LIMA","denom_uni_orc":"C\u00c2MARA MUNICIPAL","funcao":"Legislativa","sub_funcao":"A\u00e7\u00e3o Legislativa","programa":"ATUA\u00c7\u00c3O LEGISLATIVA E APOIO ADMINISTRATIVO AS A\u00c7\u00d5ES DA C\u00c2MARA","acao":"Parcelamento de D\u00e9bitos Fiscais com os Governos Estadual e Federal","ident_acao":"Atividade","cat_econ":"Despesa Corrente","natureza_despesa":"Outras Despesas Correntes","modalidade_despesa":"Aplica\u00e7\u00f5es Diretas","elemento_despesa":"Indeniza\u00e7\u00f5es e Restitui\u00e7\u00f5es","sub_elem_desp":"SEM SUBELEMENTO","fonte_recurso":"Recursos do Exerc\u00edcio Corrente \/ Outros Recursos n\u00e3o Vinculados \/ -"},{"ano_emissao_emp":"2023","n_emp":"0000014","data_emissao":"19\/01\/2023","valor":"102.000,00","tipo_empenho":"Estimativo","hist_emp":"EMPENHO REFERE-SE A VERBA REPRESENTATIVA DE GABINETE DO PRESIDENTE EM EXERCICIO DESSA CASA LEGISLATIVA PARA O ANO DE 2023","fornecedor":"JOSE SEVERINO DOS SANTOS NETO","denom_uni_orc":"C\u00c2MARA MUNICIPAL","funcao":"Legislativa","sub_funcao":"A\u00e7\u00e3o Legislativa","programa":"ATUA\u00c7\u00c3O LEGISLATIVA E APOIO ADMINISTRATIVO AS A\u00c7\u00d5ES DA C\u00c2MARA","acao":"Aquisi\u00e7\u00e3o de M\u00f3veis, M\u00e1quinas, Ve\u00edculos  e Equipamentos para o Gabinet","ident_acao":"Atividade","cat_econ":"Despesa Corrente","natureza_despesa":"Outras Despesas Correntes","modalidade_despesa":"Aplica\u00e7\u00f5es Diretas","elemento_despesa":"Indeniza\u00e7\u00f5es e Restitui\u00e7\u00f5es","sub_elem_desp":"SEM SUBELEMENTO","fonte_recurso":"Recursos do Exerc\u00edcio Corrente \/ Outros Recursos n\u00e3o Vinculados \/ -"},{"ano_emissao_emp":"2023","n_emp":"0000014","data_emissao":"19\/01\/2023","valor":"102.000,00","tipo_empenho":"Estimativo","hist_emp":"EMPENHO REFERE-SE A VERBA REPRESENTATIVA DE GABINETE DO PRESIDENTE EM EXERCICIO DESSA CASA LEGISLATIVA PARA O ANO DE 2023","fornecedor":"JOSE SEVERINO DOS SANTOS NETO","denom_uni_orc":"C\u00c2MARA MUNICIPAL","funcao":"Legislativa","sub_funcao":"A\u00e7\u00e3o Legislativa","programa":"ATUA\u00c7\u00c3O LEGISLATIVA E APOIO ADMINISTRATIVO AS A\u00c7\u00d5ES DA C\u00c2MARA","acao":"Verba Indenizat\u00f3ria do Presidente","ident_acao":"Atividade","cat_econ":"Despesa Corrente","natureza_despesa":"Outras Despesas Correntes","modalidade_despesa":"Aplica\u00e7\u00f5es Diretas","elemento_despesa":"Indeniza\u00e7\u00f5es e Restitui\u00e7\u00f5es","sub_elem_desp":"SEM SUBELEMENTO","fonte_recurso":"Recursos do Exerc\u00edcio Corrente \/ Outros Recursos n\u00e3o Vinculados \/ -"},{"ano_emissao_emp":"2023","n_emp":"0000014","data_emissao":"19\/01\/2023","valor":"102.000,00","tipo_empenho":"Estimativo","hist_emp":"EMPENHO REFERE-SE A VERBA REPRESENTATIVA DE GABINETE DO PRESIDENTE EM EXERCICIO DESSA CASA LEGISLATIVA PARA O ANO DE 2023","fornecedor":"JOSE SEVERINO DOS SANTOS NETO","denom_uni_orc":"C\u00c2MARA MUNICIPAL","funcao":"Legislativa","sub_funcao":"A\u00e7\u00e3o Legislativa","programa":"ATUA\u00c7\u00c3O LEGISLATIVA E APOIO ADMINISTRATIVO AS A\u00c7\u00d5ES DA C\u00c2MARA","acao":"Compromissos Decorrentes de Juros e Encargos da D\u00edvida Interna","ident_acao":"Atividade","cat_econ":"Despesa Corrente","natureza_despesa":"Outras Despesas Correntes","modalidade_despesa":"Aplica\u00e7\u00f5es Diretas","elemento_despesa":"Indeniza\u00e7\u00f5es e Restitui\u00e7\u00f5es","sub_elem_desp":"SEM SUBELEMENTO","fonte_recurso":"Recursos do Exerc\u00edcio Corrente \/ Outros Recursos n\u00e3o Vinculados \/ -"},{"ano_emissao_emp":"2023","n_emp":"0000015","data_emissao":"19\/01\/2023","valor":"82.602,00","tipo_empenho":"Global","hist_emp":"EMPRENHO REFERENTE A PRESTACAO DE SERVICOS TECNICOS ESPECIALIZADOS DE CONSULTORIA E ASSESSORIA NAS AREAS CONTABEIS, FINANCEIRA, GESTAO FISCAL E FOLHA DE PAGAMENTO PARA CAMARA MUNICIPAL DE FREI MIGUELINHO REF AO MES  CONFORME 1 ADITIVO DO CONTRATO 02\/2022","fornecedor":"ODILON CAVALCANTI DE ALBUQUERQUE NETO CONTABILIDADE","denom_uni_orc":"C\u00c2MARA MUNICIPAL","funcao":"Legislativa","sub_funcao":"A\u00e7\u00e3o Legislativa","programa":"ATUA\u00c7\u00c3O LEGISLATIVA E APOIO ADMINISTRATIVO AS A\u00c7\u00d5ES DA C\u00c2MARA","acao":"Reequipamento da C\u00e2mara Municipal","ident_acao":"Atividade","cat_econ":"Despesa Corrente","natureza_despesa":"Outras Despesas Correntes","modalidade_despesa":"Aplica\u00e7\u00f5es Diretas","elemento_despesa":"Servi\u00e7os de Consultoria","sub_elem_desp":"SEM SUBELEMENTO","fonte_recurso":"Recursos do Exerc\u00edcio Corrente \/ Outros Recursos n\u00e3o Vinculados \/ -"},{"ano_emissao_emp":"2023","n_emp":"0000015","data_emissao":"19\/01\/2023","valor":"82.602,00","tipo_empenho":"Global","hist_emp":"EMPRENHO REFERENTE A PRESTACAO DE SERVICOS TECNICOS ESPECIALIZADOS DE CONSULTORIA E ASSESSORIA NAS AREAS CONTABEIS, FINANCEIRA, GESTAO FISCAL E FOLHA DE PAGAMENTO PARA CAMARA MUNICIPAL DE FREI MIGUELINHO REF AO MES  CONFORME 1 ADITIVO DO CONTRATO 02\/2022","fornecedor":"ODILON CAVALCANTI DE ALBUQUERQUE NETO CONTABILIDADE","denom_uni_orc":"C\u00c2MARA MUNICIPAL","funcao":"Legislativa","sub_funcao":"A\u00e7\u00e3o Legislativa","programa":"ATUA\u00c7\u00c3O LEGISLATIVA E APOIO ADMINISTRATIVO AS A\u00c7\u00d5ES DA C\u00c2MARA","acao":"Manuten\u00e7\u00e3o das Atividades Administrativas","ident_acao":"Atividade","cat_econ":"Despesa Corrente","natureza_despesa":"Outras Despesas Correntes","modalidade_despesa":"Aplica\u00e7\u00f5es Diretas","elemento_despesa":"Servi\u00e7os de Consultoria","sub_elem_desp":"SEM SUBELEMENTO","fonte_recurso":"Recursos do Exerc\u00edcio Corrente \/ Outros Recursos n\u00e3o Vinculados \/ -"},{"ano_emissao_emp":"2023","n_emp":"0000015","data_emissao":"19\/01\/2023","valor":"82.602,00","tipo_empenho":"Global","hist_emp":"EMPRENHO REFERENTE A PRESTACAO DE SERVICOS TECNICOS ESPECIALIZADOS DE CONSULTORIA E ASSESSORIA NAS AREAS CONTABEIS, FINANCEIRA, GESTAO FISCAL E FOLHA DE PAGAMENTO PARA CAMARA MUNICIPAL DE FREI MIGUELINHO REF AO MES  CONFORME 1 ADITIVO DO CONTRATO 02\/2022","fornecedor":"ODILON CAVALCANTI DE ALBUQUERQUE NETO CONTABILIDADE","denom_uni_orc":"C\u00c2MARA MUNICIPAL","funcao":"Legislativa","sub_funcao":"A\u00e7\u00e3o Legislativa","programa":"ATUA\u00c7\u00c3O LEGISLATIVA E APOIO ADMINISTRATIVO AS A\u00c7\u00d5ES DA C\u00c2MARA","acao":"Parcelamento de D\u00e9bitos, Exceto parcelamentos celebrados com Entidades","ident_acao":"Atividade","cat_econ":"Despesa Corrente","natureza_despesa":"Outras Despesas Correntes","modalidade_despesa":"Aplica\u00e7\u00f5es Diretas","elemento_despesa":"Servi\u00e7os de Consultoria","sub_elem_desp":"SEM SUBELEMENTO","fonte_recurso":"Recursos do Exerc\u00edcio Corrente \/ Outros Recursos n\u00e3o Vinculados \/ -"},{"ano_emissao_emp":"2023","n_emp":"0000016","data_emissao":"19\/01\/2023","valor":"82.602,00","tipo_empenho":"Global","hist_emp":"EMPENHO REFERE-SE A PRESTA\u00c7\u00c3O DE SERVI\u00c7OS T\u00c9CNICOS E ESPECIALIZADOS DE ASSESSORIA E CONSULTORIA NA \u00c1REA JUR\u00cdDICA DE DIREITO P\u00daBLICO E CONSTITUCIONAL, PARA A CAMARA MUNICIPAL DE FREI MIGUELINHO PARA O ANO DE 2023.","fornecedor":"LINCOLN DE LIMA CARVALHO","denom_uni_orc":"C\u00c2MARA MUNICIPAL","funcao":"Legislativa","sub_funcao":"A\u00e7\u00e3o Legislativa","programa":"ATUA\u00c7\u00c3O LEGISLATIVA E APOIO ADMINISTRATIVO AS A\u00c7\u00d5ES DA C\u00c2MARA","acao":"Reequipamento da C\u00e2mara Municipal","ident_acao":"Atividade","cat_econ":"Despesa Corrente","natureza_despesa":"Outras Despesas Correntes","modalidade_despesa":"Aplica\u00e7\u00f5es Diretas","elemento_despesa":"Servi\u00e7os de Consultoria","sub_elem_desp":"SEM SUBELEMENTO","fonte_recurso":"Recursos do Exerc\u00edcio Corrente \/ Outros Recursos n\u00e3o Vinculados \/ -"},{"ano_emissao_emp":"2023","n_emp":"0000016","data_emissao":"19\/01\/2023","valor":"82.602,00","tipo_empenho":"Global","hist_emp":"EMPENHO REFERE-SE A PRESTA\u00c7\u00c3O DE SERVI\u00c7OS T\u00c9CNICOS E ESPECIALIZADOS DE ASSESSORIA E CONSULTORIA NA \u00c1REA JUR\u00cdDICA DE DIREITO P\u00daBLICO E CONSTITUCIONAL, PARA A CAMARA MUNICIPAL DE FREI MIGUELINHO PARA O ANO DE 2023.","fornecedor":"LINCOLN DE LIMA CARVALHO","denom_uni_orc":"C\u00c2MARA MUNICIPAL","funcao":"Legislativa","sub_funcao":"A\u00e7\u00e3o Legislativa","programa":"ATUA\u00c7\u00c3O LEGISLATIVA E APOIO ADMINISTRATIVO AS A\u00c7\u00d5ES DA C\u00c2MARA","acao":"Manuten\u00e7\u00e3o das Atividades Administrativas","ident_acao":"Atividade","cat_econ":"Despesa Corrente","natureza_despesa":"Outras Despesas Correntes","modalidade_despesa":"Aplica\u00e7\u00f5es Diretas","elemento_despesa":"Servi\u00e7os de Consultoria","sub_elem_desp":"SEM SUBELEMENTO","fonte_recurso":"Recursos do Exerc\u00edcio Corrente \/ Outros Recursos n\u00e3o Vinculados \/ -"},{"ano_emissao_emp":"2023","n_emp":"0000016","data_emissao":"19\/01\/2023","valor":"82.602,00","tipo_empenho":"Global","hist_emp":"EMPENHO REFERE-SE A PRESTA\u00c7\u00c3O DE SERVI\u00c7OS T\u00c9CNICOS E ESPECIALIZADOS DE ASSESSORIA E CONSULTORIA NA \u00c1REA JUR\u00cdDICA DE DIREITO P\u00daBLICO E CONSTITUCIONAL, PARA A CAMARA MUNICIPAL DE FREI MIGUELINHO PARA O ANO DE 2023.","fornecedor":"LINCOLN DE LIMA CARVALHO","denom_uni_orc":"C\u00c2MARA MUNICIPAL","funcao":"Legislativa","sub_funcao":"A\u00e7\u00e3o Legislativa","programa":"ATUA\u00c7\u00c3O LEGISLATIVA E APOIO ADMINISTRATIVO AS A\u00c7\u00d5ES DA C\u00c2MARA","acao":"Parcelamento de D\u00e9bitos, Exceto parcelamentos celebrados com Entidades","ident_acao":"Atividade","cat_econ":"Despesa Corrente","natureza_despesa":"Outras Despesas Correntes","modalidade_despesa":"Aplica\u00e7\u00f5es Diretas","elemento_despesa":"Servi\u00e7os de Consultoria","sub_elem_desp":"SEM SUBELEMENTO","fonte_recurso":"Recursos do Exerc\u00edcio Corrente \/ Outros Recursos n\u00e3o Vinculados \/ -"},{"ano_emissao_emp":"2023","n_emp":"0000017","data_emissao":"19\/01\/2023","valor":"1.300,00","tipo_empenho":"Global","hist_emp":"EMPENHO REFERE-SE A CONTRATA\u00c7\u00c3O DE INTERNET PARA ATENDER AS NECESSIDADES ADMINISTRATIVAS E DE EXPEDIENTE DESSA CASA LEGISLATIVA PARA O ANO DE 2023","fornecedor":"WEB CONNECT SERVI\u00c7OS DE TELECOMUNICA\u00c7\u00d5ES LTDA ME","denom_uni_orc":"C\u00c2MARA MUNICIPAL","funcao":"Legislativa","sub_funcao":"A\u00e7\u00e3o Legislativa","programa":"ATUA\u00c7\u00c3O LEGISLATIVA E APOIO ADMINISTRATIVO AS A\u00c7\u00d5ES DA C\u00c2MARA","acao":"Reequipamento da C\u00e2mara Municipal","ident_acao":"Atividade","cat_econ":"Despesa Corrente","natureza_despesa":"Outras Despesas Correntes","modalidade_despesa":"Aplica\u00e7\u00f5es Diretas","elemento_despesa":"Outros Servi\u00e7os de Terceiros - Pessoa Jur\u00eddica","sub_elem_desp":"SEM SUBELEMENTO","fonte_recurso":"Recursos do Exerc\u00edcio Corrente \/ Outros Recursos n\u00e3o Vinculados \/ -"},{"ano_emissao_emp":"2023","n_emp":"0000017","data_emissao":"19\/01\/2023","valor":"1.300,00","tipo_empenho":"Global","hist_emp":"EMPENHO REFERE-SE A CONTRATA\u00c7\u00c3O DE INTERNET PARA ATENDER AS NECESSIDADES ADMINISTRATIVAS E DE EXPEDIENTE DESSA CASA LEGISLATIVA PARA O ANO DE 2023","fornecedor":"WEB CONNECT SERVI\u00c7OS DE TELECOMUNICA\u00c7\u00d5ES LTDA ME","denom_uni_orc":"C\u00c2MARA MUNICIPAL","funcao":"Legislativa","sub_funcao":"A\u00e7\u00e3o Legislativa","programa":"ATUA\u00c7\u00c3O LEGISLATIVA E APOIO ADMINISTRATIVO AS A\u00c7\u00d5ES DA C\u00c2MARA","acao":"Manuten\u00e7\u00e3o das Atividades Administrativas","ident_acao":"Atividade","cat_econ":"Despesa Corrente","natureza_despesa":"Outras Despesas Correntes","modalidade_despesa":"Aplica\u00e7\u00f5es Diretas","elemento_despesa":"Outros Servi\u00e7os de Terceiros - Pessoa Jur\u00eddica","sub_elem_desp":"SEM SUBELEMENTO","fonte_recurso":"Recursos do Exerc\u00edcio Corrente \/ Outros Recursos n\u00e3o Vinculados \/ -"},{"ano_emissao_emp":"2023","n_emp":"0000017","data_emissao":"19\/01\/2023","valor":"1.300,00","tipo_empenho":"Global","hist_emp":"EMPENHO REFERE-SE A CONTRATA\u00c7\u00c3O DE INTERNET PARA ATENDER AS NECESSIDADES ADMINISTRATIVAS E DE EXPEDIENTE DESSA CASA LEGISLATIVA PARA O ANO DE 2023","fornecedor":"WEB CONNECT SERVI\u00c7OS DE TELECOMUNICA\u00c7\u00d5ES LTDA ME","denom_uni_orc":"C\u00c2MARA MUNICIPAL","funcao":"Legislativa","sub_funcao":"A\u00e7\u00e3o Legislativa","programa":"ATUA\u00c7\u00c3O LEGISLATIVA E APOIO ADMINISTRATIVO AS A\u00c7\u00d5ES DA C\u00c2MARA","acao":"Parcelamento de D\u00e9bitos, Exceto parcelamentos celebrados com Entidades","ident_acao":"Atividade","cat_econ":"Despesa Corrente","natureza_despesa":"Outras Despesas Correntes","modalidade_despesa":"Aplica\u00e7\u00f5es Diretas","elemento_despesa":"Outros Servi\u00e7os de Terceiros - Pessoa Jur\u00eddica","sub_elem_desp":"SEM SUBELEMENTO","fonte_recurso":"Recursos do Exerc\u00edcio Corrente \/ Outros Recursos n\u00e3o Vinculados \/ -"},{"ano_emissao_emp":"2023","n_emp":"0000018","data_emissao":"19\/01\/2023","valor":"1.500,00","tipo_empenho":"Global","hist_emp":"EMPENHO REFERE-SE A CONTRATA\u00c7\u00c3O DE TELEFONIA FIXA PARA ATENDER AS NECESSIDADES ADMINISTRATIVAS E DE EXPEDIENTE DESSA CASA LEGISLATIVA PARA O ANO DE 2023","fornecedor":"TELEMAR NORTE LESTE S\/A","denom_uni_orc":"C\u00c2MARA MUNICIPAL","funcao":"Legislativa","sub_funcao":"A\u00e7\u00e3o Legislativa","programa":"ATUA\u00c7\u00c3O LEGISLATIVA E APOIO ADMINISTRATIVO AS A\u00c7\u00d5ES DA C\u00c2MARA","acao":"Reequipamento da C\u00e2mara Municipal","ident_acao":"Atividade","cat_econ":"Despesa Corrente","natureza_despesa":"Outras Despesas Correntes","modalidade_despesa":"Aplica\u00e7\u00f5es Diretas","elemento_despesa":"Outros Servi\u00e7os de Terceiros - Pessoa Jur\u00eddica","sub_elem_desp":"SEM SUBELEMENTO","fonte_recurso":"Recursos do Exerc\u00edcio Corrente \/ Outros Recursos n\u00e3o Vinculados \/ -"},{"ano_emissao_emp":"2023","n_emp":"0000018","data_emissao":"19\/01\/2023","valor":"1.500,00","tipo_empenho":"Global","hist_emp":"EMPENHO REFERE-SE A CONTRATA\u00c7\u00c3O DE TELEFONIA FIXA PARA ATENDER AS NECESSIDADES ADMINISTRATIVAS E DE EXPEDIENTE DESSA CASA LEGISLATIVA PARA O ANO DE 2023","fornecedor":"TELEMAR NORTE LESTE S\/A","denom_uni_orc":"C\u00c2MARA MUNICIPAL","funcao":"Legislativa","sub_funcao":"A\u00e7\u00e3o Legislativa","programa":"ATUA\u00c7\u00c3O LEGISLATIVA E APOIO ADMINISTRATIVO AS A\u00c7\u00d5ES DA C\u00c2MARA","acao":"Manuten\u00e7\u00e3o das Atividades Administrativas","ident_acao":"Atividade","cat_econ":"Despesa Corrente","natureza_despesa":"Outras Despesas Correntes","modalidade_despesa":"Aplica\u00e7\u00f5es Diretas","elemento_despesa":"Outros Servi\u00e7os de Terceiros - Pessoa Jur\u00eddica","sub_elem_desp":"SEM SUBELEMENTO","fonte_recurso":"Recursos do Exerc\u00edcio Corrente \/ Outros Recursos n\u00e3o Vinculados \/ -"},{"ano_emissao_emp":"2023","n_emp":"0000018","data_emissao":"19\/01\/2023","valor":"1.500,00","tipo_empenho":"Global","hist_emp":"EMPENHO REFERE-SE A CONTRATA\u00c7\u00c3O DE TELEFONIA FIXA PARA ATENDER AS NECESSIDADES ADMINISTRATIVAS E DE EXPEDIENTE DESSA CASA LEGISLATIVA PARA O ANO DE 2023","fornecedor":"TELEMAR NORTE LESTE S\/A","denom_uni_orc":"C\u00c2MARA MUNICIPAL","funcao":"Legislativa","sub_funcao":"A\u00e7\u00e3o Legislativa","programa":"ATUA\u00c7\u00c3O LEGISLATIVA E APOIO ADMINISTRATIVO AS A\u00c7\u00d5ES DA C\u00c2MARA","acao":"Parcelamento de D\u00e9bitos, Exceto parcelamentos celebrados com Entidades","ident_acao":"Atividade","cat_econ":"Despesa Corrente","natureza_despesa":"Outras Despesas Correntes","modalidade_despesa":"Aplica\u00e7\u00f5es Diretas","elemento_despesa":"Outros Servi\u00e7os de Terceiros - Pessoa Jur\u00eddica","sub_elem_desp":"SEM SUBELEMENTO","fonte_recurso":"Recursos do Exerc\u00edcio Corrente \/ Outros Recursos n\u00e3o Vinculados \/ -"},{"ano_emissao_emp":"2023","n_emp":"0000019","data_emissao":"20\/01\/2023","valor":"6.000,00","tipo_empenho":"Estimativo","hist_emp":"EMPENHO REFERE-SE A DESPESA COM ENERGIA ELETRICA PARA ATENDER AS NECESSIDADES ADMINISTRATIVAS E DE EXPEDIENTE DESSA CASA LEGISLATIVA PARA O ANO DE 2023","fornecedor":"COMPANHIA ENERG\u00c9TICA DE PERNAMBUCO","denom_uni_orc":"C\u00c2MARA MUNICIPAL","funcao":"Legislativa","sub_funcao":"A\u00e7\u00e3o Legislativa","programa":"ATUA\u00c7\u00c3O LEGISLATIVA E APOIO ADMINISTRATIVO AS A\u00c7\u00d5ES DA C\u00c2MARA","acao":"Reequipamento da C\u00e2mara Municipal","ident_acao":"Atividade","cat_econ":"Despesa Corrente","natureza_despesa":"Outras Despesas Correntes","modalidade_despesa":"Aplica\u00e7\u00f5es Diretas","elemento_despesa":"Outros Servi\u00e7os de Terceiros - Pessoa Jur\u00eddica","sub_elem_desp":"SEM SUBELEMENTO","fonte_recurso":"Recursos do Exerc\u00edcio Corrente \/ Outros Recursos n\u00e3o Vinculados \/ -"},{"ano_emissao_emp":"2023","n_emp":"0000019","data_emissao":"20\/01\/2023","valor":"6.000,00","tipo_empenho":"Estimativo","hist_emp":"EMPENHO REFERE-SE A DESPESA COM ENERGIA ELETRICA PARA ATENDER AS NECESSIDADES ADMINISTRATIVAS E DE EXPEDIENTE DESSA CASA LEGISLATIVA PARA O ANO DE 2023","fornecedor":"COMPANHIA ENERG\u00c9TICA DE PERNAMBUCO","denom_uni_orc":"C\u00c2MARA MUNICIPAL","funcao":"Legislativa","sub_funcao":"A\u00e7\u00e3o Legislativa","programa":"ATUA\u00c7\u00c3O LEGISLATIVA E APOIO ADMINISTRATIVO AS A\u00c7\u00d5ES DA C\u00c2MARA","acao":"Manuten\u00e7\u00e3o das Atividades Administrativas","ident_acao":"Atividade","cat_econ":"Despesa Corrente","natureza_despesa":"Outras Despesas Correntes","modalidade_despesa":"Aplica\u00e7\u00f5es Diretas","elemento_despesa":"Outros Servi\u00e7os de Terceiros - Pessoa Jur\u00eddica","sub_elem_desp":"SEM SUBELEMENTO","fonte_recurso":"Recursos do Exerc\u00edcio Corrente \/ Outros Recursos n\u00e3o Vinculados \/ -"},{"ano_emissao_emp":"2023","n_emp":"0000019","data_emissao":"20\/01\/2023","valor":"6.000,00","tipo_empenho":"Estimativo","hist_emp":"EMPENHO REFERE-SE A DESPESA COM ENERGIA ELETRICA PARA ATENDER AS NECESSIDADES ADMINISTRATIVAS E DE EXPEDIENTE DESSA CASA LEGISLATIVA PARA O ANO DE 2023","fornecedor":"COMPANHIA ENERG\u00c9TICA DE PERNAMBUCO","denom_uni_orc":"C\u00c2MARA MUNICIPAL","funcao":"Legislativa","sub_funcao":"A\u00e7\u00e3o Legislativa","programa":"ATUA\u00c7\u00c3O LEGISLATIVA E APOIO ADMINISTRATIVO AS A\u00c7\u00d5ES DA C\u00c2MARA","acao":"Parcelamento de D\u00e9bitos, Exceto parcelamentos celebrados com Entidades","ident_acao":"Atividade","cat_econ":"Despesa Corrente","natureza_despesa":"Outras Despesas Correntes","modalidade_despesa":"Aplica\u00e7\u00f5es Diretas","elemento_despesa":"Outros Servi\u00e7os de Terceiros - Pessoa Jur\u00eddica","sub_elem_desp":"SEM SUBELEMENTO","fonte_recurso":"Recursos do Exerc\u00edcio Corrente \/ Outros Recursos n\u00e3o Vinculados \/ -"},{"ano_emissao_emp":"2023","n_emp":"0000020","data_emissao":"23\/01\/2023","valor":"40.800,00","tipo_empenho":"Global","hist_emp":"CONTRATA\u00c7\u00c3O DE SERVI\u00c7OS T\u00c9CNICOS DE DISPONIBILIZA\u00c7\u00c3O, INSTALA\u00c7\u00c3O E LICEN\u00c7A DE USO, SUPORTE E AUX\u00cdLIO T\u00c9CNICO A ALIMENTA\u00c7\u00c3O DO SISTEMA DO PORTAL DA TRANSPAR\u00caNCIA E ALIMENTA\u00c7\u00c3O E SISTEMA DE PRESTA\u00c7\u00c3O DE CONTAS DOS PROCESSOS LICITAT\u00d3RIOS E DE SEUS CONTRATOS, NO SISTEMA SAGRES MODULO LICON ( TCE-PE).","fornecedor":"ELTON LUIS ARAUJO AMORIM","denom_uni_orc":"C\u00c2MARA MUNICIPAL","funcao":"Legislativa","sub_funcao":"A\u00e7\u00e3o Legislativa","programa":"ATUA\u00c7\u00c3O LEGISLATIVA E APOIO ADMINISTRATIVO AS A\u00c7\u00d5ES DA C\u00c2MARA","acao":"Reequipamento da C\u00e2mara Municipal","ident_acao":"Atividade","cat_econ":"Despesa Corrente","natureza_despesa":"Outras Despesas Correntes","modalidade_despesa":"Aplica\u00e7\u00f5es Diretas","elemento_despesa":"Servi\u00e7os de Consultoria","sub_elem_desp":"SEM SUBELEMENTO","fonte_recurso":"Recursos do Exerc\u00edcio Corrente \/ Outros Recursos n\u00e3o Vinculados \/ -"},{"ano_emissao_emp":"2023","n_emp":"0000020","data_emissao":"23\/01\/2023","valor":"40.800,00","tipo_empenho":"Global","hist_emp":"CONTRATA\u00c7\u00c3O DE SERVI\u00c7OS T\u00c9CNICOS DE DISPONIBILIZA\u00c7\u00c3O, INSTALA\u00c7\u00c3O E LICEN\u00c7A DE USO, SUPORTE E AUX\u00cdLIO T\u00c9CNICO A ALIMENTA\u00c7\u00c3O DO SISTEMA DO PORTAL DA TRANSPAR\u00caNCIA E ALIMENTA\u00c7\u00c3O E SISTEMA DE PRESTA\u00c7\u00c3O DE CONTAS DOS PROCESSOS LICITAT\u00d3RIOS E DE SEUS CONTRATOS, NO SISTEMA SAGRES MODULO LICON ( TCE-PE).","fornecedor":"ELTON LUIS ARAUJO AMORIM","denom_uni_orc":"C\u00c2MARA MUNICIPAL","funcao":"Legislativa","sub_funcao":"A\u00e7\u00e3o Legislativa","programa":"ATUA\u00c7\u00c3O LEGISLATIVA E APOIO ADMINISTRATIVO AS A\u00c7\u00d5ES DA C\u00c2MARA","acao":"Manuten\u00e7\u00e3o das Atividades Administrativas","ident_acao":"Atividade","cat_econ":"Despesa Corrente","natureza_despesa":"Outras Despesas Correntes","modalidade_despesa":"Aplica\u00e7\u00f5es Diretas","elemento_despesa":"Servi\u00e7os de Consultoria","sub_elem_desp":"SEM SUBELEMENTO","fonte_recurso":"Recursos do Exerc\u00edcio Corrente \/ Outros Recursos n\u00e3o Vinculados \/ -"},{"ano_emissao_emp":"2023","n_emp":"0000020","data_emissao":"23\/01\/2023","valor":"40.800,00","tipo_empenho":"Global","hist_emp":"CONTRATA\u00c7\u00c3O DE SERVI\u00c7OS T\u00c9CNICOS DE DISPONIBILIZA\u00c7\u00c3O, INSTALA\u00c7\u00c3O E LICEN\u00c7A DE USO, SUPORTE E AUX\u00cdLIO T\u00c9CNICO A ALIMENTA\u00c7\u00c3O DO SISTEMA DO PORTAL DA TRANSPAR\u00caNCIA E ALIMENTA\u00c7\u00c3O E SISTEMA DE PRESTA\u00c7\u00c3O DE CONTAS DOS PROCESSOS LICITAT\u00d3RIOS E DE SEUS CONTRATOS, NO SISTEMA SAGRES MODULO LICON ( TCE-PE).","fornecedor":"ELTON LUIS ARAUJO AMORIM","denom_uni_orc":"C\u00c2MARA MUNICIPAL","funcao":"Legislativa","sub_funcao":"A\u00e7\u00e3o Legislativa","programa":"ATUA\u00c7\u00c3O LEGISLATIVA E APOIO ADMINISTRATIVO AS A\u00c7\u00d5ES DA C\u00c2MARA","acao":"Parcelamento de D\u00e9bitos, Exceto parcelamentos celebrados com Entidades","ident_acao":"Atividade","cat_econ":"Despesa Corrente","natureza_despesa":"Outras Despesas Correntes","modalidade_despesa":"Aplica\u00e7\u00f5es Diretas","elemento_despesa":"Servi\u00e7os de Consultoria","sub_elem_desp":"SEM SUBELEMENTO","fonte_recurso":"Recursos do Exerc\u00edcio Corrente \/ Outros Recursos n\u00e3o Vinculados \/ -"},{"ano_emissao_emp":"2023","n_emp":"0000021","data_emissao":"23\/01\/2023","valor":"20.968,20","tipo_empenho":"Global","hist_emp":"PRESTACAO DE SERVICOS DE ALIMENTACAO E MANUTENCAO CORRETIVA DO SITE (PORTAL ELETRONICO) E DAS PAGINAS OFICIAIS DO PODER LEGISLATIVO MUNICIPAL DE FREI MIGUELINHO (INSTAGRAM\/FACEBOOK)","fornecedor":"JOSIANE GALDINO DA SILVA","denom_uni_orc":"C\u00c2MARA MUNICIPAL","funcao":"Legislativa","sub_funcao":"A\u00e7\u00e3o Legislativa","programa":"ATUA\u00c7\u00c3O LEGISLATIVA E APOIO ADMINISTRATIVO AS A\u00c7\u00d5ES DA C\u00c2MARA","acao":"Reequipamento da C\u00e2mara Municipal","ident_acao":"Atividade","cat_econ":"Despesa Corrente","natureza_despesa":"Outras Despesas Correntes","modalidade_despesa":"Aplica\u00e7\u00f5es Diretas","elemento_despesa":"Outros Servi\u00e7os de Terceiros - Pessoa Jur\u00eddica","sub_elem_desp":"SEM SUBELEMENTO","fonte_recurso":"Recursos do Exerc\u00edcio Corrente \/ Outros Recursos n\u00e3o Vinculados \/ -"},{"ano_emissao_emp":"2023","n_emp":"0000021","data_emissao":"23\/01\/2023","valor":"20.968,20","tipo_empenho":"Global","hist_emp":"PRESTACAO DE SERVICOS DE ALIMENTACAO E MANUTENCAO CORRETIVA DO SITE (PORTAL ELETRONICO) E DAS PAGINAS OFICIAIS DO PODER LEGISLATIVO MUNICIPAL DE FREI MIGUELINHO (INSTAGRAM\/FACEBOOK)","fornecedor":"JOSIANE GALDINO DA SILVA","denom_uni_orc":"C\u00c2MARA MUNICIPAL","funcao":"Legislativa","sub_funcao":"A\u00e7\u00e3o Legislativa","programa":"ATUA\u00c7\u00c3O LEGISLATIVA E APOIO ADMINISTRATIVO AS A\u00c7\u00d5ES DA C\u00c2MARA","acao":"Manuten\u00e7\u00e3o das Atividades Administrativas","ident_acao":"Atividade","cat_econ":"Despesa Corrente","natureza_despesa":"Outras Despesas Correntes","modalidade_despesa":"Aplica\u00e7\u00f5es Diretas","elemento_despesa":"Outros Servi\u00e7os de Terceiros - Pessoa Jur\u00eddica","sub_elem_desp":"SEM SUBELEMENTO","fonte_recurso":"Recursos do Exerc\u00edcio Corrente \/ Outros Recursos n\u00e3o Vinculados \/ -"},{"ano_emissao_emp":"2023","n_emp":"0000021","data_emissao":"23\/01\/2023","valor":"20.968,20","tipo_empenho":"Global","hist_emp":"PRESTACAO DE SERVICOS DE ALIMENTACAO E MANUTENCAO CORRETIVA DO SITE (PORTAL ELETRONICO) E DAS PAGINAS OFICIAIS DO PODER LEGISLATIVO MUNICIPAL DE FREI MIGUELINHO (INSTAGRAM\/FACEBOOK)","fornecedor":"JOSIANE GALDINO DA SILVA","denom_uni_orc":"C\u00c2MARA MUNICIPAL","funcao":"Legislativa","sub_funcao":"A\u00e7\u00e3o Legislativa","programa":"ATUA\u00c7\u00c3O LEGISLATIVA E APOIO ADMINISTRATIVO AS A\u00c7\u00d5ES DA C\u00c2MARA","acao":"Parcelamento de D\u00e9bitos, Exceto parcelamentos celebrados com Entidades","ident_acao":"Atividade","cat_econ":"Despesa Corrente","natureza_despesa":"Outras Despesas Correntes","modalidade_despesa":"Aplica\u00e7\u00f5es Diretas","elemento_despesa":"Outros Servi\u00e7os de Terceiros - Pessoa Jur\u00eddica","sub_elem_desp":"SEM SUBELEMENTO","fonte_recurso":"Recursos do Exerc\u00edcio Corrente \/ Outros Recursos n\u00e3o Vinculados \/ -"},{"ano_emissao_emp":"2023","n_emp":"0000022","data_emissao":"23\/01\/2023","valor":"16.519,92","tipo_empenho":"Global","hist_emp":"Contrato de Loca\u00e7\u00e3o e Manuten\u00e7\u00e3o de Software de Sistemas de Contabilidade \/ PPA\/ LDO\/LOA, Patrim\u00f4nio e Folha de Pagamento para a C\u00e2mara Municipal de Frei Miguelinho-PE. Per\u00edodo referente ao ano de 2023.","fornecedor":"CGPM CONSULTORIA, CONTROLE E CAPACITACAO EM GESTAO PUBLICA MUNICIPAL LTDA","denom_uni_orc":"C\u00c2MARA MUNICIPAL","funcao":"Legislativa","sub_funcao":"A\u00e7\u00e3o Legislativa","programa":"ATUA\u00c7\u00c3O LEGISLATIVA E APOIO ADMINISTRATIVO AS A\u00c7\u00d5ES DA C\u00c2MARA","acao":"Reequipamento da C\u00e2mara Municipal","ident_acao":"Atividade","cat_econ":"Despesa Corrente","natureza_despesa":"Outras Despesas Correntes","modalidade_despesa":"Aplica\u00e7\u00f5es Diretas","elemento_despesa":"Outros Servi\u00e7os de Terceiros - Pessoa Jur\u00eddica","sub_elem_desp":"SEM SUBELEMENTO","fonte_recurso":"Recursos do Exerc\u00edcio Corrente \/ Outros Recursos n\u00e3o Vinculados \/ -"},{"ano_emissao_emp":"2023","n_emp":"0000022","data_emissao":"23\/01\/2023","valor":"16.519,92","tipo_empenho":"Global","hist_emp":"Contrato de Loca\u00e7\u00e3o e Manuten\u00e7\u00e3o de Software de Sistemas de Contabilidade \/ PPA\/ LDO\/LOA, Patrim\u00f4nio e Folha de Pagamento para a C\u00e2mara Municipal de Frei Miguelinho-PE. Per\u00edodo referente ao ano de 2023.","fornecedor":"CGPM CONSULTORIA, CONTROLE E CAPACITACAO EM GESTAO PUBLICA MUNICIPAL LTDA","denom_uni_orc":"C\u00c2MARA MUNICIPAL","funcao":"Legislativa","sub_funcao":"A\u00e7\u00e3o Legislativa","programa":"ATUA\u00c7\u00c3O LEGISLATIVA E APOIO ADMINISTRATIVO AS A\u00c7\u00d5ES DA C\u00c2MARA","acao":"Manuten\u00e7\u00e3o das Atividades Administrativas","ident_acao":"Atividade","cat_econ":"Despesa Corrente","natureza_despesa":"Outras Despesas Correntes","modalidade_despesa":"Aplica\u00e7\u00f5es Diretas","elemento_despesa":"Outros Servi\u00e7os de Terceiros - Pessoa Jur\u00eddica","sub_elem_desp":"SEM SUBELEMENTO","fonte_recurso":"Recursos do Exerc\u00edcio Corrente \/ Outros Recursos n\u00e3o Vinculados \/ -"},{"ano_emissao_emp":"2023","n_emp":"0000022","data_emissao":"23\/01\/2023","valor":"16.519,92","tipo_empenho":"Global","hist_emp":"Contrato de Loca\u00e7\u00e3o e Manuten\u00e7\u00e3o de Software de Sistemas de Contabilidade \/ PPA\/ LDO\/LOA, Patrim\u00f4nio e Folha de Pagamento para a C\u00e2mara Municipal de Frei Miguelinho-PE. Per\u00edodo referente ao ano de 2023.","fornecedor":"CGPM CONSULTORIA, CONTROLE E CAPACITACAO EM GESTAO PUBLICA MUNICIPAL LTDA","denom_uni_orc":"C\u00c2MARA MUNICIPAL","funcao":"Legislativa","sub_funcao":"A\u00e7\u00e3o Legislativa","programa":"ATUA\u00c7\u00c3O LEGISLATIVA E APOIO ADMINISTRATIVO AS A\u00c7\u00d5ES DA C\u00c2MARA","acao":"Parcelamento de D\u00e9bitos, Exceto parcelamentos celebrados com Entidades","ident_acao":"Atividade","cat_econ":"Despesa Corrente","natureza_despesa":"Outras Despesas Correntes","modalidade_despesa":"Aplica\u00e7\u00f5es Diretas","elemento_despesa":"Outros Servi\u00e7os de Terceiros - Pessoa Jur\u00eddica","sub_elem_desp":"SEM SUBELEMENTO","fonte_recurso":"Recursos do Exerc\u00edcio Corrente \/ Outros Recursos n\u00e3o Vinculados \/ -"},{"ano_emissao_emp":"2023","n_emp":"0000023","data_emissao":"31\/01\/2023","valor":"3.500,00","tipo_empenho":"Estimativo","hist_emp":"EMPENHO REFERE-SE AS DESPESAS COM TARIFAS BANC\u00c1RIAS COBRADAS PELO BANCO DO BRASIL PARA O ANO DE 2023.","fornecedor":"BANCO DO BRASIL SA.","denom_uni_orc":"C\u00c2MARA MUNICIPAL","funcao":"Legislativa","sub_funcao":"A\u00e7\u00e3o Legislativa","programa":"ATUA\u00c7\u00c3O LEGISLATIVA E APOIO ADMINISTRATIVO AS A\u00c7\u00d5ES DA C\u00c2MARA","acao":"Reequipamento da C\u00e2mara Municipal","ident_acao":"Atividade","cat_econ":"Despesa Corrente","natureza_despesa":"Outras Despesas Correntes","modalidade_despesa":"Aplica\u00e7\u00f5es Diretas","elemento_despesa":"Outros Servi\u00e7os de Terceiros - Pessoa Jur\u00eddica","sub_elem_desp":"SEM SUBELEMENTO","fonte_recurso":"Recursos do Exerc\u00edcio Corrente \/ Outros Recursos n\u00e3o Vinculados \/ -"},{"ano_emissao_emp":"2023","n_emp":"0000023","data_emissao":"31\/01\/2023","valor":"3.500,00","tipo_empenho":"Estimativo","hist_emp":"EMPENHO REFERE-SE AS DESPESAS COM TARIFAS BANC\u00c1RIAS COBRADAS PELO BANCO DO BRASIL PARA O ANO DE 2023.","fornecedor":"BANCO DO BRASIL SA.","denom_uni_orc":"C\u00c2MARA MUNICIPAL","funcao":"Legislativa","sub_funcao":"A\u00e7\u00e3o Legislativa","programa":"ATUA\u00c7\u00c3O LEGISLATIVA E APOIO ADMINISTRATIVO AS A\u00c7\u00d5ES DA C\u00c2MARA","acao":"Manuten\u00e7\u00e3o das Atividades Administrativas","ident_acao":"Atividade","cat_econ":"Despesa Corrente","natureza_despesa":"Outras Despesas Correntes","modalidade_despesa":"Aplica\u00e7\u00f5es Diretas","elemento_despesa":"Outros Servi\u00e7os de Terceiros - Pessoa Jur\u00eddica","sub_elem_desp":"SEM SUBELEMENTO","fonte_recurso":"Recursos do Exerc\u00edcio Corrente \/ Outros Recursos n\u00e3o Vinculados \/ -"},{"ano_emissao_emp":"2023","n_emp":"0000023","data_emissao":"31\/01\/2023","valor":"3.500,00","tipo_empenho":"Estimativo","hist_emp":"EMPENHO REFERE-SE AS DESPESAS COM TARIFAS BANC\u00c1RIAS COBRADAS PELO BANCO DO BRASIL PARA O ANO DE 2023.","fornecedor":"BANCO DO BRASIL SA.","denom_uni_orc":"C\u00c2MARA MUNICIPAL","funcao":"Legislativa","sub_funcao":"A\u00e7\u00e3o Legislativa","programa":"ATUA\u00c7\u00c3O LEGISLATIVA E APOIO ADMINISTRATIVO AS A\u00c7\u00d5ES DA C\u00c2MARA","acao":"Parcelamento de D\u00e9bitos, Exceto parcelamentos celebrados com Entidades","ident_acao":"Atividade","cat_econ":"Despesa Corrente","natureza_despesa":"Outras Despesas Correntes","modalidade_despesa":"Aplica\u00e7\u00f5es Diretas","elemento_despesa":"Outros Servi\u00e7os de Terceiros - Pessoa Jur\u00eddica","sub_elem_desp":"SEM SUBELEMENTO","fonte_recurso":"Recursos do Exerc\u00edcio Corrente \/ Outros Recursos n\u00e3o Vinculados \/ -"},{"ano_emissao_emp":"2023","n_emp":"0000024","data_emissao":"31\/01\/2023","valor":"311.000,00","tipo_empenho":"Estimativo","hist_emp":"EMPENHO REFERE-SE A DESPESA COM INSS PATRONAL, GILRAT, SALARIO FAM\u00cdLIA, SAL\u00c1RIO MATERNIDADE ENTRE OUTROS PARA O ANO DE 2023.","fornecedor":"FOLHA DE PAGAMENTO","denom_uni_orc":"C\u00c2MARA MUNICIPAL","funcao":"Legislativa","sub_funcao":"A\u00e7\u00e3o Legislativa","programa":"ATUA\u00c7\u00c3O LEGISLATIVA E APOIO ADMINISTRATIVO AS A\u00c7\u00d5ES DA C\u00c2MARA","acao":"A\u00e7\u00f5es de Enfrentamento ao COVID-19 Atrav\u00e9s de Despesas de Investimento","ident_acao":"Atividade","cat_econ":"Despesa Corrente","natureza_despesa":"Pessoal e Encargos Sociais","modalidade_despesa":"Aplica\u00e7\u00f5es Diretas","elemento_despesa":"Obriga\u00e7\u00f5es Patronais","sub_elem_desp":"SEM SUBELEMENTO","fonte_recurso":"Recursos do Exerc\u00edcio Corrente \/ Outros Recursos n\u00e3o Vinculados \/ -"},{"ano_emissao_emp":"2023","n_emp":"0000024","data_emissao":"31\/01\/2023","valor":"311.000,00","tipo_empenho":"Estimativo","hist_emp":"EMPENHO REFERE-SE A DESPESA COM INSS PATRONAL, GILRAT, SALARIO FAM\u00cdLIA, SAL\u00c1RIO MATERNIDADE ENTRE OUTROS PARA O ANO DE 2023.","fornecedor":"FOLHA DE PAGAMENTO","denom_uni_orc":"C\u00c2MARA MUNICIPAL","funcao":"Legislativa","sub_funcao":"A\u00e7\u00e3o Legislativa","programa":"ATUA\u00c7\u00c3O LEGISLATIVA E APOIO ADMINISTRATIVO AS A\u00c7\u00d5ES DA C\u00c2MARA","acao":"Prover Encargos Previdenci\u00e1rios","ident_acao":"Atividade","cat_econ":"Despesa Corrente","natureza_despesa":"Pessoal e Encargos Sociais","modalidade_despesa":"Aplica\u00e7\u00f5es Diretas","elemento_despesa":"Obriga\u00e7\u00f5es Patronais","sub_elem_desp":"SEM SUBELEMENTO","fonte_recurso":"Recursos do Exerc\u00edcio Corrente \/ Outros Recursos n\u00e3o Vinculados \/ -"},{"ano_emissao_emp":"2023","n_emp":"0000024","data_emissao":"31\/01\/2023","valor":"311.000,00","tipo_empenho":"Estimativo","hist_emp":"EMPENHO REFERE-SE A DESPESA COM INSS PATRONAL, GILRAT, SALARIO FAM\u00cdLIA, SAL\u00c1RIO MATERNIDADE ENTRE OUTROS PARA O ANO DE 2023.","fornecedor":"FOLHA DE PAGAMENTO","denom_uni_orc":"C\u00c2MARA MUNICIPAL","funcao":"Legislativa","sub_funcao":"A\u00e7\u00e3o Legislativa","programa":"ATUA\u00c7\u00c3O LEGISLATIVA E APOIO ADMINISTRATIVO AS A\u00c7\u00d5ES DA C\u00c2MARA","acao":"Indeniza\u00e7\u00f5es e Restitui\u00e7\u00f5es Diversas","ident_acao":"Atividade","cat_econ":"Despesa Corrente","natureza_despesa":"Pessoal e Encargos Sociais","modalidade_despesa":"Aplica\u00e7\u00f5es Diretas","elemento_despesa":"Obriga\u00e7\u00f5es Patronais","sub_elem_desp":"SEM SUBELEMENTO","fonte_recurso":"Recursos do Exerc\u00edcio Corrente \/ Outros Recursos n\u00e3o Vinculados \/ -"},{"ano_emissao_emp":"2023","n_emp":"0000025","data_emissao":"06\/02\/2023","valor":"340,00","tipo_empenho":"Ordin\u00e1rio","hist_emp":"DESPESA REFERENTE A COMPRA DE COROA FUNEBRE PARA O VALERIO DO EX PREFEITO DO MUNICIPIO DE FREI MIGUELINHO \"LULA DA CAPIVARA\"","fornecedor":"MESSIAS MARIA SILVA DE PAULA LTDA","denom_uni_orc":"C\u00c2MARA MUNICIPAL","funcao":"Legislativa","sub_funcao":"A\u00e7\u00e3o Legislativa","programa":"ATUA\u00c7\u00c3O LEGISLATIVA E APOIO ADMINISTRATIVO AS A\u00c7\u00d5ES DA C\u00c2MARA","acao":"Reequipamento da C\u00e2mara Municipal","ident_acao":"Atividade","cat_econ":"Despesa Corrente","natureza_despesa":"Outras Despesas Correntes","modalidade_despesa":"Aplica\u00e7\u00f5es Diretas","elemento_despesa":"Outros Servi\u00e7os de Terceiros - Pessoa Jur\u00eddica","sub_elem_desp":"SEM SUBELEMENTO","fonte_recurso":"Recursos do Exerc\u00edcio Corrente \/ Outros Recursos n\u00e3o Vinculados \/ -"},{"ano_emissao_emp":"2023","n_emp":"0000025","data_emissao":"06\/02\/2023","valor":"340,00","tipo_empenho":"Ordin\u00e1rio","hist_emp":"DESPESA REFERENTE A COMPRA DE COROA FUNEBRE PARA O VALERIO DO EX PREFEITO DO MUNICIPIO DE FREI MIGUELINHO \"LULA DA CAPIVARA\"","fornecedor":"MESSIAS MARIA SILVA DE PAULA LTDA","denom_uni_orc":"C\u00c2MARA MUNICIPAL","funcao":"Legislativa","sub_funcao":"A\u00e7\u00e3o Legislativa","programa":"ATUA\u00c7\u00c3O LEGISLATIVA E APOIO ADMINISTRATIVO AS A\u00c7\u00d5ES DA C\u00c2MARA","acao":"Manuten\u00e7\u00e3o das Atividades Administrativas","ident_acao":"Atividade","cat_econ":"Despesa Corrente","natureza_despesa":"Outras Despesas Correntes","modalidade_despesa":"Aplica\u00e7\u00f5es Diretas","elemento_despesa":"Outros Servi\u00e7os de Terceiros - Pessoa Jur\u00eddica","sub_elem_desp":"SEM SUBELEMENTO","fonte_recurso":"Recursos do Exerc\u00edcio Corrente \/ Outros Recursos n\u00e3o Vinculados \/ -"},{"ano_emissao_emp":"2023","n_emp":"0000025","data_emissao":"06\/02\/2023","valor":"340,00","tipo_empenho":"Ordin\u00e1rio","hist_emp":"DESPESA REFERENTE A COMPRA DE COROA FUNEBRE PARA O VALERIO DO EX PREFEITO DO MUNICIPIO DE FREI MIGUELINHO \"LULA DA CAPIVARA\"","fornecedor":"MESSIAS MARIA SILVA DE PAULA LTDA","denom_uni_orc":"C\u00c2MARA MUNICIPAL","funcao":"Legislativa","sub_funcao":"A\u00e7\u00e3o Legislativa","programa":"ATUA\u00c7\u00c3O LEGISLATIVA E APOIO ADMINISTRATIVO AS A\u00c7\u00d5ES DA C\u00c2MARA","acao":"Parcelamento de D\u00e9bitos, Exceto parcelamentos celebrados com Entidades","ident_acao":"Atividade","cat_econ":"Despesa Corrente","natureza_despesa":"Outras Despesas Correntes","modalidade_despesa":"Aplica\u00e7\u00f5es Diretas","elemento_despesa":"Outros Servi\u00e7os de Terceiros - Pessoa Jur\u00eddica","sub_elem_desp":"SEM SUBELEMENTO","fonte_recurso":"Recursos do Exerc\u00edcio Corrente \/ Outros Recursos n\u00e3o Vinculados \/ -"},{"ano_emissao_emp":"2023","n_emp":"0000026","data_emissao":"06\/02\/2023","valor":"149,00","tipo_empenho":"Ordin\u00e1rio","hist_emp":"EMPENHO REFERE-SE A COMPRA DE UM CELULAR NOKIA 105 NK 093 PRETO IMEI 3524625290690063","fornecedor":"MILLENA COMERCIO VAREJISTA DE MOVEIS E ELETRO LTDA","denom_uni_orc":"C\u00c2MARA MUNICIPAL","funcao":"Legislativa","sub_funcao":"A\u00e7\u00e3o Legislativa","programa":"ATUA\u00c7\u00c3O LEGISLATIVA E APOIO ADMINISTRATIVO AS A\u00c7\u00d5ES DA C\u00c2MARA","acao":"Reequipamento da C\u00e2mara Municipal","ident_acao":"Projeto","cat_econ":"Despesa de Capital","natureza_despesa":"Investimentos","modalidade_despesa":"Aplica\u00e7\u00f5es Diretas","elemento_despesa":"Equipamentos e Material Permanente","sub_elem_desp":"SEM SUBELEMENTO","fonte_recurso":"Recursos do Exerc\u00edcio Corrente \/ Outros Recursos n\u00e3o Vinculados \/ -"},{"ano_emissao_emp":"2023","n_emp":"0000026","data_emissao":"06\/02\/2023","valor":"149,00","tipo_empenho":"Ordin\u00e1rio","hist_emp":"EMPENHO REFERE-SE A COMPRA DE UM CELULAR NOKIA 105 NK 093 PRETO IMEI 3524625290690063","fornecedor":"MILLENA COMERCIO VAREJISTA DE MOVEIS E ELETRO LTDA","denom_uni_orc":"C\u00c2MARA MUNICIPAL","funcao":"Legislativa","sub_funcao":"A\u00e7\u00e3o Legislativa","programa":"ATUA\u00c7\u00c3O LEGISLATIVA E APOIO ADMINISTRATIVO AS A\u00c7\u00d5ES DA C\u00c2MARA","acao":"Manuten\u00e7\u00e3o das Atividades Administrativas","ident_acao":"Projeto","cat_econ":"Despesa de Capital","natureza_despesa":"Investimentos","modalidade_despesa":"Aplica\u00e7\u00f5es Diretas","elemento_despesa":"Equipamentos e Material Permanente","sub_elem_desp":"SEM SUBELEMENTO","fonte_recurso":"Recursos do Exerc\u00edcio Corrente \/ Outros Recursos n\u00e3o Vinculados \/ -"},{"ano_emissao_emp":"2023","n_emp":"0000026","data_emissao":"06\/02\/2023","valor":"149,00","tipo_empenho":"Ordin\u00e1rio","hist_emp":"EMPENHO REFERE-SE A COMPRA DE UM CELULAR NOKIA 105 NK 093 PRETO IMEI 3524625290690063","fornecedor":"MILLENA COMERCIO VAREJISTA DE MOVEIS E ELETRO LTDA","denom_uni_orc":"C\u00c2MARA MUNICIPAL","funcao":"Legislativa","sub_funcao":"A\u00e7\u00e3o Legislativa","programa":"ATUA\u00c7\u00c3O LEGISLATIVA E APOIO ADMINISTRATIVO AS A\u00c7\u00d5ES DA C\u00c2MARA","acao":"Parcelamento de D\u00e9bitos, Exceto parcelamentos celebrados com Entidades","ident_acao":"Projeto","cat_econ":"Despesa de Capital","natureza_despesa":"Investimentos","modalidade_despesa":"Aplica\u00e7\u00f5es Diretas","elemento_despesa":"Equipamentos e Material Permanente","sub_elem_desp":"SEM SUBELEMENTO","fonte_recurso":"Recursos do Exerc\u00edcio Corrente \/ Outros Recursos n\u00e3o Vinculados \/ -"},{"ano_emissao_emp":"2023","n_emp":"0000027","data_emissao":"06\/02\/2023","valor":"669,43","tipo_empenho":"Ordin\u00e1rio","hist_emp":"EMPRENHO REFERE-SE A COMPRA DE MATERIAL DE USO E CONSUMO PARA ESTA CASA LEGISLATIVA","fornecedor":"ANDREZZA ARAUJO OLIVEIRA DE MEDEIROS","denom_uni_orc":"C\u00c2MARA MUNICIPAL","funcao":"Legislativa","sub_funcao":"A\u00e7\u00e3o Legislativa","programa":"ATUA\u00c7\u00c3O LEGISLATIVA E APOIO ADMINISTRATIVO AS A\u00c7\u00d5ES DA C\u00c2MARA","acao":"Reequipamento da C\u00e2mara Municipal","ident_acao":"Atividade","cat_econ":"Despesa Corrente","natureza_despesa":"Outras Despesas Correntes","modalidade_despesa":"Aplica\u00e7\u00f5es Diretas","elemento_despesa":"Material de Consumo","sub_elem_desp":"SEM SUBELEMENTO","fonte_recurso":"Recursos do Exerc\u00edcio Corrente \/ Outros Recursos n\u00e3o Vinculados \/ -"},{"ano_emissao_emp":"2023","n_emp":"0000027","data_emissao":"06\/02\/2023","valor":"669,43","tipo_empenho":"Ordin\u00e1rio","hist_emp":"EMPRENHO REFERE-SE A COMPRA DE MATERIAL DE USO E CONSUMO PARA ESTA CASA LEGISLATIVA","fornecedor":"ANDREZZA ARAUJO OLIVEIRA DE MEDEIROS","denom_uni_orc":"C\u00c2MARA MUNICIPAL","funcao":"Legislativa","sub_funcao":"A\u00e7\u00e3o Legislativa","programa":"ATUA\u00c7\u00c3O LEGISLATIVA E APOIO ADMINISTRATIVO AS A\u00c7\u00d5ES DA C\u00c2MARA","acao":"Manuten\u00e7\u00e3o das Atividades Administrativas","ident_acao":"Atividade","cat_econ":"Despesa Corrente","natureza_despesa":"Outras Despesas Correntes","modalidade_despesa":"Aplica\u00e7\u00f5es Diretas","elemento_despesa":"Material de Consumo","sub_elem_desp":"SEM SUBELEMENTO","fonte_recurso":"Recursos do Exerc\u00edcio Corrente \/ Outros Recursos n\u00e3o Vinculados \/ -"},{"ano_emissao_emp":"2023","n_emp":"0000027","data_emissao":"06\/02\/2023","valor":"669,43","tipo_empenho":"Ordin\u00e1rio","hist_emp":"EMPRENHO REFERE-SE A COMPRA DE MATERIAL DE USO E CONSUMO PARA ESTA CASA LEGISLATIVA","fornecedor":"ANDREZZA ARAUJO OLIVEIRA DE MEDEIROS","denom_uni_orc":"C\u00c2MARA MUNICIPAL","funcao":"Legislativa","sub_funcao":"A\u00e7\u00e3o Legislativa","programa":"ATUA\u00c7\u00c3O LEGISLATIVA E APOIO ADMINISTRATIVO AS A\u00c7\u00d5ES DA C\u00c2MARA","acao":"Parcelamento de D\u00e9bitos, Exceto parcelamentos celebrados com Entidades","ident_acao":"Atividade","cat_econ":"Despesa Corrente","natureza_despesa":"Outras Despesas Correntes","modalidade_despesa":"Aplica\u00e7\u00f5es Diretas","elemento_despesa":"Material de Consumo","sub_elem_desp":"SEM SUBELEMENTO","fonte_recurso":"Recursos do Exerc\u00edcio Corrente \/ Outros Recursos n\u00e3o Vinculados \/ -"},{"ano_emissao_emp":"2023","n_emp":"0000028","data_emissao":"06\/02\/2023","valor":"75.600,00","tipo_empenho":"Ordin\u00e1rio","hist_emp":"Referente a folha de pagamento normal do m\u00eas de fevereiro de 2023","fornecedor":"FOLHA DE PAGAMENTO","denom_uni_orc":"C\u00c2MARA MUNICIPAL","funcao":"Legislativa","sub_funcao":"A\u00e7\u00e3o Legislativa","programa":"ATUA\u00c7\u00c3O LEGISLATIVA E APOIO ADMINISTRATIVO AS A\u00c7\u00d5ES DA C\u00c2MARA","acao":"Amplia\u00e7\u00e3o e Restaura\u00e7\u00e3o do Pr\u00e9dio da C\u00e2mara","ident_acao":"Atividade","cat_econ":"Despesa Corrente","natureza_despesa":"Pessoal e Encargos Sociais","modalidade_despesa":"Aplica\u00e7\u00f5es Diretas","elemento_despesa":"Vencimentos e Vantagens Fixas - Pessoal Civil","sub_elem_desp":"SEM SUBELEMENTO","fonte_recurso":"Recursos do Exerc\u00edcio Corrente \/ Outros Recursos n\u00e3o Vinculados \/ -"},{"ano_emissao_emp":"2023","n_emp":"0000028","data_emissao":"06\/02\/2023","valor":"75.600,00","tipo_empenho":"Ordin\u00e1rio","hist_emp":"Referente a folha de pagamento normal do m\u00eas de fevereiro de 2023","fornecedor":"FOLHA DE PAGAMENTO","denom_uni_orc":"C\u00c2MARA MUNICIPAL","funcao":"Legislativa","sub_funcao":"A\u00e7\u00e3o Legislativa","programa":"ATUA\u00c7\u00c3O LEGISLATIVA E APOIO ADMINISTRATIVO AS A\u00c7\u00d5ES DA C\u00c2MARA","acao":"Manuten\u00e7\u00e3o das Atividades Legislativas","ident_acao":"Atividade","cat_econ":"Despesa Corrente","natureza_despesa":"Pessoal e Encargos Sociais","modalidade_despesa":"Aplica\u00e7\u00f5es Diretas","elemento_despesa":"Vencimentos e Vantagens Fixas - Pessoal Civil","sub_elem_desp":"SEM SUBELEMENTO","fonte_recurso":"Recursos do Exerc\u00edcio Corrente \/ Outros Recursos n\u00e3o Vinculados \/ -"},{"ano_emissao_emp":"2023","n_emp":"0000028","data_emissao":"06\/02\/2023","valor":"75.600,00","tipo_empenho":"Ordin\u00e1rio","hist_emp":"Referente a folha de pagamento normal do m\u00eas de fevereiro de 2023","fornecedor":"FOLHA DE PAGAMENTO","denom_uni_orc":"C\u00c2MARA MUNICIPAL","funcao":"Legislativa","sub_funcao":"A\u00e7\u00e3o Legislativa","programa":"ATUA\u00c7\u00c3O LEGISLATIVA E APOIO ADMINISTRATIVO AS A\u00c7\u00d5ES DA C\u00c2MARA","acao":"Parcelamento de D\u00e9bitos Fiscais com os Governos Estadual e Federal","ident_acao":"Atividade","cat_econ":"Despesa Corrente","natureza_despesa":"Pessoal e Encargos Sociais","modalidade_despesa":"Aplica\u00e7\u00f5es Diretas","elemento_despesa":"Vencimentos e Vantagens Fixas - Pessoal Civil","sub_elem_desp":"SEM SUBELEMENTO","fonte_recurso":"Recursos do Exerc\u00edcio Corrente \/ Outros Recursos n\u00e3o Vinculados \/ -"},{"ano_emissao_emp":"2023","n_emp":"0000029","data_emissao":"06\/02\/2023","valor":"39.040,00","tipo_empenho":"Ordin\u00e1rio","hist_emp":"Referente a folha de pagamento normal do m\u00eas de fevereiro de 2023","fornecedor":"FOLHA DE PAGAMENTO","denom_uni_orc":"C\u00c2MARA MUNICIPAL","funcao":"Legislativa","sub_funcao":"A\u00e7\u00e3o Legislativa","programa":"ATUA\u00c7\u00c3O LEGISLATIVA E APOIO ADMINISTRATIVO AS A\u00c7\u00d5ES DA C\u00c2MARA","acao":"Reequipamento da C\u00e2mara Municipal","ident_acao":"Atividade","cat_econ":"Despesa Corrente","natureza_despesa":"Pessoal e Encargos Sociais","modalidade_despesa":"Aplica\u00e7\u00f5es Diretas","elemento_despesa":"Vencimentos e Vantagens Fixas - Pessoal Civil","sub_elem_desp":"SEM SUBELEMENTO","fonte_recurso":"Recursos do Exerc\u00edcio Corrente \/ Outros Recursos n\u00e3o Vinculados \/ -"},{"ano_emissao_emp":"2023","n_emp":"0000029","data_emissao":"06\/02\/2023","valor":"39.040,00","tipo_empenho":"Ordin\u00e1rio","hist_emp":"Referente a folha de pagamento normal do m\u00eas de fevereiro de 2023","fornecedor":"FOLHA DE PAGAMENTO","denom_uni_orc":"C\u00c2MARA MUNICIPAL","funcao":"Legislativa","sub_funcao":"A\u00e7\u00e3o Legislativa","programa":"ATUA\u00c7\u00c3O LEGISLATIVA E APOIO ADMINISTRATIVO AS A\u00c7\u00d5ES DA C\u00c2MARA","acao":"Manuten\u00e7\u00e3o das Atividades Administrativas","ident_acao":"Atividade","cat_econ":"Despesa Corrente","natureza_despesa":"Pessoal e Encargos Sociais","modalidade_despesa":"Aplica\u00e7\u00f5es Diretas","elemento_despesa":"Vencimentos e Vantagens Fixas - Pessoal Civil","sub_elem_desp":"SEM SUBELEMENTO","fonte_recurso":"Recursos do Exerc\u00edcio Corrente \/ Outros Recursos n\u00e3o Vinculados \/ -"},{"ano_emissao_emp":"2023","n_emp":"0000029","data_emissao":"06\/02\/2023","valor":"39.040,00","tipo_empenho":"Ordin\u00e1rio","hist_emp":"Referente a folha de pagamento normal do m\u00eas de fevereiro de 2023","fornecedor":"FOLHA DE PAGAMENTO","denom_uni_orc":"C\u00c2MARA MUNICIPAL","funcao":"Legislativa","sub_funcao":"A\u00e7\u00e3o Legislativa","programa":"ATUA\u00c7\u00c3O LEGISLATIVA E APOIO ADMINISTRATIVO AS A\u00c7\u00d5ES DA C\u00c2MARA","acao":"Parcelamento de D\u00e9bitos, Exceto parcelamentos celebrados com Entidades","ident_acao":"Atividade","cat_econ":"Despesa Corrente","natureza_despesa":"Pessoal e Encargos Sociais","modalidade_despesa":"Aplica\u00e7\u00f5es Diretas","elemento_despesa":"Vencimentos e Vantagens Fixas - Pessoal Civil","sub_elem_desp":"SEM SUBELEMENTO","fonte_recurso":"Recursos do Exerc\u00edcio Corrente \/ Outros Recursos n\u00e3o Vinculados \/ -"},{"ano_emissao_emp":"2023","n_emp":"0000030","data_emissao":"06\/02\/2023","valor":"2.490,00","tipo_empenho":"Ordin\u00e1rio","hist_emp":"Referente a folha de pagamento normal do m\u00eas de fevereiro de 2023","fornecedor":"FOLHA DE PAGAMENTO","denom_uni_orc":"C\u00c2MARA MUNICIPAL","funcao":"Legislativa","sub_funcao":"A\u00e7\u00e3o Legislativa","programa":"ATUA\u00c7\u00c3O LEGISLATIVA E APOIO ADMINISTRATIVO AS A\u00c7\u00d5ES DA C\u00c2MARA","acao":"Apoio ao Conselho Municipal de Sa\u00fade Atrav\u00e9s de Despesas de Investimen","ident_acao":"Atividade","cat_econ":"Despesa Corrente","natureza_despesa":"Pessoal e Encargos Sociais","modalidade_despesa":"Aplica\u00e7\u00f5es Diretas","elemento_despesa":"Vencimentos e Vantagens Fixas - Pessoal Civil","sub_elem_desp":"SEM SUBELEMENTO","fonte_recurso":"Recursos do Exerc\u00edcio Corrente \/ Outros Recursos n\u00e3o Vinculados \/ -"},{"ano_emissao_emp":"2023","n_emp":"0000030","data_emissao":"06\/02\/2023","valor":"2.490,00","tipo_empenho":"Ordin\u00e1rio","hist_emp":"Referente a folha de pagamento normal do m\u00eas de fevereiro de 2023","fornecedor":"FOLHA DE PAGAMENTO","denom_uni_orc":"C\u00c2MARA MUNICIPAL","funcao":"Legislativa","sub_funcao":"A\u00e7\u00e3o Legislativa","programa":"ATUA\u00c7\u00c3O LEGISLATIVA E APOIO ADMINISTRATIVO AS A\u00c7\u00d5ES DA C\u00c2MARA","acao":"Gest\u00e3o do Controle Interno","ident_acao":"Atividade","cat_econ":"Despesa Corrente","natureza_despesa":"Pessoal e Encargos Sociais","modalidade_despesa":"Aplica\u00e7\u00f5es Diretas","elemento_despesa":"Vencimentos e Vantagens Fixas - Pessoal Civil","sub_elem_desp":"SEM SUBELEMENTO","fonte_recurso":"Recursos do Exerc\u00edcio Corrente \/ Outros Recursos n\u00e3o Vinculados \/ -"},{"ano_emissao_emp":"2023","n_emp":"0000030","data_emissao":"06\/02\/2023","valor":"2.490,00","tipo_empenho":"Ordin\u00e1rio","hist_emp":"Referente a folha de pagamento normal do m\u00eas de fevereiro de 2023","fornecedor":"FOLHA DE PAGAMENTO","denom_uni_orc":"C\u00c2MARA MUNICIPAL","funcao":"Legislativa","sub_funcao":"A\u00e7\u00e3o Legislativa","programa":"ATUA\u00c7\u00c3O LEGISLATIVA E APOIO ADMINISTRATIVO AS A\u00c7\u00d5ES DA C\u00c2MARA","acao":"Indeniza\u00e7\u00f5es e Restitui\u00e7\u00f5es Diversas","ident_acao":"Atividade","cat_econ":"Despesa Corrente","natureza_despesa":"Pessoal e Encargos Sociais","modalidade_despesa":"Aplica\u00e7\u00f5es Diretas","elemento_despesa":"Vencimentos e Vantagens Fixas - Pessoal Civil","sub_elem_desp":"SEM SUBELEMENTO","fonte_recurso":"Recursos do Exerc\u00edcio Corrente \/ Outros Recursos n\u00e3o Vinculados \/ -"},{"ano_emissao_emp":"2023","n_emp":"0000031","data_emissao":"17\/02\/2023","valor":"20.968,20","tipo_empenho":"Global","hist_emp":"PRESTACAO DE SERVICOS DE ALIMENTACAO E MANUTENCAO CORRETIVA DO SITE (PORTAL ELETRONICO) E DAS PAGINAS OFICIAIS DO PODER LEGISLATIVO MUNICIPAL DE FREI MIGUELINHO (INSTAGRAM\/FACEBOOK)","fornecedor":"CREATIVE SOLUCOES LTDA","denom_uni_orc":"C\u00c2MARA MUNICIPAL","funcao":"Legislativa","sub_funcao":"A\u00e7\u00e3o Legislativa","programa":"ATUA\u00c7\u00c3O LEGISLATIVA E APOIO ADMINISTRATIVO AS A\u00c7\u00d5ES DA C\u00c2MARA","acao":"Reequipamento da C\u00e2mara Municipal","ident_acao":"Atividade","cat_econ":"Despesa Corrente","natureza_despesa":"Outras Despesas Correntes","modalidade_despesa":"Aplica\u00e7\u00f5es Diretas","elemento_despesa":"Outros Servi\u00e7os de Terceiros - Pessoa Jur\u00eddica","sub_elem_desp":"SEM SUBELEMENTO","fonte_recurso":"Recursos do Exerc\u00edcio Corrente \/ Outros Recursos n\u00e3o Vinculados \/ -"},{"ano_emissao_emp":"2023","n_emp":"0000031","data_emissao":"17\/02\/2023","valor":"20.968,20","tipo_empenho":"Global","hist_emp":"PRESTACAO DE SERVICOS DE ALIMENTACAO E MANUTENCAO CORRETIVA DO SITE (PORTAL ELETRONICO) E DAS PAGINAS OFICIAIS DO PODER LEGISLATIVO MUNICIPAL DE FREI MIGUELINHO (INSTAGRAM\/FACEBOOK)","fornecedor":"CREATIVE SOLUCOES LTDA","denom_uni_orc":"C\u00c2MARA MUNICIPAL","funcao":"Legislativa","sub_funcao":"A\u00e7\u00e3o Legislativa","programa":"ATUA\u00c7\u00c3O LEGISLATIVA E APOIO ADMINISTRATIVO AS A\u00c7\u00d5ES DA C\u00c2MARA","acao":"Manuten\u00e7\u00e3o das Atividades Administrativas","ident_acao":"Atividade","cat_econ":"Despesa Corrente","natureza_despesa":"Outras Despesas Correntes","modalidade_despesa":"Aplica\u00e7\u00f5es Diretas","elemento_despesa":"Outros Servi\u00e7os de Terceiros - Pessoa Jur\u00eddica","sub_elem_desp":"SEM SUBELEMENTO","fonte_recurso":"Recursos do Exerc\u00edcio Corrente \/ Outros Recursos n\u00e3o Vinculados \/ -"},{"ano_emissao_emp":"2023","n_emp":"0000031","data_emissao":"17\/02\/2023","valor":"20.968,20","tipo_empenho":"Global","hist_emp":"PRESTACAO DE SERVICOS DE ALIMENTACAO E MANUTENCAO CORRETIVA DO SITE (PORTAL ELETRONICO) E DAS PAGINAS OFICIAIS DO PODER LEGISLATIVO MUNICIPAL DE FREI MIGUELINHO (INSTAGRAM\/FACEBOOK)","fornecedor":"CREATIVE SOLUCOES LTDA","denom_uni_orc":"C\u00c2MARA MUNICIPAL","funcao":"Legislativa","sub_funcao":"A\u00e7\u00e3o Legislativa","programa":"ATUA\u00c7\u00c3O LEGISLATIVA E APOIO ADMINISTRATIVO AS A\u00c7\u00d5ES DA C\u00c2MARA","acao":"Parcelamento de D\u00e9bitos, Exceto parcelamentos celebrados com Entidades","ident_acao":"Atividade","cat_econ":"Despesa Corrente","natureza_despesa":"Outras Despesas Correntes","modalidade_despesa":"Aplica\u00e7\u00f5es Diretas","elemento_despesa":"Outros Servi\u00e7os de Terceiros - Pessoa Jur\u00eddica","sub_elem_desp":"SEM SUBELEMENTO","fonte_recurso":"Recursos do Exerc\u00edcio Corrente \/ Outros Recursos n\u00e3o Vinculados \/ -"},{"ano_emissao_emp":"2023","n_emp":"0000032","data_emissao":"23\/02\/2023","valor":"16.500,00","tipo_empenho":"Estimativo","hist_emp":"EMPENHO REFERE-SE A COTA PARA O EXERC\u00cdCIO DA ATIVIDADE PARLAMENTAR MUNICIPAL - CEAPM, NA C\u00c2MARA MUNICIPAL DE FREI MIGUELINHO, CONFORME LEI 585 DE 21 DE FEVEREIRO 2022.","fornecedor":"JOSE EMERSON MEDEIROS DE LUCENA","denom_uni_orc":"C\u00c2MARA MUNICIPAL","funcao":"Legislativa","sub_funcao":"A\u00e7\u00e3o Legislativa","programa":"ATUA\u00c7\u00c3O LEGISLATIVA E APOIO ADMINISTRATIVO AS A\u00c7\u00d5ES DA C\u00c2MARA","acao":"Amplia\u00e7\u00e3o e Restaura\u00e7\u00e3o do Pr\u00e9dio da C\u00e2mara","ident_acao":"Atividade","cat_econ":"Despesa Corrente","natureza_despesa":"Outras Despesas Correntes","modalidade_despesa":"Aplica\u00e7\u00f5es Diretas","elemento_despesa":"Indeniza\u00e7\u00f5es e Restitui\u00e7\u00f5es","sub_elem_desp":"SEM SUBELEMENTO","fonte_recurso":"Recursos do Exerc\u00edcio Corrente \/ Outros Recursos n\u00e3o Vinculados \/ -"},{"ano_emissao_emp":"2023","n_emp":"0000032","data_emissao":"23\/02\/2023","valor":"16.500,00","tipo_empenho":"Estimativo","hist_emp":"EMPENHO REFERE-SE A COTA PARA O EXERC\u00cdCIO DA ATIVIDADE PARLAMENTAR MUNICIPAL - CEAPM, NA C\u00c2MARA MUNICIPAL DE FREI MIGUELINHO, CONFORME LEI 585 DE 21 DE FEVEREIRO 2022.","fornecedor":"JOSE EMERSON MEDEIROS DE LUCENA","denom_uni_orc":"C\u00c2MARA MUNICIPAL","funcao":"Legislativa","sub_funcao":"A\u00e7\u00e3o Legislativa","programa":"ATUA\u00c7\u00c3O LEGISLATIVA E APOIO ADMINISTRATIVO AS A\u00c7\u00d5ES DA C\u00c2MARA","acao":"Manuten\u00e7\u00e3o das Atividades Legislativas","ident_acao":"Atividade","cat_econ":"Despesa Corrente","natureza_despesa":"Outras Despesas Correntes","modalidade_despesa":"Aplica\u00e7\u00f5es Diretas","elemento_despesa":"Indeniza\u00e7\u00f5es e Restitui\u00e7\u00f5es","sub_elem_desp":"SEM SUBELEMENTO","fonte_recurso":"Recursos do Exerc\u00edcio Corrente \/ Outros Recursos n\u00e3o Vinculados \/ -"},{"ano_emissao_emp":"2023","n_emp":"0000032","data_emissao":"23\/02\/2023","valor":"16.500,00","tipo_empenho":"Estimativo","hist_emp":"EMPENHO REFERE-SE A COTA PARA O EXERC\u00cdCIO DA ATIVIDADE PARLAMENTAR MUNICIPAL - CEAPM, NA C\u00c2MARA MUNICIPAL DE FREI MIGUELINHO, CONFORME LEI 585 DE 21 DE FEVEREIRO 2022.","fornecedor":"JOSE EMERSON MEDEIROS DE LUCENA","denom_uni_orc":"C\u00c2MARA MUNICIPAL","funcao":"Legislativa","sub_funcao":"A\u00e7\u00e3o Legislativa","programa":"ATUA\u00c7\u00c3O LEGISLATIVA E APOIO ADMINISTRATIVO AS A\u00c7\u00d5ES DA C\u00c2MARA","acao":"Parcelamento de D\u00e9bitos Fiscais com os Governos Estadual e Federal","ident_acao":"Atividade","cat_econ":"Despesa Corrente","natureza_despesa":"Outras Despesas Correntes","modalidade_despesa":"Aplica\u00e7\u00f5es Diretas","elemento_despesa":"Indeniza\u00e7\u00f5es e Restitui\u00e7\u00f5es","sub_elem_desp":"SEM SUBELEMENTO","fonte_recurso":"Recursos do Exerc\u00edcio Corrente \/ Outros Recursos n\u00e3o Vinculados \/ -"},{"ano_emissao_emp":"2023","n_emp":"0000033","data_emissao":"02\/03\/2023","valor":"271,87","tipo_empenho":"Ordin\u00e1rio","hist_emp":"EMPENHO REFERE-SE A COMPRA DE MATERIAL DE ESPEDIENTE E EQUIPAMENTOS DE INFORM\u00c1TICA PARA ATENDER AS NECESSIDADES ADMINISTRATIVAS DESSA CASA LEGISLATIVA.","fornecedor":"GRAFICA AGRESTE LTDA EPP","denom_uni_orc":"C\u00c2MARA MUNICIPAL","funcao":"Legislativa","sub_funcao":"A\u00e7\u00e3o Legislativa","programa":"ATUA\u00c7\u00c3O LEGISLATIVA E APOIO ADMINISTRATIVO AS A\u00c7\u00d5ES DA C\u00c2MARA","acao":"Reequipamento da C\u00e2mara Municipal","ident_acao":"Atividade","cat_econ":"Despesa Corrente","natureza_despesa":"Outras Despesas Correntes","modalidade_despesa":"Aplica\u00e7\u00f5es Diretas","elemento_despesa":"Material de Consumo","sub_elem_desp":"SEM SUBELEMENTO","fonte_recurso":"Recursos do Exerc\u00edcio Corrente \/ Outros Recursos n\u00e3o Vinculados \/ -"},{"ano_emissao_emp":"2023","n_emp":"0000033","data_emissao":"02\/03\/2023","valor":"271,87","tipo_empenho":"Ordin\u00e1rio","hist_emp":"EMPENHO REFERE-SE A COMPRA DE MATERIAL DE ESPEDIENTE E EQUIPAMENTOS DE INFORM\u00c1TICA PARA ATENDER AS NECESSIDADES ADMINISTRATIVAS DESSA CASA LEGISLATIVA.","fornecedor":"GRAFICA AGRESTE LTDA EPP","denom_uni_orc":"C\u00c2MARA MUNICIPAL","funcao":"Legislativa","sub_funcao":"A\u00e7\u00e3o Legislativa","programa":"ATUA\u00c7\u00c3O LEGISLATIVA E APOIO ADMINISTRATIVO AS A\u00c7\u00d5ES DA C\u00c2MARA","acao":"Manuten\u00e7\u00e3o das Atividades Administrativas","ident_acao":"Atividade","cat_econ":"Despesa Corrente","natureza_despesa":"Outras Despesas Correntes","modalidade_despesa":"Aplica\u00e7\u00f5es Diretas","elemento_despesa":"Material de Consumo","sub_elem_desp":"SEM SUBELEMENTO","fonte_recurso":"Recursos do Exerc\u00edcio Corrente \/ Outros Recursos n\u00e3o Vinculados \/ -"},{"ano_emissao_emp":"2023","n_emp":"0000033","data_emissao":"02\/03\/2023","valor":"271,87","tipo_empenho":"Ordin\u00e1rio","hist_emp":"EMPENHO REFERE-SE A COMPRA DE MATERIAL DE ESPEDIENTE E EQUIPAMENTOS DE INFORM\u00c1TICA PARA ATENDER AS NECESSIDADES ADMINISTRATIVAS DESSA CASA LEGISLATIVA.","fornecedor":"GRAFICA AGRESTE LTDA EPP","denom_uni_orc":"C\u00c2MARA MUNICIPAL","funcao":"Legislativa","sub_funcao":"A\u00e7\u00e3o Legislativa","programa":"ATUA\u00c7\u00c3O LEGISLATIVA E APOIO ADMINISTRATIVO AS A\u00c7\u00d5ES DA C\u00c2MARA","acao":"Parcelamento de D\u00e9bitos, Exceto parcelamentos celebrados com Entidades","ident_acao":"Atividade","cat_econ":"Despesa Corrente","natureza_despesa":"Outras Despesas Correntes","modalidade_despesa":"Aplica\u00e7\u00f5es Diretas","elemento_despesa":"Material de Consumo","sub_elem_desp":"SEM SUBELEMENTO","fonte_recurso":"Recursos do Exerc\u00edcio Corrente \/ Outros Recursos n\u00e3o Vinculados \/ -"},{"ano_emissao_emp":"2023","n_emp":"0000034","data_emissao":"02\/03\/2023","valor":"100,00","tipo_empenho":"Ordin\u00e1rio","hist_emp":"SOLICITA\u00c7\u00c3O DE DI\u00c1RIA REFERENTE A VIAGEM A CIDADE DE SURUBIM\/PE PARA COMPRA DE MATERIAIS DE EXPEDIENTE NA GR\u00c1FICA AGRESTE.","fornecedor":"DEAN SALES GOMES","denom_uni_orc":"C\u00c2MARA MUNICIPAL","funcao":"Legislativa","sub_funcao":"A\u00e7\u00e3o Legislativa","programa":"ATUA\u00c7\u00c3O LEGISLATIVA E APOIO ADMINISTRATIVO AS A\u00c7\u00d5ES DA C\u00c2MARA","acao":"Reequipamento da C\u00e2mara Municipal","ident_acao":"Atividade","cat_econ":"Despesa Corrente","natureza_despesa":"Outras Despesas Correntes","modalidade_despesa":"Aplica\u00e7\u00f5es Diretas","elemento_despesa":"Di\u00e1rias \u2013 Civil","sub_elem_desp":"SEM SUBELEMENTO","fonte_recurso":"Recursos do Exerc\u00edcio Corrente \/ Outros Recursos n\u00e3o Vinculados \/ -"},{"ano_emissao_emp":"2023","n_emp":"0000034","data_emissao":"02\/03\/2023","valor":"100,00","tipo_empenho":"Ordin\u00e1rio","hist_emp":"SOLICITA\u00c7\u00c3O DE DI\u00c1RIA REFERENTE A VIAGEM A CIDADE DE SURUBIM\/PE PARA COMPRA DE MATERIAIS DE EXPEDIENTE NA GR\u00c1FICA AGRESTE.","fornecedor":"DEAN SALES GOMES","denom_uni_orc":"C\u00c2MARA MUNICIPAL","funcao":"Legislativa","sub_funcao":"A\u00e7\u00e3o Legislativa","programa":"ATUA\u00c7\u00c3O LEGISLATIVA E APOIO ADMINISTRATIVO AS A\u00c7\u00d5ES DA C\u00c2MARA","acao":"Manuten\u00e7\u00e3o das Atividades Administrativas","ident_acao":"Atividade","cat_econ":"Despesa Corrente","natureza_despesa":"Outras Despesas Correntes","modalidade_despesa":"Aplica\u00e7\u00f5es Diretas","elemento_despesa":"Di\u00e1rias \u2013 Civil","sub_elem_desp":"SEM SUBELEMENTO","fonte_recurso":"Recursos do Exerc\u00edcio Corrente \/ Outros Recursos n\u00e3o Vinculados \/ -"},{"ano_emissao_emp":"2023","n_emp":"0000034","data_emissao":"02\/03\/2023","valor":"100,00","tipo_empenho":"Ordin\u00e1rio","hist_emp":"SOLICITA\u00c7\u00c3O DE DI\u00c1RIA REFERENTE A VIAGEM A CIDADE DE SURUBIM\/PE PARA COMPRA DE MATERIAIS DE EXPEDIENTE NA GR\u00c1FICA AGRESTE.","fornecedor":"DEAN SALES GOMES","denom_uni_orc":"C\u00c2MARA MUNICIPAL","funcao":"Legislativa","sub_funcao":"A\u00e7\u00e3o Legislativa","programa":"ATUA\u00c7\u00c3O LEGISLATIVA E APOIO ADMINISTRATIVO AS A\u00c7\u00d5ES DA C\u00c2MARA","acao":"Parcelamento de D\u00e9bitos, Exceto parcelamentos celebrados com Entidades","ident_acao":"Atividade","cat_econ":"Despesa Corrente","natureza_despesa":"Outras Despesas Correntes","modalidade_despesa":"Aplica\u00e7\u00f5es Diretas","elemento_despesa":"Di\u00e1rias \u2013 Civil","sub_elem_desp":"SEM SUBELEMENTO","fonte_recurso":"Recursos do Exerc\u00edcio Corrente \/ Outros Recursos n\u00e3o Vinculados \/ -"},{"ano_emissao_emp":"2023","n_emp":"0000035","data_emissao":"02\/03\/2023","valor":"800,00","tipo_empenho":"Ordin\u00e1rio","hist_emp":"EMPENHO REFERE-SE A MANUTEN\u00c7\u00c3O E LIMPEZA DE 5 CONSICIONADORES DE AR.","fornecedor":"JOSE CANDIDO DE AMORIM IRMAO","denom_uni_orc":"C\u00c2MARA MUNICIPAL","funcao":"Legislativa","sub_funcao":"A\u00e7\u00e3o Legislativa","programa":"ATUA\u00c7\u00c3O LEGISLATIVA E APOIO ADMINISTRATIVO AS A\u00c7\u00d5ES DA C\u00c2MARA","acao":"Reequipamento da C\u00e2mara Municipal","ident_acao":"Atividade","cat_econ":"Despesa Corrente","natureza_despesa":"Outras Despesas Correntes","modalidade_despesa":"Aplica\u00e7\u00f5es Diretas","elemento_despesa":"Outros Servi\u00e7os de Terceiros - Pessoa Jur\u00eddica","sub_elem_desp":"SEM SUBELEMENTO","fonte_recurso":"Recursos do Exerc\u00edcio Corrente \/ Outros Recursos n\u00e3o Vinculados \/ -"},{"ano_emissao_emp":"2023","n_emp":"0000035","data_emissao":"02\/03\/2023","valor":"800,00","tipo_empenho":"Ordin\u00e1rio","hist_emp":"EMPENHO REFERE-SE A MANUTEN\u00c7\u00c3O E LIMPEZA DE 5 CONSICIONADORES DE AR.","fornecedor":"JOSE CANDIDO DE AMORIM IRMAO","denom_uni_orc":"C\u00c2MARA MUNICIPAL","funcao":"Legislativa","sub_funcao":"A\u00e7\u00e3o Legislativa","programa":"ATUA\u00c7\u00c3O LEGISLATIVA E APOIO ADMINISTRATIVO AS A\u00c7\u00d5ES DA C\u00c2MARA","acao":"Manuten\u00e7\u00e3o das Atividades Administrativas","ident_acao":"Atividade","cat_econ":"Despesa Corrente","natureza_despesa":"Outras Despesas Correntes","modalidade_despesa":"Aplica\u00e7\u00f5es Diretas","elemento_despesa":"Outros Servi\u00e7os de Terceiros - Pessoa Jur\u00eddica","sub_elem_desp":"SEM SUBELEMENTO","fonte_recurso":"Recursos do Exerc\u00edcio Corrente \/ Outros Recursos n\u00e3o Vinculados \/ -"},{"ano_emissao_emp":"2023","n_emp":"0000035","data_emissao":"02\/03\/2023","valor":"800,00","tipo_empenho":"Ordin\u00e1rio","hist_emp":"EMPENHO REFERE-SE A MANUTEN\u00c7\u00c3O E LIMPEZA DE 5 CONSICIONADORES DE AR.","fornecedor":"JOSE CANDIDO DE AMORIM IRMAO","denom_uni_orc":"C\u00c2MARA MUNICIPAL","funcao":"Legislativa","sub_funcao":"A\u00e7\u00e3o Legislativa","programa":"ATUA\u00c7\u00c3O LEGISLATIVA E APOIO ADMINISTRATIVO AS A\u00c7\u00d5ES DA C\u00c2MARA","acao":"Parcelamento de D\u00e9bitos, Exceto parcelamentos celebrados com Entidades","ident_acao":"Atividade","cat_econ":"Despesa Corrente","natureza_despesa":"Outras Despesas Correntes","modalidade_despesa":"Aplica\u00e7\u00f5es Diretas","elemento_despesa":"Outros Servi\u00e7os de Terceiros - Pessoa Jur\u00eddica","sub_elem_desp":"SEM SUBELEMENTO","fonte_recurso":"Recursos do Exerc\u00edcio Corrente \/ Outros Recursos n\u00e3o Vinculados \/ -"},{"ano_emissao_emp":"2023","n_emp":"0000036","data_emissao":"02\/03\/2023","valor":"1.400,00","tipo_empenho":"Ordin\u00e1rio","hist_emp":"EMPENHO REFERE-SE A SEVI\u00c7OS PRESTADORES PARA INSTALA\u00c7\u00c3O DE UM AR-CONDICIONADO DE 30.000 BTUS","fornecedor":"JOSE LIBERATO  BRITO - ME","denom_uni_orc":"C\u00c2MARA MUNICIPAL","funcao":"Legislativa","sub_funcao":"A\u00e7\u00e3o Legislativa","programa":"ATUA\u00c7\u00c3O LEGISLATIVA E APOIO ADMINISTRATIVO AS A\u00c7\u00d5ES DA C\u00c2MARA","acao":"Reequipamento da C\u00e2mara Municipal","ident_acao":"Atividade","cat_econ":"Despesa Corrente","natureza_despesa":"Outras Despesas Correntes","modalidade_despesa":"Aplica\u00e7\u00f5es Diretas","elemento_despesa":"Outros Servi\u00e7os de Terceiros - Pessoa Jur\u00eddica","sub_elem_desp":"SEM SUBELEMENTO","fonte_recurso":"Recursos do Exerc\u00edcio Corrente \/ Outros Recursos n\u00e3o Vinculados \/ -"},{"ano_emissao_emp":"2023","n_emp":"0000036","data_emissao":"02\/03\/2023","valor":"1.400,00","tipo_empenho":"Ordin\u00e1rio","hist_emp":"EMPENHO REFERE-SE A SEVI\u00c7OS PRESTADORES PARA INSTALA\u00c7\u00c3O DE UM AR-CONDICIONADO DE 30.000 BTUS","fornecedor":"JOSE LIBERATO  BRITO - ME","denom_uni_orc":"C\u00c2MARA MUNICIPAL","funcao":"Legislativa","sub_funcao":"A\u00e7\u00e3o Legislativa","programa":"ATUA\u00c7\u00c3O LEGISLATIVA E APOIO ADMINISTRATIVO AS A\u00c7\u00d5ES DA C\u00c2MARA","acao":"Manuten\u00e7\u00e3o das Atividades Administrativas","ident_acao":"Atividade","cat_econ":"Despesa Corrente","natureza_despesa":"Outras Despesas Correntes","modalidade_despesa":"Aplica\u00e7\u00f5es Diretas","elemento_despesa":"Outros Servi\u00e7os de Terceiros - Pessoa Jur\u00eddica","sub_elem_desp":"SEM SUBELEMENTO","fonte_recurso":"Recursos do Exerc\u00edcio Corrente \/ Outros Recursos n\u00e3o Vinculados \/ -"},{"ano_emissao_emp":"2023","n_emp":"0000036","data_emissao":"02\/03\/2023","valor":"1.400,00","tipo_empenho":"Ordin\u00e1rio","hist_emp":"EMPENHO REFERE-SE A SEVI\u00c7OS PRESTADORES PARA INSTALA\u00c7\u00c3O DE UM AR-CONDICIONADO DE 30.000 BTUS","fornecedor":"JOSE LIBERATO  BRITO - ME","denom_uni_orc":"C\u00c2MARA MUNICIPAL","funcao":"Legislativa","sub_funcao":"A\u00e7\u00e3o Legislativa","programa":"ATUA\u00c7\u00c3O LEGISLATIVA E APOIO ADMINISTRATIVO AS A\u00c7\u00d5ES DA C\u00c2MARA","acao":"Parcelamento de D\u00e9bitos, Exceto parcelamentos celebrados com Entidades","ident_acao":"Atividade","cat_econ":"Despesa Corrente","natureza_despesa":"Outras Despesas Correntes","modalidade_despesa":"Aplica\u00e7\u00f5es Diretas","elemento_despesa":"Outros Servi\u00e7os de Terceiros - Pessoa Jur\u00eddica","sub_elem_desp":"SEM SUBELEMENTO","fonte_recurso":"Recursos do Exerc\u00edcio Corrente \/ Outros Recursos n\u00e3o Vinculados \/ -"},{"ano_emissao_emp":"2023","n_emp":"0000037","data_emissao":"07\/03\/2023","valor":"75.600,00","tipo_empenho":"Ordin\u00e1rio","hist_emp":"Referente a folha de pagamento normal do m\u00eas de mar\u00c7o de 2023","fornecedor":"FOLHA DE PAGAMENTO","denom_uni_orc":"C\u00c2MARA MUNICIPAL","funcao":"Legislativa","sub_funcao":"A\u00e7\u00e3o Legislativa","programa":"ATUA\u00c7\u00c3O LEGISLATIVA E APOIO ADMINISTRATIVO AS A\u00c7\u00d5ES DA C\u00c2MARA","acao":"Amplia\u00e7\u00e3o e Restaura\u00e7\u00e3o do Pr\u00e9dio da C\u00e2mara","ident_acao":"Atividade","cat_econ":"Despesa Corrente","natureza_despesa":"Pessoal e Encargos Sociais","modalidade_despesa":"Aplica\u00e7\u00f5es Diretas","elemento_despesa":"Vencimentos e Vantagens Fixas - Pessoal Civil","sub_elem_desp":"SEM SUBELEMENTO","fonte_recurso":"Recursos do Exerc\u00edcio Corrente \/ Outros Recursos n\u00e3o Vinculados \/ -"},{"ano_emissao_emp":"2023","n_emp":"0000037","data_emissao":"07\/03\/2023","valor":"75.600,00","tipo_empenho":"Ordin\u00e1rio","hist_emp":"Referente a folha de pagamento normal do m\u00eas de mar\u00c7o de 2023","fornecedor":"FOLHA DE PAGAMENTO","denom_uni_orc":"C\u00c2MARA MUNICIPAL","funcao":"Legislativa","sub_funcao":"A\u00e7\u00e3o Legislativa","programa":"ATUA\u00c7\u00c3O LEGISLATIVA E APOIO ADMINISTRATIVO AS A\u00c7\u00d5ES DA C\u00c2MARA","acao":"Manuten\u00e7\u00e3o das Atividades Legislativas","ident_acao":"Atividade","cat_econ":"Despesa Corrente","natureza_despesa":"Pessoal e Encargos Sociais","modalidade_despesa":"Aplica\u00e7\u00f5es Diretas","elemento_despesa":"Vencimentos e Vantagens Fixas - Pessoal Civil","sub_elem_desp":"SEM SUBELEMENTO","fonte_recurso":"Recursos do Exerc\u00edcio Corrente \/ Outros Recursos n\u00e3o Vinculados \/ -"},{"ano_emissao_emp":"2023","n_emp":"0000037","data_emissao":"07\/03\/2023","valor":"75.600,00","tipo_empenho":"Ordin\u00e1rio","hist_emp":"Referente a folha de pagamento normal do m\u00eas de mar\u00c7o de 2023","fornecedor":"FOLHA DE PAGAMENTO","denom_uni_orc":"C\u00c2MARA MUNICIPAL","funcao":"Legislativa","sub_funcao":"A\u00e7\u00e3o Legislativa","programa":"ATUA\u00c7\u00c3O LEGISLATIVA E APOIO ADMINISTRATIVO AS A\u00c7\u00d5ES DA C\u00c2MARA","acao":"Parcelamento de D\u00e9bitos Fiscais com os Governos Estadual e Federal","ident_acao":"Atividade","cat_econ":"Despesa Corrente","natureza_despesa":"Pessoal e Encargos Sociais","modalidade_despesa":"Aplica\u00e7\u00f5es Diretas","elemento_despesa":"Vencimentos e Vantagens Fixas - Pessoal Civil","sub_elem_desp":"SEM SUBELEMENTO","fonte_recurso":"Recursos do Exerc\u00edcio Corrente \/ Outros Recursos n\u00e3o Vinculados \/ -"},{"ano_emissao_emp":"2023","n_emp":"0000038","data_emissao":"07\/03\/2023","valor":"39.690,00","tipo_empenho":"Ordin\u00e1rio","hist_emp":"Referente a folha de pagamento normal do m\u00eas de mar\u00c7o de 2023","fornecedor":"FOLHA DE PAGAMENTO","denom_uni_orc":"C\u00c2MARA MUNICIPAL","funcao":"Legislativa","sub_funcao":"A\u00e7\u00e3o Legislativa","programa":"ATUA\u00c7\u00c3O LEGISLATIVA E APOIO ADMINISTRATIVO AS A\u00c7\u00d5ES DA C\u00c2MARA","acao":"Reequipamento da C\u00e2mara Municipal","ident_acao":"Atividade","cat_econ":"Despesa Corrente","natureza_despesa":"Pessoal e Encargos Sociais","modalidade_despesa":"Aplica\u00e7\u00f5es Diretas","elemento_despesa":"Vencimentos e Vantagens Fixas - Pessoal Civil","sub_elem_desp":"SEM SUBELEMENTO","fonte_recurso":"Recursos do Exerc\u00edcio Corrente \/ Outros Recursos n\u00e3o Vinculados \/ -"},{"ano_emissao_emp":"2023","n_emp":"0000038","data_emissao":"07\/03\/2023","valor":"39.690,00","tipo_empenho":"Ordin\u00e1rio","hist_emp":"Referente a folha de pagamento normal do m\u00eas de mar\u00c7o de 2023","fornecedor":"FOLHA DE PAGAMENTO","denom_uni_orc":"C\u00c2MARA MUNICIPAL","funcao":"Legislativa","sub_funcao":"A\u00e7\u00e3o Legislativa","programa":"ATUA\u00c7\u00c3O LEGISLATIVA E APOIO ADMINISTRATIVO AS A\u00c7\u00d5ES DA C\u00c2MARA","acao":"Manuten\u00e7\u00e3o das Atividades Administrativas","ident_acao":"Atividade","cat_econ":"Despesa Corrente","natureza_despesa":"Pessoal e Encargos Sociais","modalidade_despesa":"Aplica\u00e7\u00f5es Diretas","elemento_despesa":"Vencimentos e Vantagens Fixas - Pessoal Civil","sub_elem_desp":"SEM SUBELEMENTO","fonte_recurso":"Recursos do Exerc\u00edcio Corrente \/ Outros Recursos n\u00e3o Vinculados \/ -"},{"ano_emissao_emp":"2023","n_emp":"0000038","data_emissao":"07\/03\/2023","valor":"39.690,00","tipo_empenho":"Ordin\u00e1rio","hist_emp":"Referente a folha de pagamento normal do m\u00eas de mar\u00c7o de 2023","fornecedor":"FOLHA DE PAGAMENTO","denom_uni_orc":"C\u00c2MARA MUNICIPAL","funcao":"Legislativa","sub_funcao":"A\u00e7\u00e3o Legislativa","programa":"ATUA\u00c7\u00c3O LEGISLATIVA E APOIO ADMINISTRATIVO AS A\u00c7\u00d5ES DA C\u00c2MARA","acao":"Parcelamento de D\u00e9bitos, Exceto parcelamentos celebrados com Entidades","ident_acao":"Atividade","cat_econ":"Despesa Corrente","natureza_despesa":"Pessoal e Encargos Sociais","modalidade_despesa":"Aplica\u00e7\u00f5es Diretas","elemento_despesa":"Vencimentos e Vantagens Fixas - Pessoal Civil","sub_elem_desp":"SEM SUBELEMENTO","fonte_recurso":"Recursos do Exerc\u00edcio Corrente \/ Outros Recursos n\u00e3o Vinculados \/ -"},{"ano_emissao_emp":"2023","n_emp":"0000039","data_emissao":"07\/03\/2023","valor":"2.490,00","tipo_empenho":"Ordin\u00e1rio","hist_emp":"Referente a folha de pagamento normal do m\u00eas de mar\u00c7o de 2023","fornecedor":"FOLHA DE PAGAMENTO","denom_uni_orc":"C\u00c2MARA MUNICIPAL","funcao":"Legislativa","sub_funcao":"A\u00e7\u00e3o Legislativa","programa":"ATUA\u00c7\u00c3O LEGISLATIVA E APOIO ADMINISTRATIVO AS A\u00c7\u00d5ES DA C\u00c2MARA","acao":"Apoio ao Conselho Municipal de Sa\u00fade Atrav\u00e9s de Despesas de Investimen","ident_acao":"Atividade","cat_econ":"Despesa Corrente","natureza_despesa":"Pessoal e Encargos Sociais","modalidade_despesa":"Aplica\u00e7\u00f5es Diretas","elemento_despesa":"Vencimentos e Vantagens Fixas - Pessoal Civil","sub_elem_desp":"SEM SUBELEMENTO","fonte_recurso":"Recursos do Exerc\u00edcio Corrente \/ Outros Recursos n\u00e3o Vinculados \/ -"},{"ano_emissao_emp":"2023","n_emp":"0000039","data_emissao":"07\/03\/2023","valor":"2.490,00","tipo_empenho":"Ordin\u00e1rio","hist_emp":"Referente a folha de pagamento normal do m\u00eas de mar\u00c7o de 2023","fornecedor":"FOLHA DE PAGAMENTO","denom_uni_orc":"C\u00c2MARA MUNICIPAL","funcao":"Legislativa","sub_funcao":"A\u00e7\u00e3o Legislativa","programa":"ATUA\u00c7\u00c3O LEGISLATIVA E APOIO ADMINISTRATIVO AS A\u00c7\u00d5ES DA C\u00c2MARA","acao":"Gest\u00e3o do Controle Interno","ident_acao":"Atividade","cat_econ":"Despesa Corrente","natureza_despesa":"Pessoal e Encargos Sociais","modalidade_despesa":"Aplica\u00e7\u00f5es Diretas","elemento_despesa":"Vencimentos e Vantagens Fixas - Pessoal Civil","sub_elem_desp":"SEM SUBELEMENTO","fonte_recurso":"Recursos do Exerc\u00edcio Corrente \/ Outros Recursos n\u00e3o Vinculados \/ -"},{"ano_emissao_emp":"2023","n_emp":"0000039","data_emissao":"07\/03\/2023","valor":"2.490,00","tipo_empenho":"Ordin\u00e1rio","hist_emp":"Referente a folha de pagamento normal do m\u00eas de mar\u00c7o de 2023","fornecedor":"FOLHA DE PAGAMENTO","denom_uni_orc":"C\u00c2MARA MUNICIPAL","funcao":"Legislativa","sub_funcao":"A\u00e7\u00e3o Legislativa","programa":"ATUA\u00c7\u00c3O LEGISLATIVA E APOIO ADMINISTRATIVO AS A\u00c7\u00d5ES DA C\u00c2MARA","acao":"Indeniza\u00e7\u00f5es e Restitui\u00e7\u00f5es Diversas","ident_acao":"Atividade","cat_econ":"Despesa Corrente","natureza_despesa":"Pessoal e Encargos Sociais","modalidade_despesa":"Aplica\u00e7\u00f5es Diretas","elemento_despesa":"Vencimentos e Vantagens Fixas - Pessoal Civil","sub_elem_desp":"SEM SUBELEMENTO","fonte_recurso":"Recursos do Exerc\u00edcio Corrente \/ Outros Recursos n\u00e3o Vinculados \/ -"},{"ano_emissao_emp":"2023","n_emp":"0000040","data_emissao":"07\/03\/2023","valor":"990,00","tipo_empenho":"Ordin\u00e1rio","hist_emp":"EMPENHO REFERE-SE A COMPRA DE BANDERIAS DO BRASIL, DE PERNAMBUCO E DO MUNIC\u00cdPIO DE FREI MIGUELINHO PARA ESTA CASA LEGISLATIVA.","fornecedor":"FRANCRIS LIVRARIA E PAPELARIA LTDA - EPP","denom_uni_orc":"C\u00c2MARA MUNICIPAL","funcao":"Legislativa","sub_funcao":"A\u00e7\u00e3o Legislativa","programa":"ATUA\u00c7\u00c3O LEGISLATIVA E APOIO ADMINISTRATIVO AS A\u00c7\u00d5ES DA C\u00c2MARA","acao":"Reequipamento da C\u00e2mara Municipal","ident_acao":"Projeto","cat_econ":"Despesa de Capital","natureza_despesa":"Investimentos","modalidade_despesa":"Aplica\u00e7\u00f5es Diretas","elemento_despesa":"Equipamentos e Material Permanente","sub_elem_desp":"SEM SUBELEMENTO","fonte_recurso":"Recursos do Exerc\u00edcio Corrente \/ Outros Recursos n\u00e3o Vinculados \/ -"},{"ano_emissao_emp":"2023","n_emp":"0000040","data_emissao":"07\/03\/2023","valor":"990,00","tipo_empenho":"Ordin\u00e1rio","hist_emp":"EMPENHO REFERE-SE A COMPRA DE BANDERIAS DO BRASIL, DE PERNAMBUCO E DO MUNIC\u00cdPIO DE FREI MIGUELINHO PARA ESTA CASA LEGISLATIVA.","fornecedor":"FRANCRIS LIVRARIA E PAPELARIA LTDA - EPP","denom_uni_orc":"C\u00c2MARA MUNICIPAL","funcao":"Legislativa","sub_funcao":"A\u00e7\u00e3o Legislativa","programa":"ATUA\u00c7\u00c3O LEGISLATIVA E APOIO ADMINISTRATIVO AS A\u00c7\u00d5ES DA C\u00c2MARA","acao":"Manuten\u00e7\u00e3o das Atividades Administrativas","ident_acao":"Projeto","cat_econ":"Despesa de Capital","natureza_despesa":"Investimentos","modalidade_despesa":"Aplica\u00e7\u00f5es Diretas","elemento_despesa":"Equipamentos e Material Permanente","sub_elem_desp":"SEM SUBELEMENTO","fonte_recurso":"Recursos do Exerc\u00edcio Corrente \/ Outros Recursos n\u00e3o Vinculados \/ -"},{"ano_emissao_emp":"2023","n_emp":"0000040","data_emissao":"07\/03\/2023","valor":"990,00","tipo_empenho":"Ordin\u00e1rio","hist_emp":"EMPENHO REFERE-SE A COMPRA DE BANDERIAS DO BRASIL, DE PERNAMBUCO E DO MUNIC\u00cdPIO DE FREI MIGUELINHO PARA ESTA CASA LEGISLATIVA.","fornecedor":"FRANCRIS LIVRARIA E PAPELARIA LTDA - EPP","denom_uni_orc":"C\u00c2MARA MUNICIPAL","funcao":"Legislativa","sub_funcao":"A\u00e7\u00e3o Legislativa","programa":"ATUA\u00c7\u00c3O LEGISLATIVA E APOIO ADMINISTRATIVO AS A\u00c7\u00d5ES DA C\u00c2MARA","acao":"Parcelamento de D\u00e9bitos, Exceto parcelamentos celebrados com Entidades","ident_acao":"Projeto","cat_econ":"Despesa de Capital","natureza_despesa":"Investimentos","modalidade_despesa":"Aplica\u00e7\u00f5es Diretas","elemento_despesa":"Equipamentos e Material Permanente","sub_elem_desp":"SEM SUBELEMENTO","fonte_recurso":"Recursos do Exerc\u00edcio Corrente \/ Outros Recursos n\u00e3o Vinculados \/ -"},{"ano_emissao_emp":"2023","n_emp":"0000041","data_emissao":"16\/03\/2023","valor":"300,00","tipo_empenho":"Ordin\u00e1rio","hist_emp":"SOLICITA\u00c7\u00c3O DE DI\u00c1RIA COM DISTINO PARA A ASSEMBL\u00c9IA LEGISLATIVA DO ESTADO DE PERNAMBUCO, RUA DA UNI\u00c3O, N 397, BOA VISTA, CEP 55050-909, RECIFE-PE","fornecedor":"JOSE EMERSON MEDEIROS DE LUCENA","denom_uni_orc":"C\u00c2MARA MUNICIPAL","funcao":"Legislativa","sub_funcao":"A\u00e7\u00e3o Legislativa","programa":"ATUA\u00c7\u00c3O LEGISLATIVA E APOIO ADMINISTRATIVO AS A\u00c7\u00d5ES DA C\u00c2MARA","acao":"Amplia\u00e7\u00e3o e Restaura\u00e7\u00e3o do Pr\u00e9dio da C\u00e2mara","ident_acao":"Atividade","cat_econ":"Despesa Corrente","natureza_despesa":"Outras Despesas Correntes","modalidade_despesa":"Aplica\u00e7\u00f5es Diretas","elemento_despesa":"Di\u00e1rias \u2013 Civil","sub_elem_desp":"SEM SUBELEMENTO","fonte_recurso":"Recursos do Exerc\u00edcio Corrente \/ Outros Recursos n\u00e3o Vinculados \/ -"},{"ano_emissao_emp":"2023","n_emp":"0000041","data_emissao":"16\/03\/2023","valor":"300,00","tipo_empenho":"Ordin\u00e1rio","hist_emp":"SOLICITA\u00c7\u00c3O DE DI\u00c1RIA COM DISTINO PARA A ASSEMBL\u00c9IA LEGISLATIVA DO ESTADO DE PERNAMBUCO, RUA DA UNI\u00c3O, N 397, BOA VISTA, CEP 55050-909, RECIFE-PE","fornecedor":"JOSE EMERSON MEDEIROS DE LUCENA","denom_uni_orc":"C\u00c2MARA MUNICIPAL","funcao":"Legislativa","sub_funcao":"A\u00e7\u00e3o Legislativa","programa":"ATUA\u00c7\u00c3O LEGISLATIVA E APOIO ADMINISTRATIVO AS A\u00c7\u00d5ES DA C\u00c2MARA","acao":"Manuten\u00e7\u00e3o das Atividades Legislativas","ident_acao":"Atividade","cat_econ":"Despesa Corrente","natureza_despesa":"Outras Despesas Correntes","modalidade_despesa":"Aplica\u00e7\u00f5es Diretas","elemento_despesa":"Di\u00e1rias \u2013 Civil","sub_elem_desp":"SEM SUBELEMENTO","fonte_recurso":"Recursos do Exerc\u00edcio Corrente \/ Outros Recursos n\u00e3o Vinculados \/ -"},{"ano_emissao_emp":"2023","n_emp":"0000041","data_emissao":"16\/03\/2023","valor":"300,00","tipo_empenho":"Ordin\u00e1rio","hist_emp":"SOLICITA\u00c7\u00c3O DE DI\u00c1RIA COM DISTINO PARA A ASSEMBL\u00c9IA LEGISLATIVA DO ESTADO DE PERNAMBUCO, RUA DA UNI\u00c3O, N 397, BOA VISTA, CEP 55050-909, RECIFE-PE","fornecedor":"JOSE EMERSON MEDEIROS DE LUCENA","denom_uni_orc":"C\u00c2MARA MUNICIPAL","funcao":"Legislativa","sub_funcao":"A\u00e7\u00e3o Legislativa","programa":"ATUA\u00c7\u00c3O LEGISLATIVA E APOIO ADMINISTRATIVO AS A\u00c7\u00d5ES DA C\u00c2MARA","acao":"Parcelamento de D\u00e9bitos Fiscais com os Governos Estadual e Federal","ident_acao":"Atividade","cat_econ":"Despesa Corrente","natureza_despesa":"Outras Despesas Correntes","modalidade_despesa":"Aplica\u00e7\u00f5es Diretas","elemento_despesa":"Di\u00e1rias \u2013 Civil","sub_elem_desp":"SEM SUBELEMENTO","fonte_recurso":"Recursos do Exerc\u00edcio Corrente \/ Outros Recursos n\u00e3o Vinculados \/ -"},{"ano_emissao_emp":"2023","n_emp":"0000042","data_emissao":"16\/03\/2023","valor":"300,00","tipo_empenho":"Ordin\u00e1rio","hist_emp":"SOLICITA\u00c7\u00c3O DE DI\u00c1RIA COM DISTINO PARA A ASSEMBL\u00c9IA LEGISLATIVA DO ESTADO DE PERNAMBUCO, RUA DA UNI\u00c3O, N 397, BOA VISTA, CEP 55050-909, RECIFE-PE","fornecedor":"JOSE CARLOS MOROTO","denom_uni_orc":"C\u00c2MARA MUNICIPAL","funcao":"Legislativa","sub_funcao":"A\u00e7\u00e3o Legislativa","programa":"ATUA\u00c7\u00c3O LEGISLATIVA E APOIO ADMINISTRATIVO AS A\u00c7\u00d5ES DA C\u00c2MARA","acao":"Amplia\u00e7\u00e3o e Restaura\u00e7\u00e3o do Pr\u00e9dio da C\u00e2mara","ident_acao":"Atividade","cat_econ":"Despesa Corrente","natureza_despesa":"Outras Despesas Correntes","modalidade_despesa":"Aplica\u00e7\u00f5es Diretas","elemento_despesa":"Di\u00e1rias \u2013 Civil","sub_elem_desp":"SEM SUBELEMENTO","fonte_recurso":"Recursos do Exerc\u00edcio Corrente \/ Outros Recursos n\u00e3o Vinculados \/ -"},{"ano_emissao_emp":"2023","n_emp":"0000042","data_emissao":"16\/03\/2023","valor":"300,00","tipo_empenho":"Ordin\u00e1rio","hist_emp":"SOLICITA\u00c7\u00c3O DE DI\u00c1RIA COM DISTINO PARA A ASSEMBL\u00c9IA LEGISLATIVA DO ESTADO DE PERNAMBUCO, RUA DA UNI\u00c3O, N 397, BOA VISTA, CEP 55050-909, RECIFE-PE","fornecedor":"JOSE CARLOS MOROTO","denom_uni_orc":"C\u00c2MARA MUNICIPAL","funcao":"Legislativa","sub_funcao":"A\u00e7\u00e3o Legislativa","programa":"ATUA\u00c7\u00c3O LEGISLATIVA E APOIO ADMINISTRATIVO AS A\u00c7\u00d5ES DA C\u00c2MARA","acao":"Manuten\u00e7\u00e3o das Atividades Legislativas","ident_acao":"Atividade","cat_econ":"Despesa Corrente","natureza_despesa":"Outras Despesas Correntes","modalidade_despesa":"Aplica\u00e7\u00f5es Diretas","elemento_despesa":"Di\u00e1rias \u2013 Civil","sub_elem_desp":"SEM SUBELEMENTO","fonte_recurso":"Recursos do Exerc\u00edcio Corrente \/ Outros Recursos n\u00e3o Vinculados \/ -"},{"ano_emissao_emp":"2023","n_emp":"0000042","data_emissao":"16\/03\/2023","valor":"300,00","tipo_empenho":"Ordin\u00e1rio","hist_emp":"SOLICITA\u00c7\u00c3O DE DI\u00c1RIA COM DISTINO PARA A ASSEMBL\u00c9IA LEGISLATIVA DO ESTADO DE PERNAMBUCO, RUA DA UNI\u00c3O, N 397, BOA VISTA, CEP 55050-909, RECIFE-PE","fornecedor":"JOSE CARLOS MOROTO","denom_uni_orc":"C\u00c2MARA MUNICIPAL","funcao":"Legislativa","sub_funcao":"A\u00e7\u00e3o Legislativa","programa":"ATUA\u00c7\u00c3O LEGISLATIVA E APOIO ADMINISTRATIVO AS A\u00c7\u00d5ES DA C\u00c2MARA","acao":"Parcelamento de D\u00e9bitos Fiscais com os Governos Estadual e Federal","ident_acao":"Atividade","cat_econ":"Despesa Corrente","natureza_despesa":"Outras Despesas Correntes","modalidade_despesa":"Aplica\u00e7\u00f5es Diretas","elemento_despesa":"Di\u00e1rias \u2013 Civil","sub_elem_desp":"SEM SUBELEMENTO","fonte_recurso":"Recursos do Exerc\u00edcio Corrente \/ Outros Recursos n\u00e3o Vinculados \/ -"},{"ano_emissao_emp":"2023","n_emp":"0000043","data_emissao":"03\/04\/2023","valor":"360,00","tipo_empenho":"Ordin\u00e1rio","hist_emp":"EMPENHO REFERE-SE AOS SERVI\u00c7OS DE MANUTEN\u00c7\u00c3O E CONSERVA\u00c7\u00c3O DESSA CASA LEGISLATIVA","fornecedor":"MARCELO LEIT\u00c3O ALVES","denom_uni_orc":"C\u00c2MARA MUNICIPAL","funcao":"Legislativa","sub_funcao":"A\u00e7\u00e3o Legislativa","programa":"ATUA\u00c7\u00c3O LEGISLATIVA E APOIO ADMINISTRATIVO AS A\u00c7\u00d5ES DA C\u00c2MARA","acao":"Amplia\u00e7\u00e3o e Restaura\u00e7\u00e3o do Pr\u00e9dio da C\u00e2mara","ident_acao":"Projeto","cat_econ":"Despesa de Capital","natureza_despesa":"Investimentos","modalidade_despesa":"Aplica\u00e7\u00f5es Diretas","elemento_despesa":"Obras e Instala\u00e7\u00f5es","sub_elem_desp":"SEM SUBELEMENTO","fonte_recurso":"Recursos do Exerc\u00edcio Corrente \/ Outros Recursos n\u00e3o Vinculados \/ -"},{"ano_emissao_emp":"2023","n_emp":"0000043","data_emissao":"03\/04\/2023","valor":"360,00","tipo_empenho":"Ordin\u00e1rio","hist_emp":"EMPENHO REFERE-SE AOS SERVI\u00c7OS DE MANUTEN\u00c7\u00c3O E CONSERVA\u00c7\u00c3O DESSA CASA LEGISLATIVA","fornecedor":"MARCELO LEIT\u00c3O ALVES","denom_uni_orc":"C\u00c2MARA MUNICIPAL","funcao":"Legislativa","sub_funcao":"A\u00e7\u00e3o Legislativa","programa":"ATUA\u00c7\u00c3O LEGISLATIVA E APOIO ADMINISTRATIVO AS A\u00c7\u00d5ES DA C\u00c2MARA","acao":"Manuten\u00e7\u00e3o das Atividades Legislativas","ident_acao":"Projeto","cat_econ":"Despesa de Capital","natureza_despesa":"Investimentos","modalidade_despesa":"Aplica\u00e7\u00f5es Diretas","elemento_despesa":"Obras e Instala\u00e7\u00f5es","sub_elem_desp":"SEM SUBELEMENTO","fonte_recurso":"Recursos do Exerc\u00edcio Corrente \/ Outros Recursos n\u00e3o Vinculados \/ -"},{"ano_emissao_emp":"2023","n_emp":"0000043","data_emissao":"03\/04\/2023","valor":"360,00","tipo_empenho":"Ordin\u00e1rio","hist_emp":"EMPENHO REFERE-SE AOS SERVI\u00c7OS DE MANUTEN\u00c7\u00c3O E CONSERVA\u00c7\u00c3O DESSA CASA LEGISLATIVA","fornecedor":"MARCELO LEIT\u00c3O ALVES","denom_uni_orc":"C\u00c2MARA MUNICIPAL","funcao":"Legislativa","sub_funcao":"A\u00e7\u00e3o Legislativa","programa":"ATUA\u00c7\u00c3O LEGISLATIVA E APOIO ADMINISTRATIVO AS A\u00c7\u00d5ES DA C\u00c2MARA","acao":"Parcelamento de D\u00e9bitos Fiscais com os Governos Estadual e Federal","ident_acao":"Projeto","cat_econ":"Despesa de Capital","natureza_despesa":"Investimentos","modalidade_despesa":"Aplica\u00e7\u00f5es Diretas","elemento_despesa":"Obras e Instala\u00e7\u00f5es","sub_elem_desp":"SEM SUBELEMENTO","fonte_recurso":"Recursos do Exerc\u00edcio Corrente \/ Outros Recursos n\u00e3o Vinculados \/ -"},{"ano_emissao_emp":"2023","n_emp":"0000044","data_emissao":"03\/04\/2023","valor":"300,00","tipo_empenho":"Ordin\u00e1rio","hist_emp":"EMPENHO REFERE-SE AO SERVI\u00c7OS DE MANUTEN\u00c7\u00c3O E REPARO EM COMPUTADORES DESSA CASA LEGIALATIVA","fornecedor":"SANDRINO JOSE DA SILVA","denom_uni_orc":"C\u00c2MARA MUNICIPAL","funcao":"Legislativa","sub_funcao":"A\u00e7\u00e3o Legislativa","programa":"ATUA\u00c7\u00c3O LEGISLATIVA E APOIO ADMINISTRATIVO AS A\u00c7\u00d5ES DA C\u00c2MARA","acao":"Reequipamento da C\u00e2mara Municipal","ident_acao":"Atividade","cat_econ":"Despesa Corrente","natureza_despesa":"Outras Despesas Correntes","modalidade_despesa":"Aplica\u00e7\u00f5es Diretas","elemento_despesa":"Outros Servi\u00e7os de Terceiros - Pessoa F\u00edsica","sub_elem_desp":"SEM SUBELEMENTO","fonte_recurso":"Recursos do Exerc\u00edcio Corrente \/ Outros Recursos n\u00e3o Vinculados \/ -"},{"ano_emissao_emp":"2023","n_emp":"0000044","data_emissao":"03\/04\/2023","valor":"300,00","tipo_empenho":"Ordin\u00e1rio","hist_emp":"EMPENHO REFERE-SE AO SERVI\u00c7OS DE MANUTEN\u00c7\u00c3O E REPARO EM COMPUTADORES DESSA CASA LEGIALATIVA","fornecedor":"SANDRINO JOSE DA SILVA","denom_uni_orc":"C\u00c2MARA MUNICIPAL","funcao":"Legislativa","sub_funcao":"A\u00e7\u00e3o Legislativa","programa":"ATUA\u00c7\u00c3O LEGISLATIVA E APOIO ADMINISTRATIVO AS A\u00c7\u00d5ES DA C\u00c2MARA","acao":"Manuten\u00e7\u00e3o das Atividades Administrativas","ident_acao":"Atividade","cat_econ":"Despesa Corrente","natureza_despesa":"Outras Despesas Correntes","modalidade_despesa":"Aplica\u00e7\u00f5es Diretas","elemento_despesa":"Outros Servi\u00e7os de Terceiros - Pessoa F\u00edsica","sub_elem_desp":"SEM SUBELEMENTO","fonte_recurso":"Recursos do Exerc\u00edcio Corrente \/ Outros Recursos n\u00e3o Vinculados \/ -"},{"ano_emissao_emp":"2023","n_emp":"0000044","data_emissao":"03\/04\/2023","valor":"300,00","tipo_empenho":"Ordin\u00e1rio","hist_emp":"EMPENHO REFERE-SE AO SERVI\u00c7OS DE MANUTEN\u00c7\u00c3O E REPARO EM COMPUTADORES DESSA CASA LEGIALATIVA","fornecedor":"SANDRINO JOSE DA SILVA","denom_uni_orc":"C\u00c2MARA MUNICIPAL","funcao":"Legislativa","sub_funcao":"A\u00e7\u00e3o Legislativa","programa":"ATUA\u00c7\u00c3O LEGISLATIVA E APOIO ADMINISTRATIVO AS A\u00c7\u00d5ES DA C\u00c2MARA","acao":"Parcelamento de D\u00e9bitos, Exceto parcelamentos celebrados com Entidades","ident_acao":"Atividade","cat_econ":"Despesa Corrente","natureza_despesa":"Outras Despesas Correntes","modalidade_despesa":"Aplica\u00e7\u00f5es Diretas","elemento_despesa":"Outros Servi\u00e7os de Terceiros - Pessoa F\u00edsica","sub_elem_desp":"SEM SUBELEMENTO","fonte_recurso":"Recursos do Exerc\u00edcio Corrente \/ Outros Recursos n\u00e3o Vinculados \/ -"},{"ano_emissao_emp":"2023","n_emp":"0000045","data_emissao":"03\/04\/2023","valor":"75.600,00","tipo_empenho":"Ordin\u00e1rio","hist_emp":"Referente a folha de pagamento normal do m\u00eas de abril de 2023","fornecedor":"FOLHA DE PAGAMENTO","denom_uni_orc":"C\u00c2MARA MUNICIPAL","funcao":"Legislativa","sub_funcao":"A\u00e7\u00e3o Legislativa","programa":"ATUA\u00c7\u00c3O LEGISLATIVA E APOIO ADMINISTRATIVO AS A\u00c7\u00d5ES DA C\u00c2MARA","acao":"Amplia\u00e7\u00e3o e Restaura\u00e7\u00e3o do Pr\u00e9dio da C\u00e2mara","ident_acao":"Atividade","cat_econ":"Despesa Corrente","natureza_despesa":"Pessoal e Encargos Sociais","modalidade_despesa":"Aplica\u00e7\u00f5es Diretas","elemento_despesa":"Vencimentos e Vantagens Fixas - Pessoal Civil","sub_elem_desp":"SEM SUBELEMENTO","fonte_recurso":"Recursos do Exerc\u00edcio Corrente \/ Outros Recursos n\u00e3o Vinculados \/ -"},{"ano_emissao_emp":"2023","n_emp":"0000045","data_emissao":"03\/04\/2023","valor":"75.600,00","tipo_empenho":"Ordin\u00e1rio","hist_emp":"Referente a folha de pagamento normal do m\u00eas de abril de 2023","fornecedor":"FOLHA DE PAGAMENTO","denom_uni_orc":"C\u00c2MARA MUNICIPAL","funcao":"Legislativa","sub_funcao":"A\u00e7\u00e3o Legislativa","programa":"ATUA\u00c7\u00c3O LEGISLATIVA E APOIO ADMINISTRATIVO AS A\u00c7\u00d5ES DA C\u00c2MARA","acao":"Manuten\u00e7\u00e3o das Atividades Legislativas","ident_acao":"Atividade","cat_econ":"Despesa Corrente","natureza_despesa":"Pessoal e Encargos Sociais","modalidade_despesa":"Aplica\u00e7\u00f5es Diretas","elemento_despesa":"Vencimentos e Vantagens Fixas - Pessoal Civil","sub_elem_desp":"SEM SUBELEMENTO","fonte_recurso":"Recursos do Exerc\u00edcio Corrente \/ Outros Recursos n\u00e3o Vinculados \/ -"},{"ano_emissao_emp":"2023","n_emp":"0000045","data_emissao":"03\/04\/2023","valor":"75.600,00","tipo_empenho":"Ordin\u00e1rio","hist_emp":"Referente a folha de pagamento normal do m\u00eas de abril de 2023","fornecedor":"FOLHA DE PAGAMENTO","denom_uni_orc":"C\u00c2MARA MUNICIPAL","funcao":"Legislativa","sub_funcao":"A\u00e7\u00e3o Legislativa","programa":"ATUA\u00c7\u00c3O LEGISLATIVA E APOIO ADMINISTRATIVO AS A\u00c7\u00d5ES DA C\u00c2MARA","acao":"Parcelamento de D\u00e9bitos Fiscais com os Governos Estadual e Federal","ident_acao":"Atividade","cat_econ":"Despesa Corrente","natureza_despesa":"Pessoal e Encargos Sociais","modalidade_despesa":"Aplica\u00e7\u00f5es Diretas","elemento_despesa":"Vencimentos e Vantagens Fixas - Pessoal Civil","sub_elem_desp":"SEM SUBELEMENTO","fonte_recurso":"Recursos do Exerc\u00edcio Corrente \/ Outros Recursos n\u00e3o Vinculados \/ -"},{"ano_emissao_emp":"2023","n_emp":"0000046","data_emissao":"03\/04\/2023","valor":"38.370,00","tipo_empenho":"Ordin\u00e1rio","hist_emp":"Referente a folha de pagamento normal do m\u00eas de abril de 2023","fornecedor":"FOLHA DE PAGAMENTO","denom_uni_orc":"C\u00c2MARA MUNICIPAL","funcao":"Legislativa","sub_funcao":"A\u00e7\u00e3o Legislativa","programa":"ATUA\u00c7\u00c3O LEGISLATIVA E APOIO ADMINISTRATIVO AS A\u00c7\u00d5ES DA C\u00c2MARA","acao":"Reequipamento da C\u00e2mara Municipal","ident_acao":"Atividade","cat_econ":"Despesa Corrente","natureza_despesa":"Pessoal e Encargos Sociais","modalidade_despesa":"Aplica\u00e7\u00f5es Diretas","elemento_despesa":"Vencimentos e Vantagens Fixas - Pessoal Civil","sub_elem_desp":"SEM SUBELEMENTO","fonte_recurso":"Recursos do Exerc\u00edcio Corrente \/ Outros Recursos n\u00e3o Vinculados \/ -"},{"ano_emissao_emp":"2023","n_emp":"0000046","data_emissao":"03\/04\/2023","valor":"38.370,00","tipo_empenho":"Ordin\u00e1rio","hist_emp":"Referente a folha de pagamento normal do m\u00eas de abril de 2023","fornecedor":"FOLHA DE PAGAMENTO","denom_uni_orc":"C\u00c2MARA MUNICIPAL","funcao":"Legislativa","sub_funcao":"A\u00e7\u00e3o Legislativa","programa":"ATUA\u00c7\u00c3O LEGISLATIVA E APOIO ADMINISTRATIVO AS A\u00c7\u00d5ES DA C\u00c2MARA","acao":"Manuten\u00e7\u00e3o das Atividades Administrativas","ident_acao":"Atividade","cat_econ":"Despesa Corrente","natureza_despesa":"Pessoal e Encargos Sociais","modalidade_despesa":"Aplica\u00e7\u00f5es Diretas","elemento_despesa":"Vencimentos e Vantagens Fixas - Pessoal Civil","sub_elem_desp":"SEM SUBELEMENTO","fonte_recurso":"Recursos do Exerc\u00edcio Corrente \/ Outros Recursos n\u00e3o Vinculados \/ -"},{"ano_emissao_emp":"2023","n_emp":"0000046","data_emissao":"03\/04\/2023","valor":"38.370,00","tipo_empenho":"Ordin\u00e1rio","hist_emp":"Referente a folha de pagamento normal do m\u00eas de abril de 2023","fornecedor":"FOLHA DE PAGAMENTO","denom_uni_orc":"C\u00c2MARA MUNICIPAL","funcao":"Legislativa","sub_funcao":"A\u00e7\u00e3o Legislativa","programa":"ATUA\u00c7\u00c3O LEGISLATIVA E APOIO ADMINISTRATIVO AS A\u00c7\u00d5ES DA C\u00c2MARA","acao":"Parcelamento de D\u00e9bitos, Exceto parcelamentos celebrados com Entidades","ident_acao":"Atividade","cat_econ":"Despesa Corrente","natureza_despesa":"Pessoal e Encargos Sociais","modalidade_despesa":"Aplica\u00e7\u00f5es Diretas","elemento_despesa":"Vencimentos e Vantagens Fixas - Pessoal Civil","sub_elem_desp":"SEM SUBELEMENTO","fonte_recurso":"Recursos do Exerc\u00edcio Corrente \/ Outros Recursos n\u00e3o Vinculados \/ -"},{"ano_emissao_emp":"2023","n_emp":"0000047","data_emissao":"03\/04\/2023","valor":"2.490,00","tipo_empenho":"Ordin\u00e1rio","hist_emp":"Referente a folha de pagamento normal do m\u00eas de abril de 2023","fornecedor":"FOLHA DE PAGAMENTO","denom_uni_orc":"C\u00c2MARA MUNICIPAL","funcao":"Legislativa","sub_funcao":"A\u00e7\u00e3o Legislativa","programa":"ATUA\u00c7\u00c3O LEGISLATIVA E APOIO ADMINISTRATIVO AS A\u00c7\u00d5ES DA C\u00c2MARA","acao":"Apoio ao Conselho Municipal de Sa\u00fade Atrav\u00e9s de Despesas de Investimen","ident_acao":"Atividade","cat_econ":"Despesa Corrente","natureza_despesa":"Pessoal e Encargos Sociais","modalidade_despesa":"Aplica\u00e7\u00f5es Diretas","elemento_despesa":"Vencimentos e Vantagens Fixas - Pessoal Civil","sub_elem_desp":"SEM SUBELEMENTO","fonte_recurso":"Recursos do Exerc\u00edcio Corrente \/ Outros Recursos n\u00e3o Vinculados \/ -"},{"ano_emissao_emp":"2023","n_emp":"0000047","data_emissao":"03\/04\/2023","valor":"2.490,00","tipo_empenho":"Ordin\u00e1rio","hist_emp":"Referente a folha de pagamento normal do m\u00eas de abril de 2023","fornecedor":"FOLHA DE PAGAMENTO","denom_uni_orc":"C\u00c2MARA MUNICIPAL","funcao":"Legislativa","sub_funcao":"A\u00e7\u00e3o Legislativa","programa":"ATUA\u00c7\u00c3O LEGISLATIVA E APOIO ADMINISTRATIVO AS A\u00c7\u00d5ES DA C\u00c2MARA","acao":"Gest\u00e3o do Controle Interno","ident_acao":"Atividade","cat_econ":"Despesa Corrente","natureza_despesa":"Pessoal e Encargos Sociais","modalidade_despesa":"Aplica\u00e7\u00f5es Diretas","elemento_despesa":"Vencimentos e Vantagens Fixas - Pessoal Civil","sub_elem_desp":"SEM SUBELEMENTO","fonte_recurso":"Recursos do Exerc\u00edcio Corrente \/ Outros Recursos n\u00e3o Vinculados \/ -"},{"ano_emissao_emp":"2023","n_emp":"0000047","data_emissao":"03\/04\/2023","valor":"2.490,00","tipo_empenho":"Ordin\u00e1rio","hist_emp":"Referente a folha de pagamento normal do m\u00eas de abril de 2023","fornecedor":"FOLHA DE PAGAMENTO","denom_uni_orc":"C\u00c2MARA MUNICIPAL","funcao":"Legislativa","sub_funcao":"A\u00e7\u00e3o Legislativa","programa":"ATUA\u00c7\u00c3O LEGISLATIVA E APOIO ADMINISTRATIVO AS A\u00c7\u00d5ES DA C\u00c2MARA","acao":"Indeniza\u00e7\u00f5es e Restitui\u00e7\u00f5es Diversas","ident_acao":"Atividade","cat_econ":"Despesa Corrente","natureza_despesa":"Pessoal e Encargos Sociais","modalidade_despesa":"Aplica\u00e7\u00f5es Diretas","elemento_despesa":"Vencimentos e Vantagens Fixas - Pessoal Civil","sub_elem_desp":"SEM SUBELEMENTO","fonte_recurso":"Recursos do Exerc\u00edcio Corrente \/ Outros Recursos n\u00e3o Vinculados \/ -"},{"ano_emissao_emp":"2023","n_emp":"0000048","data_emissao":"02\/05\/2023","valor":"300,00","tipo_empenho":"Ordin\u00e1rio","hist_emp":"SOLICITA\u00c7\u00c3O DE DI\u00c1RIA PARA O INSTITUTO DE TERRAS E REFORMA AGR\u00c1RIA DO ESTADO DE PERNAMBUCO - ITERPE, NA AV GENERAL SAN MARTIN, N 1371, BONGI, CEP 50.761-000, RECIFE-PE.","fornecedor":"JOSE ANICETO DE LIMA","denom_uni_orc":"C\u00c2MARA MUNICIPAL","funcao":"Legislativa","sub_funcao":"A\u00e7\u00e3o Legislativa","programa":"ATUA\u00c7\u00c3O LEGISLATIVA E APOIO ADMINISTRATIVO AS A\u00c7\u00d5ES DA C\u00c2MARA","acao":"Amplia\u00e7\u00e3o e Restaura\u00e7\u00e3o do Pr\u00e9dio da C\u00e2mara","ident_acao":"Atividade","cat_econ":"Despesa Corrente","natureza_despesa":"Outras Despesas Correntes","modalidade_despesa":"Aplica\u00e7\u00f5es Diretas","elemento_despesa":"Di\u00e1rias \u2013 Civil","sub_elem_desp":"SEM SUBELEMENTO","fonte_recurso":"Recursos do Exerc\u00edcio Corrente \/ Outros Recursos n\u00e3o Vinculados \/ -"},{"ano_emissao_emp":"2023","n_emp":"0000048","data_emissao":"02\/05\/2023","valor":"300,00","tipo_empenho":"Ordin\u00e1rio","hist_emp":"SOLICITA\u00c7\u00c3O DE DI\u00c1RIA PARA O INSTITUTO DE TERRAS E REFORMA AGR\u00c1RIA DO ESTADO DE PERNAMBUCO - ITERPE, NA AV GENERAL SAN MARTIN, N 1371, BONGI, CEP 50.761-000, RECIFE-PE.","fornecedor":"JOSE ANICETO DE LIMA","denom_uni_orc":"C\u00c2MARA MUNICIPAL","funcao":"Legislativa","sub_funcao":"A\u00e7\u00e3o Legislativa","programa":"ATUA\u00c7\u00c3O LEGISLATIVA E APOIO ADMINISTRATIVO AS A\u00c7\u00d5ES DA C\u00c2MARA","acao":"Manuten\u00e7\u00e3o das Atividades Legislativas","ident_acao":"Atividade","cat_econ":"Despesa Corrente","natureza_despesa":"Outras Despesas Correntes","modalidade_despesa":"Aplica\u00e7\u00f5es Diretas","elemento_despesa":"Di\u00e1rias \u2013 Civil","sub_elem_desp":"SEM SUBELEMENTO","fonte_recurso":"Recursos do Exerc\u00edcio Corrente \/ Outros Recursos n\u00e3o Vinculados \/ -"},{"ano_emissao_emp":"2023","n_emp":"0000048","data_emissao":"02\/05\/2023","valor":"300,00","tipo_empenho":"Ordin\u00e1rio","hist_emp":"SOLICITA\u00c7\u00c3O DE DI\u00c1RIA PARA O INSTITUTO DE TERRAS E REFORMA AGR\u00c1RIA DO ESTADO DE PERNAMBUCO - ITERPE, NA AV GENERAL SAN MARTIN, N 1371, BONGI, CEP 50.761-000, RECIFE-PE.","fornecedor":"JOSE ANICETO DE LIMA","denom_uni_orc":"C\u00c2MARA MUNICIPAL","funcao":"Legislativa","sub_funcao":"A\u00e7\u00e3o Legislativa","programa":"ATUA\u00c7\u00c3O LEGISLATIVA E APOIO ADMINISTRATIVO AS A\u00c7\u00d5ES DA C\u00c2MARA","acao":"Parcelamento de D\u00e9bitos Fiscais com os Governos Estadual e Federal","ident_acao":"Atividade","cat_econ":"Despesa Corrente","natureza_despesa":"Outras Despesas Correntes","modalidade_despesa":"Aplica\u00e7\u00f5es Diretas","elemento_despesa":"Di\u00e1rias \u2013 Civil","sub_elem_desp":"SEM SUBELEMENTO","fonte_recurso":"Recursos do Exerc\u00edcio Corrente \/ Outros Recursos n\u00e3o Vinculados \/ -"},{"ano_emissao_emp":"2023","n_emp":"0000049","data_emissao":"02\/05\/2023","valor":"300,00","tipo_empenho":"Ordin\u00e1rio","hist_emp":"SOLICITA\u00c7\u00c3O DE DI\u00c1RIA COM DISTINO PARA A ASSEMBL\u00c9IA LEGISLATIVA DO ESTADO DE PERNAMBUCO, RUA DA UNI\u00c3O, N 397, BOA VISTA, CEP 55050-909, RECIFE-PE","fornecedor":"JOSE EMERSON MEDEIROS DE LUCENA","denom_uni_orc":"C\u00c2MARA MUNICIPAL","funcao":"Legislativa","sub_funcao":"A\u00e7\u00e3o Legislativa","programa":"ATUA\u00c7\u00c3O LEGISLATIVA E APOIO ADMINISTRATIVO AS A\u00c7\u00d5ES DA C\u00c2MARA","acao":"Amplia\u00e7\u00e3o e Restaura\u00e7\u00e3o do Pr\u00e9dio da C\u00e2mara","ident_acao":"Atividade","cat_econ":"Despesa Corrente","natureza_despesa":"Outras Despesas Correntes","modalidade_despesa":"Aplica\u00e7\u00f5es Diretas","elemento_despesa":"Di\u00e1rias \u2013 Civil","sub_elem_desp":"SEM SUBELEMENTO","fonte_recurso":"Recursos do Exerc\u00edcio Corrente \/ Outros Recursos n\u00e3o Vinculados \/ -"},{"ano_emissao_emp":"2023","n_emp":"0000049","data_emissao":"02\/05\/2023","valor":"300,00","tipo_empenho":"Ordin\u00e1rio","hist_emp":"SOLICITA\u00c7\u00c3O DE DI\u00c1RIA COM DISTINO PARA A ASSEMBL\u00c9IA LEGISLATIVA DO ESTADO DE PERNAMBUCO, RUA DA UNI\u00c3O, N 397, BOA VISTA, CEP 55050-909, RECIFE-PE","fornecedor":"JOSE EMERSON MEDEIROS DE LUCENA","denom_uni_orc":"C\u00c2MARA MUNICIPAL","funcao":"Legislativa","sub_funcao":"A\u00e7\u00e3o Legislativa","programa":"ATUA\u00c7\u00c3O LEGISLATIVA E APOIO ADMINISTRATIVO AS A\u00c7\u00d5ES DA C\u00c2MARA","acao":"Manuten\u00e7\u00e3o das Atividades Legislativas","ident_acao":"Atividade","cat_econ":"Despesa Corrente","natureza_despesa":"Outras Despesas Correntes","modalidade_despesa":"Aplica\u00e7\u00f5es Diretas","elemento_despesa":"Di\u00e1rias \u2013 Civil","sub_elem_desp":"SEM SUBELEMENTO","fonte_recurso":"Recursos do Exerc\u00edcio Corrente \/ Outros Recursos n\u00e3o Vinculados \/ -"},{"ano_emissao_emp":"2023","n_emp":"0000049","data_emissao":"02\/05\/2023","valor":"300,00","tipo_empenho":"Ordin\u00e1rio","hist_emp":"SOLICITA\u00c7\u00c3O DE DI\u00c1RIA COM DISTINO PARA A ASSEMBL\u00c9IA LEGISLATIVA DO ESTADO DE PERNAMBUCO, RUA DA UNI\u00c3O, N 397, BOA VISTA, CEP 55050-909, RECIFE-PE","fornecedor":"JOSE EMERSON MEDEIROS DE LUCENA","denom_uni_orc":"C\u00c2MARA MUNICIPAL","funcao":"Legislativa","sub_funcao":"A\u00e7\u00e3o Legislativa","programa":"ATUA\u00c7\u00c3O LEGISLATIVA E APOIO ADMINISTRATIVO AS A\u00c7\u00d5ES DA C\u00c2MARA","acao":"Parcelamento de D\u00e9bitos Fiscais com os Governos Estadual e Federal","ident_acao":"Atividade","cat_econ":"Despesa Corrente","natureza_despesa":"Outras Despesas Correntes","modalidade_despesa":"Aplica\u00e7\u00f5es Diretas","elemento_despesa":"Di\u00e1rias \u2013 Civil","sub_elem_desp":"SEM SUBELEMENTO","fonte_recurso":"Recursos do Exerc\u00edcio Corrente \/ Outros Recursos n\u00e3o Vinculados \/ -"},{"ano_emissao_emp":"2023","n_emp":"0000050","data_emissao":"02\/05\/2023","valor":"383,94","tipo_empenho":"Ordin\u00e1rio","hist_emp":"EMPENHO REFERE-SE A COMPRA DE MATERIAL DE USO, CONSUMO, LIMPESA, MANUTEN\u00c7\u00c3O, CONSERVA\u00c7\u00c3O E ALIMENTOS PARA ESSA CASA LEGISLATIVA.","fornecedor":"ANDREZZA ARAUJO OLIVEIRA DE MEDEIROS","denom_uni_orc":"C\u00c2MARA MUNICIPAL","funcao":"Legislativa","sub_funcao":"A\u00e7\u00e3o Legislativa","programa":"ATUA\u00c7\u00c3O LEGISLATIVA E APOIO ADMINISTRATIVO AS A\u00c7\u00d5ES DA C\u00c2MARA","acao":"Reequipamento da C\u00e2mara Municipal","ident_acao":"Atividade","cat_econ":"Despesa Corrente","natureza_despesa":"Outras Despesas Correntes","modalidade_despesa":"Aplica\u00e7\u00f5es Diretas","elemento_despesa":"Material de Consumo","sub_elem_desp":"SEM SUBELEMENTO","fonte_recurso":"Recursos do Exerc\u00edcio Corrente \/ Outros Recursos n\u00e3o Vinculados \/ -"},{"ano_emissao_emp":"2023","n_emp":"0000050","data_emissao":"02\/05\/2023","valor":"383,94","tipo_empenho":"Ordin\u00e1rio","hist_emp":"EMPENHO REFERE-SE A COMPRA DE MATERIAL DE USO, CONSUMO, LIMPESA, MANUTEN\u00c7\u00c3O, CONSERVA\u00c7\u00c3O E ALIMENTOS PARA ESSA CASA LEGISLATIVA.","fornecedor":"ANDREZZA ARAUJO OLIVEIRA DE MEDEIROS","denom_uni_orc":"C\u00c2MARA MUNICIPAL","funcao":"Legislativa","sub_funcao":"A\u00e7\u00e3o Legislativa","programa":"ATUA\u00c7\u00c3O LEGISLATIVA E APOIO ADMINISTRATIVO AS A\u00c7\u00d5ES DA C\u00c2MARA","acao":"Manuten\u00e7\u00e3o das Atividades Administrativas","ident_acao":"Atividade","cat_econ":"Despesa Corrente","natureza_despesa":"Outras Despesas Correntes","modalidade_despesa":"Aplica\u00e7\u00f5es Diretas","elemento_despesa":"Material de Consumo","sub_elem_desp":"SEM SUBELEMENTO","fonte_recurso":"Recursos do Exerc\u00edcio Corrente \/ Outros Recursos n\u00e3o Vinculados \/ -"},{"ano_emissao_emp":"2023","n_emp":"0000050","data_emissao":"02\/05\/2023","valor":"383,94","tipo_empenho":"Ordin\u00e1rio","hist_emp":"EMPENHO REFERE-SE A COMPRA DE MATERIAL DE USO, CONSUMO, LIMPESA, MANUTEN\u00c7\u00c3O, CONSERVA\u00c7\u00c3O E ALIMENTOS PARA ESSA CASA LEGISLATIVA.","fornecedor":"ANDREZZA ARAUJO OLIVEIRA DE MEDEIROS","denom_uni_orc":"C\u00c2MARA MUNICIPAL","funcao":"Legislativa","sub_funcao":"A\u00e7\u00e3o Legislativa","programa":"ATUA\u00c7\u00c3O LEGISLATIVA E APOIO ADMINISTRATIVO AS A\u00c7\u00d5ES DA C\u00c2MARA","acao":"Parcelamento de D\u00e9bitos, Exceto parcelamentos celebrados com Entidades","ident_acao":"Atividade","cat_econ":"Despesa Corrente","natureza_despesa":"Outras Despesas Correntes","modalidade_despesa":"Aplica\u00e7\u00f5es Diretas","elemento_despesa":"Material de Consumo","sub_elem_desp":"SEM SUBELEMENTO","fonte_recurso":"Recursos do Exerc\u00edcio Corrente \/ Outros Recursos n\u00e3o Vinculados \/ -"},{"ano_emissao_emp":"2023","n_emp":"0000051","data_emissao":"02\/05\/2023","valor":"75.600,00","tipo_empenho":"Ordin\u00e1rio","hist_emp":"Referente a folha de pagamento normal do m\u00eas de maio de 2023","fornecedor":"FOLHA DE PAGAMENTO","denom_uni_orc":"C\u00c2MARA MUNICIPAL","funcao":"Legislativa","sub_funcao":"A\u00e7\u00e3o Legislativa","programa":"ATUA\u00c7\u00c3O LEGISLATIVA E APOIO ADMINISTRATIVO AS A\u00c7\u00d5ES DA C\u00c2MARA","acao":"Amplia\u00e7\u00e3o e Restaura\u00e7\u00e3o do Pr\u00e9dio da C\u00e2mara","ident_acao":"Atividade","cat_econ":"Despesa Corrente","natureza_despesa":"Pessoal e Encargos Sociais","modalidade_despesa":"Aplica\u00e7\u00f5es Diretas","elemento_despesa":"Vencimentos e Vantagens Fixas - Pessoal Civil","sub_elem_desp":"SEM SUBELEMENTO","fonte_recurso":"Recursos do Exerc\u00edcio Corrente \/ Outros Recursos n\u00e3o Vinculados \/ -"},{"ano_emissao_emp":"2023","n_emp":"0000051","data_emissao":"02\/05\/2023","valor":"75.600,00","tipo_empenho":"Ordin\u00e1rio","hist_emp":"Referente a folha de pagamento normal do m\u00eas de maio de 2023","fornecedor":"FOLHA DE PAGAMENTO","denom_uni_orc":"C\u00c2MARA MUNICIPAL","funcao":"Legislativa","sub_funcao":"A\u00e7\u00e3o Legislativa","programa":"ATUA\u00c7\u00c3O LEGISLATIVA E APOIO ADMINISTRATIVO AS A\u00c7\u00d5ES DA C\u00c2MARA","acao":"Manuten\u00e7\u00e3o das Atividades Legislativas","ident_acao":"Atividade","cat_econ":"Despesa Corrente","natureza_despesa":"Pessoal e Encargos Sociais","modalidade_despesa":"Aplica\u00e7\u00f5es Diretas","elemento_despesa":"Vencimentos e Vantagens Fixas - Pessoal Civil","sub_elem_desp":"SEM SUBELEMENTO","fonte_recurso":"Recursos do Exerc\u00edcio Corrente \/ Outros Recursos n\u00e3o Vinculados \/ -"},{"ano_emissao_emp":"2023","n_emp":"0000051","data_emissao":"02\/05\/2023","valor":"75.600,00","tipo_empenho":"Ordin\u00e1rio","hist_emp":"Referente a folha de pagamento normal do m\u00eas de maio de 2023","fornecedor":"FOLHA DE PAGAMENTO","denom_uni_orc":"C\u00c2MARA MUNICIPAL","funcao":"Legislativa","sub_funcao":"A\u00e7\u00e3o Legislativa","programa":"ATUA\u00c7\u00c3O LEGISLATIVA E APOIO ADMINISTRATIVO AS A\u00c7\u00d5ES DA C\u00c2MARA","acao":"Parcelamento de D\u00e9bitos Fiscais com os Governos Estadual e Federal","ident_acao":"Atividade","cat_econ":"Despesa Corrente","natureza_despesa":"Pessoal e Encargos Sociais","modalidade_despesa":"Aplica\u00e7\u00f5es Diretas","elemento_despesa":"Vencimentos e Vantagens Fixas - Pessoal Civil","sub_elem_desp":"SEM SUBELEMENTO","fonte_recurso":"Recursos do Exerc\u00edcio Corrente \/ Outros Recursos n\u00e3o Vinculados \/ -"},{"ano_emissao_emp":"2023","n_emp":"0000052","data_emissao":"02\/05\/2023","valor":"39.099,67","tipo_empenho":"Ordin\u00e1rio","hist_emp":"Referente a folha de pagamento normal do m\u00eas de maio de 2023","fornecedor":"FOLHA DE PAGAMENTO","denom_uni_orc":"C\u00c2MARA MUNICIPAL","funcao":"Legislativa","sub_funcao":"A\u00e7\u00e3o Legislativa","programa":"ATUA\u00c7\u00c3O LEGISLATIVA E APOIO ADMINISTRATIVO AS A\u00c7\u00d5ES DA C\u00c2MARA","acao":"Reequipamento da C\u00e2mara Municipal","ident_acao":"Atividade","cat_econ":"Despesa Corrente","natureza_despesa":"Pessoal e Encargos Sociais","modalidade_despesa":"Aplica\u00e7\u00f5es Diretas","elemento_despesa":"Vencimentos e Vantagens Fixas - Pessoal Civil","sub_elem_desp":"SEM SUBELEMENTO","fonte_recurso":"Recursos do Exerc\u00edcio Corrente \/ Outros Recursos n\u00e3o Vinculados \/ -"},{"ano_emissao_emp":"2023","n_emp":"0000052","data_emissao":"02\/05\/2023","valor":"39.099,67","tipo_empenho":"Ordin\u00e1rio","hist_emp":"Referente a folha de pagamento normal do m\u00eas de maio de 2023","fornecedor":"FOLHA DE PAGAMENTO","denom_uni_orc":"C\u00c2MARA MUNICIPAL","funcao":"Legislativa","sub_funcao":"A\u00e7\u00e3o Legislativa","programa":"ATUA\u00c7\u00c3O LEGISLATIVA E APOIO ADMINISTRATIVO AS A\u00c7\u00d5ES DA C\u00c2MARA","acao":"Manuten\u00e7\u00e3o das Atividades Administrativas","ident_acao":"Atividade","cat_econ":"Despesa Corrente","natureza_despesa":"Pessoal e Encargos Sociais","modalidade_despesa":"Aplica\u00e7\u00f5es Diretas","elemento_despesa":"Vencimentos e Vantagens Fixas - Pessoal Civil","sub_elem_desp":"SEM SUBELEMENTO","fonte_recurso":"Recursos do Exerc\u00edcio Corrente \/ Outros Recursos n\u00e3o Vinculados \/ -"},{"ano_emissao_emp":"2023","n_emp":"0000052","data_emissao":"02\/05\/2023","valor":"39.099,67","tipo_empenho":"Ordin\u00e1rio","hist_emp":"Referente a folha de pagamento normal do m\u00eas de maio de 2023","fornecedor":"FOLHA DE PAGAMENTO","denom_uni_orc":"C\u00c2MARA MUNICIPAL","funcao":"Legislativa","sub_funcao":"A\u00e7\u00e3o Legislativa","programa":"ATUA\u00c7\u00c3O LEGISLATIVA E APOIO ADMINISTRATIVO AS A\u00c7\u00d5ES DA C\u00c2MARA","acao":"Parcelamento de D\u00e9bitos, Exceto parcelamentos celebrados com Entidades","ident_acao":"Atividade","cat_econ":"Despesa Corrente","natureza_despesa":"Pessoal e Encargos Sociais","modalidade_despesa":"Aplica\u00e7\u00f5es Diretas","elemento_despesa":"Vencimentos e Vantagens Fixas - Pessoal Civil","sub_elem_desp":"SEM SUBELEMENTO","fonte_recurso":"Recursos do Exerc\u00edcio Corrente \/ Outros Recursos n\u00e3o Vinculados \/ -"},{"ano_emissao_emp":"2023","n_emp":"0000053","data_emissao":"02\/05\/2023","valor":"2.490,00","tipo_empenho":"Ordin\u00e1rio","hist_emp":"Referente a folha de pagamento normal do m\u00eas de maio de 2023","fornecedor":"FOLHA DE PAGAMENTO","denom_uni_orc":"C\u00c2MARA MUNICIPAL","funcao":"Legislativa","sub_funcao":"A\u00e7\u00e3o Legislativa","programa":"ATUA\u00c7\u00c3O LEGISLATIVA E APOIO ADMINISTRATIVO AS A\u00c7\u00d5ES DA C\u00c2MARA","acao":"Apoio ao Conselho Municipal de Sa\u00fade Atrav\u00e9s de Despesas de Investimen","ident_acao":"Atividade","cat_econ":"Despesa Corrente","natureza_despesa":"Pessoal e Encargos Sociais","modalidade_despesa":"Aplica\u00e7\u00f5es Diretas","elemento_despesa":"Vencimentos e Vantagens Fixas - Pessoal Civil","sub_elem_desp":"SEM SUBELEMENTO","fonte_recurso":"Recursos do Exerc\u00edcio Corrente \/ Outros Recursos n\u00e3o Vinculados \/ -"},{"ano_emissao_emp":"2023","n_emp":"0000053","data_emissao":"02\/05\/2023","valor":"2.490,00","tipo_empenho":"Ordin\u00e1rio","hist_emp":"Referente a folha de pagamento normal do m\u00eas de maio de 2023","fornecedor":"FOLHA DE PAGAMENTO","denom_uni_orc":"C\u00c2MARA MUNICIPAL","funcao":"Legislativa","sub_funcao":"A\u00e7\u00e3o Legislativa","programa":"ATUA\u00c7\u00c3O LEGISLATIVA E APOIO ADMINISTRATIVO AS A\u00c7\u00d5ES DA C\u00c2MARA","acao":"Gest\u00e3o do Controle Interno","ident_acao":"Atividade","cat_econ":"Despesa Corrente","natureza_despesa":"Pessoal e Encargos Sociais","modalidade_despesa":"Aplica\u00e7\u00f5es Diretas","elemento_despesa":"Vencimentos e Vantagens Fixas - Pessoal Civil","sub_elem_desp":"SEM SUBELEMENTO","fonte_recurso":"Recursos do Exerc\u00edcio Corrente \/ Outros Recursos n\u00e3o Vinculados \/ -"},{"ano_emissao_emp":"2023","n_emp":"0000053","data_emissao":"02\/05\/2023","valor":"2.490,00","tipo_empenho":"Ordin\u00e1rio","hist_emp":"Referente a folha de pagamento normal do m\u00eas de maio de 2023","fornecedor":"FOLHA DE PAGAMENTO","denom_uni_orc":"C\u00c2MARA MUNICIPAL","funcao":"Legislativa","sub_funcao":"A\u00e7\u00e3o Legislativa","programa":"ATUA\u00c7\u00c3O LEGISLATIVA E APOIO ADMINISTRATIVO AS A\u00c7\u00d5ES DA C\u00c2MARA","acao":"Indeniza\u00e7\u00f5es e Restitui\u00e7\u00f5es Diversas","ident_acao":"Atividade","cat_econ":"Despesa Corrente","natureza_despesa":"Pessoal e Encargos Sociais","modalidade_despesa":"Aplica\u00e7\u00f5es Diretas","elemento_despesa":"Vencimentos e Vantagens Fixas - Pessoal Civil","sub_elem_desp":"SEM SUBELEMENTO","fonte_recurso":"Recursos do Exerc\u00edcio Corrente \/ Outros Recursos n\u00e3o Vinculados \/ -"},{"ano_emissao_emp":"2023","n_emp":"0000054","data_emissao":"10\/05\/2023","valor":"20.968,20","tipo_empenho":"Global","hist_emp":"PRESTACAO DE SERVICOS DE ALIMENTACAO E MANUTENCAO CORRETIVA DO SITE (PORTAL ELETRONICO) E DAS PAGINAS OFICIAIS DO PODER LEGISLATIVO MUNICIPAL DE FREI MIGUELINHO (INSTAGRAM\/FACEBOOK)","fornecedor":"CREATIVE SOLUCOES LTDA","denom_uni_orc":"C\u00c2MARA MUNICIPAL","funcao":"Legislativa","sub_funcao":"A\u00e7\u00e3o Legislativa","programa":"ATUA\u00c7\u00c3O LEGISLATIVA E APOIO ADMINISTRATIVO AS A\u00c7\u00d5ES DA C\u00c2MARA","acao":"Reequipamento da C\u00e2mara Municipal","ident_acao":"Atividade","cat_econ":"Despesa Corrente","natureza_despesa":"Outras Despesas Correntes","modalidade_despesa":"Aplica\u00e7\u00f5es Diretas","elemento_despesa":"Servi\u00e7os de Consultoria","sub_elem_desp":"SEM SUBELEMENTO","fonte_recurso":"Recursos do Exerc\u00edcio Corrente \/ Outros Recursos n\u00e3o Vinculados \/ -"},{"ano_emissao_emp":"2023","n_emp":"0000054","data_emissao":"10\/05\/2023","valor":"20.968,20","tipo_empenho":"Global","hist_emp":"PRESTACAO DE SERVICOS DE ALIMENTACAO E MANUTENCAO CORRETIVA DO SITE (PORTAL ELETRONICO) E DAS PAGINAS OFICIAIS DO PODER LEGISLATIVO MUNICIPAL DE FREI MIGUELINHO (INSTAGRAM\/FACEBOOK)","fornecedor":"CREATIVE SOLUCOES LTDA","denom_uni_orc":"C\u00c2MARA MUNICIPAL","funcao":"Legislativa","sub_funcao":"A\u00e7\u00e3o Legislativa","programa":"ATUA\u00c7\u00c3O LEGISLATIVA E APOIO ADMINISTRATIVO AS A\u00c7\u00d5ES DA C\u00c2MARA","acao":"Manuten\u00e7\u00e3o das Atividades Administrativas","ident_acao":"Atividade","cat_econ":"Despesa Corrente","natureza_despesa":"Outras Despesas Correntes","modalidade_despesa":"Aplica\u00e7\u00f5es Diretas","elemento_despesa":"Servi\u00e7os de Consultoria","sub_elem_desp":"SEM SUBELEMENTO","fonte_recurso":"Recursos do Exerc\u00edcio Corrente \/ Outros Recursos n\u00e3o Vinculados \/ -"},{"ano_emissao_emp":"2023","n_emp":"0000054","data_emissao":"10\/05\/2023","valor":"20.968,20","tipo_empenho":"Global","hist_emp":"PRESTACAO DE SERVICOS DE ALIMENTACAO E MANUTENCAO CORRETIVA DO SITE (PORTAL ELETRONICO) E DAS PAGINAS OFICIAIS DO PODER LEGISLATIVO MUNICIPAL DE FREI MIGUELINHO (INSTAGRAM\/FACEBOOK)","fornecedor":"CREATIVE SOLUCOES LTDA","denom_uni_orc":"C\u00c2MARA MUNICIPAL","funcao":"Legislativa","sub_funcao":"A\u00e7\u00e3o Legislativa","programa":"ATUA\u00c7\u00c3O LEGISLATIVA E APOIO ADMINISTRATIVO AS A\u00c7\u00d5ES DA C\u00c2MARA","acao":"Parcelamento de D\u00e9bitos, Exceto parcelamentos celebrados com Entidades","ident_acao":"Atividade","cat_econ":"Despesa Corrente","natureza_despesa":"Outras Despesas Correntes","modalidade_despesa":"Aplica\u00e7\u00f5es Diretas","elemento_despesa":"Servi\u00e7os de Consultoria","sub_elem_desp":"SEM SUBELEMENTO","fonte_recurso":"Recursos do Exerc\u00edcio Corrente \/ Outros Recursos n\u00e3o Vinculados \/ -"},{"ano_emissao_emp":"2023","n_emp":"0000055","data_emissao":"10\/05\/2023","valor":"23.455,50","tipo_empenho":"Ordin\u00e1rio","hist_emp":"EMPENHO REFERE-SE A CONTRATA\u00c7\u00c3O DE EMPRESA ESPECIALIZADA PARA A REALIZA\u00c7\u00c3O DE CONCURSO P\u00daBLICO PARA ESSA CASA LEGISLATIVA CONFORME PROCESSO LICITAT\u00d3RIO N\u00ba 004\/2022, DISPENSA DE LICITA\u00c7\u00c3O N\u00ba 002\/2022 E CONTRATO N\u00ba 001\/2023.","fornecedor":"INSTITUTO DE ADMINISTRACAO E TECNOLOGIA","denom_uni_orc":"C\u00c2MARA MUNICIPAL","funcao":"Legislativa","sub_funcao":"A\u00e7\u00e3o Legislativa","programa":"ATUA\u00c7\u00c3O LEGISLATIVA E APOIO ADMINISTRATIVO AS A\u00c7\u00d5ES DA C\u00c2MARA","acao":"Reequipamento da C\u00e2mara Municipal","ident_acao":"Atividade","cat_econ":"Despesa Corrente","natureza_despesa":"Outras Despesas Correntes","modalidade_despesa":"Aplica\u00e7\u00f5es Diretas","elemento_despesa":"Outros Servi\u00e7os de Terceiros - Pessoa Jur\u00eddica","sub_elem_desp":"SEM SUBELEMENTO","fonte_recurso":"Recursos do Exerc\u00edcio Corrente \/ Outros Recursos n\u00e3o Vinculados \/ -"},{"ano_emissao_emp":"2023","n_emp":"0000055","data_emissao":"10\/05\/2023","valor":"23.455,50","tipo_empenho":"Ordin\u00e1rio","hist_emp":"EMPENHO REFERE-SE A CONTRATA\u00c7\u00c3O DE EMPRESA ESPECIALIZADA PARA A REALIZA\u00c7\u00c3O DE CONCURSO P\u00daBLICO PARA ESSA CASA LEGISLATIVA CONFORME PROCESSO LICITAT\u00d3RIO N\u00ba 004\/2022, DISPENSA DE LICITA\u00c7\u00c3O N\u00ba 002\/2022 E CONTRATO N\u00ba 001\/2023.","fornecedor":"INSTITUTO DE ADMINISTRACAO E TECNOLOGIA","denom_uni_orc":"C\u00c2MARA MUNICIPAL","funcao":"Legislativa","sub_funcao":"A\u00e7\u00e3o Legislativa","programa":"ATUA\u00c7\u00c3O LEGISLATIVA E APOIO ADMINISTRATIVO AS A\u00c7\u00d5ES DA C\u00c2MARA","acao":"Manuten\u00e7\u00e3o das Atividades Administrativas","ident_acao":"Atividade","cat_econ":"Despesa Corrente","natureza_despesa":"Outras Despesas Correntes","modalidade_despesa":"Aplica\u00e7\u00f5es Diretas","elemento_despesa":"Outros Servi\u00e7os de Terceiros - Pessoa Jur\u00eddica","sub_elem_desp":"SEM SUBELEMENTO","fonte_recurso":"Recursos do Exerc\u00edcio Corrente \/ Outros Recursos n\u00e3o Vinculados \/ -"},{"ano_emissao_emp":"2023","n_emp":"0000055","data_emissao":"10\/05\/2023","valor":"23.455,50","tipo_empenho":"Ordin\u00e1rio","hist_emp":"EMPENHO REFERE-SE A CONTRATA\u00c7\u00c3O DE EMPRESA ESPECIALIZADA PARA A REALIZA\u00c7\u00c3O DE CONCURSO P\u00daBLICO PARA ESSA CASA LEGISLATIVA CONFORME PROCESSO LICITAT\u00d3RIO N\u00ba 004\/2022, DISPENSA DE LICITA\u00c7\u00c3O N\u00ba 002\/2022 E CONTRATO N\u00ba 001\/2023.","fornecedor":"INSTITUTO DE ADMINISTRACAO E TECNOLOGIA","denom_uni_orc":"C\u00c2MARA MUNICIPAL","funcao":"Legislativa","sub_funcao":"A\u00e7\u00e3o Legislativa","programa":"ATUA\u00c7\u00c3O LEGISLATIVA E APOIO ADMINISTRATIVO AS A\u00c7\u00d5ES DA C\u00c2MARA","acao":"Parcelamento de D\u00e9bitos, Exceto parcelamentos celebrados com Entidades","ident_acao":"Atividade","cat_econ":"Despesa Corrente","natureza_despesa":"Outras Despesas Correntes","modalidade_despesa":"Aplica\u00e7\u00f5es Diretas","elemento_despesa":"Outros Servi\u00e7os de Terceiros - Pessoa Jur\u00eddica","sub_elem_desp":"SEM SUBELEMENTO","fonte_recurso":"Recursos do Exerc\u00edcio Corrente \/ Outros Recursos n\u00e3o Vinculados \/ -"},{"ano_emissao_emp":"2023","n_emp":"0000056","data_emissao":"10\/05\/2023","valor":"467,53","tipo_empenho":"Ordin\u00e1rio","hist_emp":"EMPENHO REFERE-SE COMPRA DE TINTA  PARA IMPRESSORA E MATERIAL DE EXPEDINTE PARA ATENDER AS NECESSIDADES ADMINISTRATIVAS DESSA CASA LEGISLATIVA.","fornecedor":"GRAFICA AGRESTE LTDA EPP","denom_uni_orc":"C\u00c2MARA MUNICIPAL","funcao":"Legislativa","sub_funcao":"A\u00e7\u00e3o Legislativa","programa":"ATUA\u00c7\u00c3O LEGISLATIVA E APOIO ADMINISTRATIVO AS A\u00c7\u00d5ES DA C\u00c2MARA","acao":"Reequipamento da C\u00e2mara Municipal","ident_acao":"Atividade","cat_econ":"Despesa Corrente","natureza_despesa":"Outras Despesas Correntes","modalidade_despesa":"Aplica\u00e7\u00f5es Diretas","elemento_despesa":"Material de Consumo","sub_elem_desp":"SEM SUBELEMENTO","fonte_recurso":"Recursos do Exerc\u00edcio Corrente \/ Outros Recursos n\u00e3o Vinculados \/ -"},{"ano_emissao_emp":"2023","n_emp":"0000056","data_emissao":"10\/05\/2023","valor":"467,53","tipo_empenho":"Ordin\u00e1rio","hist_emp":"EMPENHO REFERE-SE COMPRA DE TINTA  PARA IMPRESSORA E MATERIAL DE EXPEDINTE PARA ATENDER AS NECESSIDADES ADMINISTRATIVAS DESSA CASA LEGISLATIVA.","fornecedor":"GRAFICA AGRESTE LTDA EPP","denom_uni_orc":"C\u00c2MARA MUNICIPAL","funcao":"Legislativa","sub_funcao":"A\u00e7\u00e3o Legislativa","programa":"ATUA\u00c7\u00c3O LEGISLATIVA E APOIO ADMINISTRATIVO AS A\u00c7\u00d5ES DA C\u00c2MARA","acao":"Manuten\u00e7\u00e3o das Atividades Administrativas","ident_acao":"Atividade","cat_econ":"Despesa Corrente","natureza_despesa":"Outras Despesas Correntes","modalidade_despesa":"Aplica\u00e7\u00f5es Diretas","elemento_despesa":"Material de Consumo","sub_elem_desp":"SEM SUBELEMENTO","fonte_recurso":"Recursos do Exerc\u00edcio Corrente \/ Outros Recursos n\u00e3o Vinculados \/ -"},{"ano_emissao_emp":"2023","n_emp":"0000056","data_emissao":"10\/05\/2023","valor":"467,53","tipo_empenho":"Ordin\u00e1rio","hist_emp":"EMPENHO REFERE-SE COMPRA DE TINTA  PARA IMPRESSORA E MATERIAL DE EXPEDINTE PARA ATENDER AS NECESSIDADES ADMINISTRATIVAS DESSA CASA LEGISLATIVA.","fornecedor":"GRAFICA AGRESTE LTDA EPP","denom_uni_orc":"C\u00c2MARA MUNICIPAL","funcao":"Legislativa","sub_funcao":"A\u00e7\u00e3o Legislativa","programa":"ATUA\u00c7\u00c3O LEGISLATIVA E APOIO ADMINISTRATIVO AS A\u00c7\u00d5ES DA C\u00c2MARA","acao":"Parcelamento de D\u00e9bitos, Exceto parcelamentos celebrados com Entidades","ident_acao":"Atividade","cat_econ":"Despesa Corrente","natureza_despesa":"Outras Despesas Correntes","modalidade_despesa":"Aplica\u00e7\u00f5es Diretas","elemento_despesa":"Material de Consumo","sub_elem_desp":"SEM SUBELEMENTO","fonte_recurso":"Recursos do Exerc\u00edcio Corrente \/ Outros Recursos n\u00e3o Vinculados \/ -"},{"ano_emissao_emp":"2023","n_emp":"0000057","data_emissao":"10\/06\/2023","valor":"75.600,00","tipo_empenho":"Ordin\u00e1rio","hist_emp":"Referente a folha de pagamento normal do m\u00eas de junho de 2023","fornecedor":"FOLHA DE PAGAMENTO","denom_uni_orc":"C\u00c2MARA MUNICIPAL","funcao":"Legislativa","sub_funcao":"A\u00e7\u00e3o Legislativa","programa":"ATUA\u00c7\u00c3O LEGISLATIVA E APOIO ADMINISTRATIVO AS A\u00c7\u00d5ES DA C\u00c2MARA","acao":"Amplia\u00e7\u00e3o e Restaura\u00e7\u00e3o do Pr\u00e9dio da C\u00e2mara","ident_acao":"Atividade","cat_econ":"Despesa Corrente","natureza_despesa":"Pessoal e Encargos Sociais","modalidade_despesa":"Aplica\u00e7\u00f5es Diretas","elemento_despesa":"Vencimentos e Vantagens Fixas - Pessoal Civil","sub_elem_desp":"SEM SUBELEMENTO","fonte_recurso":"Recursos do Exerc\u00edcio Corrente \/ Outros Recursos n\u00e3o Vinculados \/ -"},{"ano_emissao_emp":"2023","n_emp":"0000057","data_emissao":"10\/06\/2023","valor":"75.600,00","tipo_empenho":"Ordin\u00e1rio","hist_emp":"Referente a folha de pagamento normal do m\u00eas de junho de 2023","fornecedor":"FOLHA DE PAGAMENTO","denom_uni_orc":"C\u00c2MARA MUNICIPAL","funcao":"Legislativa","sub_funcao":"A\u00e7\u00e3o Legislativa","programa":"ATUA\u00c7\u00c3O LEGISLATIVA E APOIO ADMINISTRATIVO AS A\u00c7\u00d5ES DA C\u00c2MARA","acao":"Manuten\u00e7\u00e3o das Atividades Legislativas","ident_acao":"Atividade","cat_econ":"Despesa Corrente","natureza_despesa":"Pessoal e Encargos Sociais","modalidade_despesa":"Aplica\u00e7\u00f5es Diretas","elemento_despesa":"Vencimentos e Vantagens Fixas - Pessoal Civil","sub_elem_desp":"SEM SUBELEMENTO","fonte_recurso":"Recursos do Exerc\u00edcio Corrente \/ Outros Recursos n\u00e3o Vinculados \/ -"},{"ano_emissao_emp":"2023","n_emp":"0000057","data_emissao":"10\/06\/2023","valor":"75.600,00","tipo_empenho":"Ordin\u00e1rio","hist_emp":"Referente a folha de pagamento normal do m\u00eas de junho de 2023","fornecedor":"FOLHA DE PAGAMENTO","denom_uni_orc":"C\u00c2MARA MUNICIPAL","funcao":"Legislativa","sub_funcao":"A\u00e7\u00e3o Legislativa","programa":"ATUA\u00c7\u00c3O LEGISLATIVA E APOIO ADMINISTRATIVO AS A\u00c7\u00d5ES DA C\u00c2MARA","acao":"Parcelamento de D\u00e9bitos Fiscais com os Governos Estadual e Federal","ident_acao":"Atividade","cat_econ":"Despesa Corrente","natureza_despesa":"Pessoal e Encargos Sociais","modalidade_despesa":"Aplica\u00e7\u00f5es Diretas","elemento_despesa":"Vencimentos e Vantagens Fixas - Pessoal Civil","sub_elem_desp":"SEM SUBELEMENTO","fonte_recurso":"Recursos do Exerc\u00edcio Corrente \/ Outros Recursos n\u00e3o Vinculados \/ -"},{"ano_emissao_emp":"2023","n_emp":"0000058","data_emissao":"10\/06\/2023","valor":"40.360,00","tipo_empenho":"Ordin\u00e1rio","hist_emp":"Referente a folha de pagamento normal do m\u00eas de junho de 2023","fornecedor":"FOLHA DE PAGAMENTO","denom_uni_orc":"C\u00c2MARA MUNICIPAL","funcao":"Legislativa","sub_funcao":"A\u00e7\u00e3o Legislativa","programa":"ATUA\u00c7\u00c3O LEGISLATIVA E APOIO ADMINISTRATIVO AS A\u00c7\u00d5ES DA C\u00c2MARA","acao":"Reequipamento da C\u00e2mara Municipal","ident_acao":"Atividade","cat_econ":"Despesa Corrente","natureza_despesa":"Pessoal e Encargos Sociais","modalidade_despesa":"Aplica\u00e7\u00f5es Diretas","elemento_despesa":"Vencimentos e Vantagens Fixas - Pessoal Civil","sub_elem_desp":"SEM SUBELEMENTO","fonte_recurso":"Recursos do Exerc\u00edcio Corrente \/ Outros Recursos n\u00e3o Vinculados \/ -"},{"ano_emissao_emp":"2023","n_emp":"0000058","data_emissao":"10\/06\/2023","valor":"40.360,00","tipo_empenho":"Ordin\u00e1rio","hist_emp":"Referente a folha de pagamento normal do m\u00eas de junho de 2023","fornecedor":"FOLHA DE PAGAMENTO","denom_uni_orc":"C\u00c2MARA MUNICIPAL","funcao":"Legislativa","sub_funcao":"A\u00e7\u00e3o Legislativa","programa":"ATUA\u00c7\u00c3O LEGISLATIVA E APOIO ADMINISTRATIVO AS A\u00c7\u00d5ES DA C\u00c2MARA","acao":"Manuten\u00e7\u00e3o das Atividades Administrativas","ident_acao":"Atividade","cat_econ":"Despesa Corrente","natureza_despesa":"Pessoal e Encargos Sociais","modalidade_despesa":"Aplica\u00e7\u00f5es Diretas","elemento_despesa":"Vencimentos e Vantagens Fixas - Pessoal Civil","sub_elem_desp":"SEM SUBELEMENTO","fonte_recurso":"Recursos do Exerc\u00edcio Corrente \/ Outros Recursos n\u00e3o Vinculados \/ -"},{"ano_emissao_emp":"2023","n_emp":"0000058","data_emissao":"10\/06\/2023","valor":"40.360,00","tipo_empenho":"Ordin\u00e1rio","hist_emp":"Referente a folha de pagamento normal do m\u00eas de junho de 2023","fornecedor":"FOLHA DE PAGAMENTO","denom_uni_orc":"C\u00c2MARA MUNICIPAL","funcao":"Legislativa","sub_funcao":"A\u00e7\u00e3o Legislativa","programa":"ATUA\u00c7\u00c3O LEGISLATIVA E APOIO ADMINISTRATIVO AS A\u00c7\u00d5ES DA C\u00c2MARA","acao":"Parcelamento de D\u00e9bitos, Exceto parcelamentos celebrados com Entidades","ident_acao":"Atividade","cat_econ":"Despesa Corrente","natureza_despesa":"Pessoal e Encargos Sociais","modalidade_despesa":"Aplica\u00e7\u00f5es Diretas","elemento_despesa":"Vencimentos e Vantagens Fixas - Pessoal Civil","sub_elem_desp":"SEM SUBELEMENTO","fonte_recurso":"Recursos do Exerc\u00edcio Corrente \/ Outros Recursos n\u00e3o Vinculados \/ -"},{"ano_emissao_emp":"2023","n_emp":"0000059","data_emissao":"10\/06\/2023","valor":"2.490,00","tipo_empenho":"Ordin\u00e1rio","hist_emp":"Referente a folha de pagamento normal do m\u00eas de junho de 2023","fornecedor":"FOLHA DE PAGAMENTO","denom_uni_orc":"C\u00c2MARA MUNICIPAL","funcao":"Legislativa","sub_funcao":"A\u00e7\u00e3o Legislativa","programa":"ATUA\u00c7\u00c3O LEGISLATIVA E APOIO ADMINISTRATIVO AS A\u00c7\u00d5ES DA C\u00c2MARA","acao":"Apoio ao Conselho Municipal de Sa\u00fade Atrav\u00e9s de Despesas de Investimen","ident_acao":"Atividade","cat_econ":"Despesa Corrente","natureza_despesa":"Pessoal e Encargos Sociais","modalidade_despesa":"Aplica\u00e7\u00f5es Diretas","elemento_despesa":"Vencimentos e Vantagens Fixas - Pessoal Civil","sub_elem_desp":"SEM SUBELEMENTO","fonte_recurso":"Recursos do Exerc\u00edcio Corrente \/ Outros Recursos n\u00e3o Vinculados \/ -"},{"ano_emissao_emp":"2023","n_emp":"0000059","data_emissao":"10\/06\/2023","valor":"2.490,00","tipo_empenho":"Ordin\u00e1rio","hist_emp":"Referente a folha de pagamento normal do m\u00eas de junho de 2023","fornecedor":"FOLHA DE PAGAMENTO","denom_uni_orc":"C\u00c2MARA MUNICIPAL","funcao":"Legislativa","sub_funcao":"A\u00e7\u00e3o Legislativa","programa":"ATUA\u00c7\u00c3O LEGISLATIVA E APOIO ADMINISTRATIVO AS A\u00c7\u00d5ES DA C\u00c2MARA","acao":"Gest\u00e3o do Controle Interno","ident_acao":"Atividade","cat_econ":"Despesa Corrente","natureza_despesa":"Pessoal e Encargos Sociais","modalidade_despesa":"Aplica\u00e7\u00f5es Diretas","elemento_despesa":"Vencimentos e Vantagens Fixas - Pessoal Civil","sub_elem_desp":"SEM SUBELEMENTO","fonte_recurso":"Recursos do Exerc\u00edcio Corrente \/ Outros Recursos n\u00e3o Vinculados \/ -"},{"ano_emissao_emp":"2023","n_emp":"0000059","data_emissao":"10\/06\/2023","valor":"2.490,00","tipo_empenho":"Ordin\u00e1rio","hist_emp":"Referente a folha de pagamento normal do m\u00eas de junho de 2023","fornecedor":"FOLHA DE PAGAMENTO","denom_uni_orc":"C\u00c2MARA MUNICIPAL","funcao":"Legislativa","sub_funcao":"A\u00e7\u00e3o Legislativa","programa":"ATUA\u00c7\u00c3O LEGISLATIVA E APOIO ADMINISTRATIVO AS A\u00c7\u00d5ES DA C\u00c2MARA","acao":"Indeniza\u00e7\u00f5es e Restitui\u00e7\u00f5es Diversas","ident_acao":"Atividade","cat_econ":"Despesa Corrente","natureza_despesa":"Pessoal e Encargos Sociais","modalidade_despesa":"Aplica\u00e7\u00f5es Diretas","elemento_despesa":"Vencimentos e Vantagens Fixas - Pessoal Civil","sub_elem_desp":"SEM SUBELEMENTO","fonte_recurso":"Recursos do Exerc\u00edcio Corrente \/ Outros Recursos n\u00e3o Vinculados \/ -"},{"ano_emissao_emp":"2023","n_emp":"0000060","data_emissao":"30\/06\/2023","valor":"1.400,00","tipo_empenho":"Ordin\u00e1rio","hist_emp":"EMPENHO REFERE-SE A SEVI\u00c7OS PRESTADORES PARA INSTALA\u00c7\u00c3O DE UM AR-CONDICIONADO DE 30.000 BTUS. EMPENHO CRIADO PARA SUBSTIRUIR O EMPENHO 36\/2023 QUE FOI CRIADO COM FORNECEDOR ERRADO.","fornecedor":"JOSE CANDIDO DE AMORIM IRMAO","denom_uni_orc":"C\u00c2MARA MUNICIPAL","funcao":"Legislativa","sub_funcao":"A\u00e7\u00e3o Legislativa","programa":"ATUA\u00c7\u00c3O LEGISLATIVA E APOIO ADMINISTRATIVO AS A\u00c7\u00d5ES DA C\u00c2MARA","acao":"Reequipamento da C\u00e2mara Municipal","ident_acao":"Atividade","cat_econ":"Despesa Corrente","natureza_despesa":"Outras Despesas Correntes","modalidade_despesa":"Aplica\u00e7\u00f5es Diretas","elemento_despesa":"Outros Servi\u00e7os de Terceiros - Pessoa Jur\u00eddica","sub_elem_desp":"SEM SUBELEMENTO","fonte_recurso":"Recursos do Exerc\u00edcio Corrente \/ Outros Recursos n\u00e3o Vinculados \/ -"},{"ano_emissao_emp":"2023","n_emp":"0000060","data_emissao":"30\/06\/2023","valor":"1.400,00","tipo_empenho":"Ordin\u00e1rio","hist_emp":"EMPENHO REFERE-SE A SEVI\u00c7OS PRESTADORES PARA INSTALA\u00c7\u00c3O DE UM AR-CONDICIONADO DE 30.000 BTUS. EMPENHO CRIADO PARA SUBSTIRUIR O EMPENHO 36\/2023 QUE FOI CRIADO COM FORNECEDOR ERRADO.","fornecedor":"JOSE CANDIDO DE AMORIM IRMAO","denom_uni_orc":"C\u00c2MARA MUNICIPAL","funcao":"Legislativa","sub_funcao":"A\u00e7\u00e3o Legislativa","programa":"ATUA\u00c7\u00c3O LEGISLATIVA E APOIO ADMINISTRATIVO AS A\u00c7\u00d5ES DA C\u00c2MARA","acao":"Manuten\u00e7\u00e3o das Atividades Administrativas","ident_acao":"Atividade","cat_econ":"Despesa Corrente","natureza_despesa":"Outras Despesas Correntes","modalidade_despesa":"Aplica\u00e7\u00f5es Diretas","elemento_despesa":"Outros Servi\u00e7os de Terceiros - Pessoa Jur\u00eddica","sub_elem_desp":"SEM SUBELEMENTO","fonte_recurso":"Recursos do Exerc\u00edcio Corrente \/ Outros Recursos n\u00e3o Vinculados \/ -"},{"ano_emissao_emp":"2023","n_emp":"0000060","data_emissao":"30\/06\/2023","valor":"1.400,00","tipo_empenho":"Ordin\u00e1rio","hist_emp":"EMPENHO REFERE-SE A SEVI\u00c7OS PRESTADORES PARA INSTALA\u00c7\u00c3O DE UM AR-CONDICIONADO DE 30.000 BTUS. EMPENHO CRIADO PARA SUBSTIRUIR O EMPENHO 36\/2023 QUE FOI CRIADO COM FORNECEDOR ERRADO.","fornecedor":"JOSE CANDIDO DE AMORIM IRMAO","denom_uni_orc":"C\u00c2MARA MUNICIPAL","funcao":"Legislativa","sub_funcao":"A\u00e7\u00e3o Legislativa","programa":"ATUA\u00c7\u00c3O LEGISLATIVA E APOIO ADMINISTRATIVO AS A\u00c7\u00d5ES DA C\u00c2MARA","acao":"Parcelamento de D\u00e9bitos, Exceto parcelamentos celebrados com Entidades","ident_acao":"Atividade","cat_econ":"Despesa Corrente","natureza_despesa":"Outras Despesas Correntes","modalidade_despesa":"Aplica\u00e7\u00f5es Diretas","elemento_despesa":"Outros Servi\u00e7os de Terceiros - Pessoa Jur\u00eddica","sub_elem_desp":"SEM SUBELEMENTO","fonte_recurso":"Recursos do Exerc\u00edcio Corrente \/ Outros Recursos n\u00e3o Vinculados \/ -"},{"ano_emissao_emp":"2023","n_emp":"0000061","data_emissao":"17\/07\/2023","valor":"75.600,00","tipo_empenho":"Ordin\u00e1rio","hist_emp":"Referente a folha de pagamento normal do m\u00eas de julho de 2023","fornecedor":"FOLHA DE PAGAMENTO","denom_uni_orc":"C\u00c2MARA MUNICIPAL","funcao":"Legislativa","sub_funcao":"A\u00e7\u00e3o Legislativa","programa":"ATUA\u00c7\u00c3O LEGISLATIVA E APOIO ADMINISTRATIVO AS A\u00c7\u00d5ES DA C\u00c2MARA","acao":"Amplia\u00e7\u00e3o e Restaura\u00e7\u00e3o do Pr\u00e9dio da C\u00e2mara","ident_acao":"Atividade","cat_econ":"Despesa Corrente","natureza_despesa":"Pessoal e Encargos Sociais","modalidade_despesa":"Aplica\u00e7\u00f5es Diretas","elemento_despesa":"Vencimentos e Vantagens Fixas - Pessoal Civil","sub_elem_desp":"SEM SUBELEMENTO","fonte_recurso":"Recursos do Exerc\u00edcio Corrente \/ Outros Recursos n\u00e3o Vinculados \/ -"},{"ano_emissao_emp":"2023","n_emp":"0000061","data_emissao":"17\/07\/2023","valor":"75.600,00","tipo_empenho":"Ordin\u00e1rio","hist_emp":"Referente a folha de pagamento normal do m\u00eas de julho de 2023","fornecedor":"FOLHA DE PAGAMENTO","denom_uni_orc":"C\u00c2MARA MUNICIPAL","funcao":"Legislativa","sub_funcao":"A\u00e7\u00e3o Legislativa","programa":"ATUA\u00c7\u00c3O LEGISLATIVA E APOIO ADMINISTRATIVO AS A\u00c7\u00d5ES DA C\u00c2MARA","acao":"Manuten\u00e7\u00e3o das Atividades Legislativas","ident_acao":"Atividade","cat_econ":"Despesa Corrente","natureza_despesa":"Pessoal e Encargos Sociais","modalidade_despesa":"Aplica\u00e7\u00f5es Diretas","elemento_despesa":"Vencimentos e Vantagens Fixas - Pessoal Civil","sub_elem_desp":"SEM SUBELEMENTO","fonte_recurso":"Recursos do Exerc\u00edcio Corrente \/ Outros Recursos n\u00e3o Vinculados \/ -"},{"ano_emissao_emp":"2023","n_emp":"0000061","data_emissao":"17\/07\/2023","valor":"75.600,00","tipo_empenho":"Ordin\u00e1rio","hist_emp":"Referente a folha de pagamento normal do m\u00eas de julho de 2023","fornecedor":"FOLHA DE PAGAMENTO","denom_uni_orc":"C\u00c2MARA MUNICIPAL","funcao":"Legislativa","sub_funcao":"A\u00e7\u00e3o Legislativa","programa":"ATUA\u00c7\u00c3O LEGISLATIVA E APOIO ADMINISTRATIVO AS A\u00c7\u00d5ES DA C\u00c2MARA","acao":"Parcelamento de D\u00e9bitos Fiscais com os Governos Estadual e Federal","ident_acao":"Atividade","cat_econ":"Despesa Corrente","natureza_despesa":"Pessoal e Encargos Sociais","modalidade_despesa":"Aplica\u00e7\u00f5es Diretas","elemento_despesa":"Vencimentos e Vantagens Fixas - Pessoal Civil","sub_elem_desp":"SEM SUBELEMENTO","fonte_recurso":"Recursos do Exerc\u00edcio Corrente \/ Outros Recursos n\u00e3o Vinculados \/ -"},{"ano_emissao_emp":"2023","n_emp":"0000062","data_emissao":"17\/07\/2023","valor":"40.360,00","tipo_empenho":"Ordin\u00e1rio","hist_emp":"Referente a folha de pagamento normal do m\u00eas de julho de 2023","fornecedor":"FOLHA DE PAGAMENTO","denom_uni_orc":"C\u00c2MARA MUNICIPAL","funcao":"Legislativa","sub_funcao":"A\u00e7\u00e3o Legislativa","programa":"ATUA\u00c7\u00c3O LEGISLATIVA E APOIO ADMINISTRATIVO AS A\u00c7\u00d5ES DA C\u00c2MARA","acao":"Reequipamento da C\u00e2mara Municipal","ident_acao":"Atividade","cat_econ":"Despesa Corrente","natureza_despesa":"Pessoal e Encargos Sociais","modalidade_despesa":"Aplica\u00e7\u00f5es Diretas","elemento_despesa":"Vencimentos e Vantagens Fixas - Pessoal Civil","sub_elem_desp":"SEM SUBELEMENTO","fonte_recurso":"Recursos do Exerc\u00edcio Corrente \/ Outros Recursos n\u00e3o Vinculados \/ -"},{"ano_emissao_emp":"2023","n_emp":"0000062","data_emissao":"17\/07\/2023","valor":"40.360,00","tipo_empenho":"Ordin\u00e1rio","hist_emp":"Referente a folha de pagamento normal do m\u00eas de julho de 2023","fornecedor":"FOLHA DE PAGAMENTO","denom_uni_orc":"C\u00c2MARA MUNICIPAL","funcao":"Legislativa","sub_funcao":"A\u00e7\u00e3o Legislativa","programa":"ATUA\u00c7\u00c3O LEGISLATIVA E APOIO ADMINISTRATIVO AS A\u00c7\u00d5ES DA C\u00c2MARA","acao":"Manuten\u00e7\u00e3o das Atividades Administrativas","ident_acao":"Atividade","cat_econ":"Despesa Corrente","natureza_despesa":"Pessoal e Encargos Sociais","modalidade_despesa":"Aplica\u00e7\u00f5es Diretas","elemento_despesa":"Vencimentos e Vantagens Fixas - Pessoal Civil","sub_elem_desp":"SEM SUBELEMENTO","fonte_recurso":"Recursos do Exerc\u00edcio Corrente \/ Outros Recursos n\u00e3o Vinculados \/ -"},{"ano_emissao_emp":"2023","n_emp":"0000062","data_emissao":"17\/07\/2023","valor":"40.360,00","tipo_empenho":"Ordin\u00e1rio","hist_emp":"Referente a folha de pagamento normal do m\u00eas de julho de 2023","fornecedor":"FOLHA DE PAGAMENTO","denom_uni_orc":"C\u00c2MARA MUNICIPAL","funcao":"Legislativa","sub_funcao":"A\u00e7\u00e3o Legislativa","programa":"ATUA\u00c7\u00c3O LEGISLATIVA E APOIO ADMINISTRATIVO AS A\u00c7\u00d5ES DA C\u00c2MARA","acao":"Parcelamento de D\u00e9bitos, Exceto parcelamentos celebrados com Entidades","ident_acao":"Atividade","cat_econ":"Despesa Corrente","natureza_despesa":"Pessoal e Encargos Sociais","modalidade_despesa":"Aplica\u00e7\u00f5es Diretas","elemento_despesa":"Vencimentos e Vantagens Fixas - Pessoal Civil","sub_elem_desp":"SEM SUBELEMENTO","fonte_recurso":"Recursos do Exerc\u00edcio Corrente \/ Outros Recursos n\u00e3o Vinculados \/ -"},{"ano_emissao_emp":"2023","n_emp":"0000063","data_emissao":"17\/07\/2023","valor":"2.490,00","tipo_empenho":"Ordin\u00e1rio","hist_emp":"Referente a folha de pagamento normal do m\u00eas de julho de 2023","fornecedor":"FOLHA DE PAGAMENTO","denom_uni_orc":"C\u00c2MARA MUNICIPAL","funcao":"Legislativa","sub_funcao":"A\u00e7\u00e3o Legislativa","programa":"ATUA\u00c7\u00c3O LEGISLATIVA E APOIO ADMINISTRATIVO AS A\u00c7\u00d5ES DA C\u00c2MARA","acao":"Apoio ao Conselho Municipal de Sa\u00fade Atrav\u00e9s de Despesas de Investimen","ident_acao":"Atividade","cat_econ":"Despesa Corrente","natureza_despesa":"Pessoal e Encargos Sociais","modalidade_despesa":"Aplica\u00e7\u00f5es Diretas","elemento_despesa":"Vencimentos e Vantagens Fixas - Pessoal Civil","sub_elem_desp":"SEM SUBELEMENTO","fonte_recurso":"Recursos do Exerc\u00edcio Corrente \/ Outros Recursos n\u00e3o Vinculados \/ -"},{"ano_emissao_emp":"2023","n_emp":"0000063","data_emissao":"17\/07\/2023","valor":"2.490,00","tipo_empenho":"Ordin\u00e1rio","hist_emp":"Referente a folha de pagamento normal do m\u00eas de julho de 2023","fornecedor":"FOLHA DE PAGAMENTO","denom_uni_orc":"C\u00c2MARA MUNICIPAL","funcao":"Legislativa","sub_funcao":"A\u00e7\u00e3o Legislativa","programa":"ATUA\u00c7\u00c3O LEGISLATIVA E APOIO ADMINISTRATIVO AS A\u00c7\u00d5ES DA C\u00c2MARA","acao":"Gest\u00e3o do Controle Interno","ident_acao":"Atividade","cat_econ":"Despesa Corrente","natureza_despesa":"Pessoal e Encargos Sociais","modalidade_despesa":"Aplica\u00e7\u00f5es Diretas","elemento_despesa":"Vencimentos e Vantagens Fixas - Pessoal Civil","sub_elem_desp":"SEM SUBELEMENTO","fonte_recurso":"Recursos do Exerc\u00edcio Corrente \/ Outros Recursos n\u00e3o Vinculados \/ -"},{"ano_emissao_emp":"2023","n_emp":"0000063","data_emissao":"17\/07\/2023","valor":"2.490,00","tipo_empenho":"Ordin\u00e1rio","hist_emp":"Referente a folha de pagamento normal do m\u00eas de julho de 2023","fornecedor":"FOLHA DE PAGAMENTO","denom_uni_orc":"C\u00c2MARA MUNICIPAL","funcao":"Legislativa","sub_funcao":"A\u00e7\u00e3o Legislativa","programa":"ATUA\u00c7\u00c3O LEGISLATIVA E APOIO ADMINISTRATIVO AS A\u00c7\u00d5ES DA C\u00c2MARA","acao":"Indeniza\u00e7\u00f5es e Restitui\u00e7\u00f5es Diversas","ident_acao":"Atividade","cat_econ":"Despesa Corrente","natureza_despesa":"Pessoal e Encargos Sociais","modalidade_despesa":"Aplica\u00e7\u00f5es Diretas","elemento_despesa":"Vencimentos e Vantagens Fixas - Pessoal Civil","sub_elem_desp":"SEM SUBELEMENTO","fonte_recurso":"Recursos do Exerc\u00edcio Corrente \/ Outros Recursos n\u00e3o Vinculados \/ -"},{"ano_emissao_emp":"2023","n_emp":"0000064","data_emissao":"26\/07\/2023","valor":"4.000,00","tipo_empenho":"Ordin\u00e1rio","hist_emp":"EMPENHO REFERE-SE A CONTRATA\u00c7\u00c3O DE EMPRESA ESPECIALIZADA PARA A REALIZA\u00c7\u00c3O DE CONCURSO P\u00daBLICO PARA ESSA CASA LEGISLATIVA CONFORME PROCESSO LICITAT\u00d3RIO N\u00ba 004\/2022, DISPENSA DE LICITA\u00c7\u00c3O N\u00ba 002\/2022 E CONTRATO N\u00ba 001\/2023. REFERENTE A 10% DO VALOR ARRECADO COM AS INSCRI\u00c7\u00d5ES E A DIVULGA\u00c7\u00c3O DO RESULTADO FINAL DOCONCURSO.","fornecedor":"INSTITUTO DE ADMINISTRACAO E TECNOLOGIA","denom_uni_orc":"C\u00c2MARA MUNICIPAL","funcao":"Legislativa","sub_funcao":"A\u00e7\u00e3o Legislativa","programa":"ATUA\u00c7\u00c3O LEGISLATIVA E APOIO ADMINISTRATIVO AS A\u00c7\u00d5ES DA C\u00c2MARA","acao":"Reequipamento da C\u00e2mara Municipal","ident_acao":"Atividade","cat_econ":"Despesa Corrente","natureza_despesa":"Outras Despesas Correntes","modalidade_despesa":"Aplica\u00e7\u00f5es Diretas","elemento_despesa":"Outros Servi\u00e7os de Terceiros - Pessoa Jur\u00eddica","sub_elem_desp":"SEM SUBELEMENTO","fonte_recurso":"Recursos do Exerc\u00edcio Corrente \/ Outros Recursos n\u00e3o Vinculados \/ -"},{"ano_emissao_emp":"2023","n_emp":"0000064","data_emissao":"26\/07\/2023","valor":"4.000,00","tipo_empenho":"Ordin\u00e1rio","hist_emp":"EMPENHO REFERE-SE A CONTRATA\u00c7\u00c3O DE EMPRESA ESPECIALIZADA PARA A REALIZA\u00c7\u00c3O DE CONCURSO P\u00daBLICO PARA ESSA CASA LEGISLATIVA CONFORME PROCESSO LICITAT\u00d3RIO N\u00ba 004\/2022, DISPENSA DE LICITA\u00c7\u00c3O N\u00ba 002\/2022 E CONTRATO N\u00ba 001\/2023. REFERENTE A 10% DO VALOR ARRECADO COM AS INSCRI\u00c7\u00d5ES E A DIVULGA\u00c7\u00c3O DO RESULTADO FINAL DOCONCURSO.","fornecedor":"INSTITUTO DE ADMINISTRACAO E TECNOLOGIA","denom_uni_orc":"C\u00c2MARA MUNICIPAL","funcao":"Legislativa","sub_funcao":"A\u00e7\u00e3o Legislativa","programa":"ATUA\u00c7\u00c3O LEGISLATIVA E APOIO ADMINISTRATIVO AS A\u00c7\u00d5ES DA C\u00c2MARA","acao":"Manuten\u00e7\u00e3o das Atividades Administrativas","ident_acao":"Atividade","cat_econ":"Despesa Corrente","natureza_despesa":"Outras Despesas Correntes","modalidade_despesa":"Aplica\u00e7\u00f5es Diretas","elemento_despesa":"Outros Servi\u00e7os de Terceiros - Pessoa Jur\u00eddica","sub_elem_desp":"SEM SUBELEMENTO","fonte_recurso":"Recursos do Exerc\u00edcio Corrente \/ Outros Recursos n\u00e3o Vinculados \/ -"},{"ano_emissao_emp":"2023","n_emp":"0000064","data_emissao":"26\/07\/2023","valor":"4.000,00","tipo_empenho":"Ordin\u00e1rio","hist_emp":"EMPENHO REFERE-SE A CONTRATA\u00c7\u00c3O DE EMPRESA ESPECIALIZADA PARA A REALIZA\u00c7\u00c3O DE CONCURSO P\u00daBLICO PARA ESSA CASA LEGISLATIVA CONFORME PROCESSO LICITAT\u00d3RIO N\u00ba 004\/2022, DISPENSA DE LICITA\u00c7\u00c3O N\u00ba 002\/2022 E CONTRATO N\u00ba 001\/2023. REFERENTE A 10% DO VALOR ARRECADO COM AS INSCRI\u00c7\u00d5ES E A DIVULGA\u00c7\u00c3O DO RESULTADO FINAL DOCONCURSO.","fornecedor":"INSTITUTO DE ADMINISTRACAO E TECNOLOGIA","denom_uni_orc":"C\u00c2MARA MUNICIPAL","funcao":"Legislativa","sub_funcao":"A\u00e7\u00e3o Legislativa","programa":"ATUA\u00c7\u00c3O LEGISLATIVA E APOIO ADMINISTRATIVO AS A\u00c7\u00d5ES DA C\u00c2MARA","acao":"Parcelamento de D\u00e9bitos, Exceto parcelamentos celebrados com Entidades","ident_acao":"Atividade","cat_econ":"Despesa Corrente","natureza_despesa":"Outras Despesas Correntes","modalidade_despesa":"Aplica\u00e7\u00f5es Diretas","elemento_despesa":"Outros Servi\u00e7os de Terceiros - Pessoa Jur\u00eddica","sub_elem_desp":"SEM SUBELEMENTO","fonte_recurso":"Recursos do Exerc\u00edcio Corrente \/ Outros Recursos n\u00e3o Vinculados \/ -"},{"ano_emissao_emp":"2023","n_emp":"0000065","data_emissao":"02\/08\/2023","valor":"306,00","tipo_empenho":"Ordin\u00e1rio","hist_emp":"EMPENHO REFERE-SE A COMPRA DE MATERIAS DE SUPRIMENTO DE INFORM\u00c1TICA E MATEIRAS DE EXPEDIENTE PARA ESSA CASA LEGISLATIVA","fornecedor":"GRAFICA AGRESTE LTDA EPP","denom_uni_orc":"C\u00c2MARA MUNICIPAL","funcao":"Legislativa","sub_funcao":"A\u00e7\u00e3o Legislativa","programa":"ATUA\u00c7\u00c3O LEGISLATIVA E APOIO ADMINISTRATIVO AS A\u00c7\u00d5ES DA C\u00c2MARA","acao":"Reequipamento da C\u00e2mara Municipal","ident_acao":"Atividade","cat_econ":"Despesa Corrente","natureza_despesa":"Outras Despesas Correntes","modalidade_despesa":"Aplica\u00e7\u00f5es Diretas","elemento_despesa":"Material de Consumo","sub_elem_desp":"SEM SUBELEMENTO","fonte_recurso":"Recursos do Exerc\u00edcio Corrente \/ Outros Recursos n\u00e3o Vinculados \/ -"},{"ano_emissao_emp":"2023","n_emp":"0000065","data_emissao":"02\/08\/2023","valor":"306,00","tipo_empenho":"Ordin\u00e1rio","hist_emp":"EMPENHO REFERE-SE A COMPRA DE MATERIAS DE SUPRIMENTO DE INFORM\u00c1TICA E MATEIRAS DE EXPEDIENTE PARA ESSA CASA LEGISLATIVA","fornecedor":"GRAFICA AGRESTE LTDA EPP","denom_uni_orc":"C\u00c2MARA MUNICIPAL","funcao":"Legislativa","sub_funcao":"A\u00e7\u00e3o Legislativa","programa":"ATUA\u00c7\u00c3O LEGISLATIVA E APOIO ADMINISTRATIVO AS A\u00c7\u00d5ES DA C\u00c2MARA","acao":"Manuten\u00e7\u00e3o das Atividades Administrativas","ident_acao":"Atividade","cat_econ":"Despesa Corrente","natureza_despesa":"Outras Despesas Correntes","modalidade_despesa":"Aplica\u00e7\u00f5es Diretas","elemento_despesa":"Material de Consumo","sub_elem_desp":"SEM SUBELEMENTO","fonte_recurso":"Recursos do Exerc\u00edcio Corrente \/ Outros Recursos n\u00e3o Vinculados \/ -"},{"ano_emissao_emp":"2023","n_emp":"0000065","data_emissao":"02\/08\/2023","valor":"306,00","tipo_empenho":"Ordin\u00e1rio","hist_emp":"EMPENHO REFERE-SE A COMPRA DE MATERIAS DE SUPRIMENTO DE INFORM\u00c1TICA E MATEIRAS DE EXPEDIENTE PARA ESSA CASA LEGISLATIVA","fornecedor":"GRAFICA AGRESTE LTDA EPP","denom_uni_orc":"C\u00c2MARA MUNICIPAL","funcao":"Legislativa","sub_funcao":"A\u00e7\u00e3o Legislativa","programa":"ATUA\u00c7\u00c3O LEGISLATIVA E APOIO ADMINISTRATIVO AS A\u00c7\u00d5ES DA C\u00c2MARA","acao":"Parcelamento de D\u00e9bitos, Exceto parcelamentos celebrados com Entidades","ident_acao":"Atividade","cat_econ":"Despesa Corrente","natureza_despesa":"Outras Despesas Correntes","modalidade_despesa":"Aplica\u00e7\u00f5es Diretas","elemento_despesa":"Material de Consumo","sub_elem_desp":"SEM SUBELEMENTO","fonte_recurso":"Recursos do Exerc\u00edcio Corrente \/ Outros Recursos n\u00e3o Vinculados \/ -"},{"ano_emissao_emp":"2023","n_emp":"0000066","data_emissao":"02\/08\/2023","valor":"100,00","tipo_empenho":"Ordin\u00e1rio","hist_emp":"SOLICITA\u00c7\u00c3O DE DI\u00c1RIA REFERENTE A VIAGEM A CIDADE DE SURUBIM\/PE PARA COMPRA DE MATERIAIS DE EXPEDIENTE NA GR\u00c1FICA AGRESTE.","fornecedor":"DEAN SALES GOMES","denom_uni_orc":"C\u00c2MARA MUNICIPAL","funcao":"Legislativa","sub_funcao":"A\u00e7\u00e3o Legislativa","programa":"ATUA\u00c7\u00c3O LEGISLATIVA E APOIO ADMINISTRATIVO AS A\u00c7\u00d5ES DA C\u00c2MARA","acao":"Reequipamento da C\u00e2mara Municipal","ident_acao":"Atividade","cat_econ":"Despesa Corrente","natureza_despesa":"Outras Despesas Correntes","modalidade_despesa":"Aplica\u00e7\u00f5es Diretas","elemento_despesa":"Di\u00e1rias \u2013 Civil","sub_elem_desp":"SEM SUBELEMENTO","fonte_recurso":"Recursos do Exerc\u00edcio Corrente \/ Outros Recursos n\u00e3o Vinculados \/ -"},{"ano_emissao_emp":"2023","n_emp":"0000066","data_emissao":"02\/08\/2023","valor":"100,00","tipo_empenho":"Ordin\u00e1rio","hist_emp":"SOLICITA\u00c7\u00c3O DE DI\u00c1RIA REFERENTE A VIAGEM A CIDADE DE SURUBIM\/PE PARA COMPRA DE MATERIAIS DE EXPEDIENTE NA GR\u00c1FICA AGRESTE.","fornecedor":"DEAN SALES GOMES","denom_uni_orc":"C\u00c2MARA MUNICIPAL","funcao":"Legislativa","sub_funcao":"A\u00e7\u00e3o Legislativa","programa":"ATUA\u00c7\u00c3O LEGISLATIVA E APOIO ADMINISTRATIVO AS A\u00c7\u00d5ES DA C\u00c2MARA","acao":"Manuten\u00e7\u00e3o das Atividades Administrativas","ident_acao":"Atividade","cat_econ":"Despesa Corrente","natureza_despesa":"Outras Despesas Correntes","modalidade_despesa":"Aplica\u00e7\u00f5es Diretas","elemento_despesa":"Di\u00e1rias \u2013 Civil","sub_elem_desp":"SEM SUBELEMENTO","fonte_recurso":"Recursos do Exerc\u00edcio Corrente \/ Outros Recursos n\u00e3o Vinculados \/ -"},{"ano_emissao_emp":"2023","n_emp":"0000066","data_emissao":"02\/08\/2023","valor":"100,00","tipo_empenho":"Ordin\u00e1rio","hist_emp":"SOLICITA\u00c7\u00c3O DE DI\u00c1RIA REFERENTE A VIAGEM A CIDADE DE SURUBIM\/PE PARA COMPRA DE MATERIAIS DE EXPEDIENTE NA GR\u00c1FICA AGRESTE.","fornecedor":"DEAN SALES GOMES","denom_uni_orc":"C\u00c2MARA MUNICIPAL","funcao":"Legislativa","sub_funcao":"A\u00e7\u00e3o Legislativa","programa":"ATUA\u00c7\u00c3O LEGISLATIVA E APOIO ADMINISTRATIVO AS A\u00c7\u00d5ES DA C\u00c2MARA","acao":"Parcelamento de D\u00e9bitos, Exceto parcelamentos celebrados com Entidades","ident_acao":"Atividade","cat_econ":"Despesa Corrente","natureza_despesa":"Outras Despesas Correntes","modalidade_despesa":"Aplica\u00e7\u00f5es Diretas","elemento_despesa":"Di\u00e1rias \u2013 Civil","sub_elem_desp":"SEM SUBELEMENTO","fonte_recurso":"Recursos do Exerc\u00edcio Corrente \/ Outros Recursos n\u00e3o Vinculados \/ -"},{"ano_emissao_emp":"2023","n_emp":"0000067","data_emissao":"02\/08\/2023","valor":"300,00","tipo_empenho":"Ordin\u00e1rio","hist_emp":"SOLICITA\u00c7\u00c3O DE DI\u00c1RIA PARA ALEPE, NA RUA DA UNI\u00c3O, N 397, BOA VISTA, RECIFE","fornecedor":"JOSE ANICETO DE LIMA","denom_uni_orc":"C\u00c2MARA MUNICIPAL","funcao":"Legislativa","sub_funcao":"A\u00e7\u00e3o Legislativa","programa":"ATUA\u00c7\u00c3O LEGISLATIVA E APOIO ADMINISTRATIVO AS A\u00c7\u00d5ES DA C\u00c2MARA","acao":"Amplia\u00e7\u00e3o e Restaura\u00e7\u00e3o do Pr\u00e9dio da C\u00e2mara","ident_acao":"Atividade","cat_econ":"Despesa Corrente","natureza_despesa":"Outras Despesas Correntes","modalidade_despesa":"Aplica\u00e7\u00f5es Diretas","elemento_despesa":"Di\u00e1rias \u2013 Civil","sub_elem_desp":"SEM SUBELEMENTO","fonte_recurso":"Recursos do Exerc\u00edcio Corrente \/ Outros Recursos n\u00e3o Vinculados \/ -"},{"ano_emissao_emp":"2023","n_emp":"0000067","data_emissao":"02\/08\/2023","valor":"300,00","tipo_empenho":"Ordin\u00e1rio","hist_emp":"SOLICITA\u00c7\u00c3O DE DI\u00c1RIA PARA ALEPE, NA RUA DA UNI\u00c3O, N 397, BOA VISTA, RECIFE","fornecedor":"JOSE ANICETO DE LIMA","denom_uni_orc":"C\u00c2MARA MUNICIPAL","funcao":"Legislativa","sub_funcao":"A\u00e7\u00e3o Legislativa","programa":"ATUA\u00c7\u00c3O LEGISLATIVA E APOIO ADMINISTRATIVO AS A\u00c7\u00d5ES DA C\u00c2MARA","acao":"Manuten\u00e7\u00e3o das Atividades Legislativas","ident_acao":"Atividade","cat_econ":"Despesa Corrente","natureza_despesa":"Outras Despesas Correntes","modalidade_despesa":"Aplica\u00e7\u00f5es Diretas","elemento_despesa":"Di\u00e1rias \u2013 Civil","sub_elem_desp":"SEM SUBELEMENTO","fonte_recurso":"Recursos do Exerc\u00edcio Corrente \/ Outros Recursos n\u00e3o Vinculados \/ -"},{"ano_emissao_emp":"2023","n_emp":"0000067","data_emissao":"02\/08\/2023","valor":"300,00","tipo_empenho":"Ordin\u00e1rio","hist_emp":"SOLICITA\u00c7\u00c3O DE DI\u00c1RIA PARA ALEPE, NA RUA DA UNI\u00c3O, N 397, BOA VISTA, RECIFE","fornecedor":"JOSE ANICETO DE LIMA","denom_uni_orc":"C\u00c2MARA MUNICIPAL","funcao":"Legislativa","sub_funcao":"A\u00e7\u00e3o Legislativa","programa":"ATUA\u00c7\u00c3O LEGISLATIVA E APOIO ADMINISTRATIVO AS A\u00c7\u00d5ES DA C\u00c2MARA","acao":"Parcelamento de D\u00e9bitos Fiscais com os Governos Estadual e Federal","ident_acao":"Atividade","cat_econ":"Despesa Corrente","natureza_despesa":"Outras Despesas Correntes","modalidade_despesa":"Aplica\u00e7\u00f5es Diretas","elemento_despesa":"Di\u00e1rias \u2013 Civil","sub_elem_desp":"SEM SUBELEMENTO","fonte_recurso":"Recursos do Exerc\u00edcio Corrente \/ Outros Recursos n\u00e3o Vinculados \/ -"},{"ano_emissao_emp":"2023","n_emp":"0000068","data_emissao":"04\/08\/2023","valor":"240,00","tipo_empenho":"Ordin\u00e1rio","hist_emp":"EMPPENHO REERE-SE A COMPRA DE COROAS F\u00daNEBRES DE FLORES PARA HOMENAGEM DE POST\u00daMAS DE EX INTEGRANTES DESSA CASA LEGISLATIVA.","fornecedor":"MESSIAS MARIA SILVA DE PAULA LTDA","denom_uni_orc":"C\u00c2MARA MUNICIPAL","funcao":"Legislativa","sub_funcao":"A\u00e7\u00e3o Legislativa","programa":"ATUA\u00c7\u00c3O LEGISLATIVA E APOIO ADMINISTRATIVO AS A\u00c7\u00d5ES DA C\u00c2MARA","acao":"Reequipamento da C\u00e2mara Municipal","ident_acao":"Atividade","cat_econ":"Despesa Corrente","natureza_despesa":"Outras Despesas Correntes","modalidade_despesa":"Aplica\u00e7\u00f5es Diretas","elemento_despesa":"Outros Servi\u00e7os de Terceiros - Pessoa Jur\u00eddica","sub_elem_desp":"SEM SUBELEMENTO","fonte_recurso":"Recursos do Exerc\u00edcio Corrente \/ Outros Recursos n\u00e3o Vinculados \/ -"},{"ano_emissao_emp":"2023","n_emp":"0000068","data_emissao":"04\/08\/2023","valor":"240,00","tipo_empenho":"Ordin\u00e1rio","hist_emp":"EMPPENHO REERE-SE A COMPRA DE COROAS F\u00daNEBRES DE FLORES PARA HOMENAGEM DE POST\u00daMAS DE EX INTEGRANTES DESSA CASA LEGISLATIVA.","fornecedor":"MESSIAS MARIA SILVA DE PAULA LTDA","denom_uni_orc":"C\u00c2MARA MUNICIPAL","funcao":"Legislativa","sub_funcao":"A\u00e7\u00e3o Legislativa","programa":"ATUA\u00c7\u00c3O LEGISLATIVA E APOIO ADMINISTRATIVO AS A\u00c7\u00d5ES DA C\u00c2MARA","acao":"Manuten\u00e7\u00e3o das Atividades Administrativas","ident_acao":"Atividade","cat_econ":"Despesa Corrente","natureza_despesa":"Outras Despesas Correntes","modalidade_despesa":"Aplica\u00e7\u00f5es Diretas","elemento_despesa":"Outros Servi\u00e7os de Terceiros - Pessoa Jur\u00eddica","sub_elem_desp":"SEM SUBELEMENTO","fonte_recurso":"Recursos do Exerc\u00edcio Corrente \/ Outros Recursos n\u00e3o Vinculados \/ -"},{"ano_emissao_emp":"2023","n_emp":"0000068","data_emissao":"04\/08\/2023","valor":"240,00","tipo_empenho":"Ordin\u00e1rio","hist_emp":"EMPPENHO REERE-SE A COMPRA DE COROAS F\u00daNEBRES DE FLORES PARA HOMENAGEM DE POST\u00daMAS DE EX INTEGRANTES DESSA CASA LEGISLATIVA.","fornecedor":"MESSIAS MARIA SILVA DE PAULA LTDA","denom_uni_orc":"C\u00c2MARA MUNICIPAL","funcao":"Legislativa","sub_funcao":"A\u00e7\u00e3o Legislativa","programa":"ATUA\u00c7\u00c3O LEGISLATIVA E APOIO ADMINISTRATIVO AS A\u00c7\u00d5ES DA C\u00c2MARA","acao":"Parcelamento de D\u00e9bitos, Exceto parcelamentos celebrados com Entidades","ident_acao":"Atividade","cat_econ":"Despesa Corrente","natureza_despesa":"Outras Despesas Correntes","modalidade_despesa":"Aplica\u00e7\u00f5es Diretas","elemento_despesa":"Outros Servi\u00e7os de Terceiros - Pessoa Jur\u00eddica","sub_elem_desp":"SEM SUBELEMENTO","fonte_recurso":"Recursos do Exerc\u00edcio Corrente \/ Outros Recursos n\u00e3o Vinculados \/ -"},{"ano_emissao_emp":"2023","n_emp":"0000069","data_emissao":"14\/08\/2023","valor":"75.600,00","tipo_empenho":"Ordin\u00e1rio","hist_emp":"Referente a folha de pagamento normal do m\u00eas de agosto de 2023","fornecedor":"FOLHA DE PAGAMENTO","denom_uni_orc":"C\u00c2MARA MUNICIPAL","funcao":"Legislativa","sub_funcao":"A\u00e7\u00e3o Legislativa","programa":"ATUA\u00c7\u00c3O LEGISLATIVA E APOIO ADMINISTRATIVO AS A\u00c7\u00d5ES DA C\u00c2MARA","acao":"Amplia\u00e7\u00e3o e Restaura\u00e7\u00e3o do Pr\u00e9dio da C\u00e2mara","ident_acao":"Atividade","cat_econ":"Despesa Corrente","natureza_despesa":"Pessoal e Encargos Sociais","modalidade_despesa":"Aplica\u00e7\u00f5es Diretas","elemento_despesa":"Vencimentos e Vantagens Fixas - Pessoal Civil","sub_elem_desp":"SEM SUBELEMENTO","fonte_recurso":"Recursos do Exerc\u00edcio Corrente \/ Outros Recursos n\u00e3o Vinculados \/ -"},{"ano_emissao_emp":"2023","n_emp":"0000069","data_emissao":"14\/08\/2023","valor":"75.600,00","tipo_empenho":"Ordin\u00e1rio","hist_emp":"Referente a folha de pagamento normal do m\u00eas de agosto de 2023","fornecedor":"FOLHA DE PAGAMENTO","denom_uni_orc":"C\u00c2MARA MUNICIPAL","funcao":"Legislativa","sub_funcao":"A\u00e7\u00e3o Legislativa","programa":"ATUA\u00c7\u00c3O LEGISLATIVA E APOIO ADMINISTRATIVO AS A\u00c7\u00d5ES DA C\u00c2MARA","acao":"Manuten\u00e7\u00e3o das Atividades Legislativas","ident_acao":"Atividade","cat_econ":"Despesa Corrente","natureza_despesa":"Pessoal e Encargos Sociais","modalidade_despesa":"Aplica\u00e7\u00f5es Diretas","elemento_despesa":"Vencimentos e Vantagens Fixas - Pessoal Civil","sub_elem_desp":"SEM SUBELEMENTO","fonte_recurso":"Recursos do Exerc\u00edcio Corrente \/ Outros Recursos n\u00e3o Vinculados \/ -"},{"ano_emissao_emp":"2023","n_emp":"0000069","data_emissao":"14\/08\/2023","valor":"75.600,00","tipo_empenho":"Ordin\u00e1rio","hist_emp":"Referente a folha de pagamento normal do m\u00eas de agosto de 2023","fornecedor":"FOLHA DE PAGAMENTO","denom_uni_orc":"C\u00c2MARA MUNICIPAL","funcao":"Legislativa","sub_funcao":"A\u00e7\u00e3o Legislativa","programa":"ATUA\u00c7\u00c3O LEGISLATIVA E APOIO ADMINISTRATIVO AS A\u00c7\u00d5ES DA C\u00c2MARA","acao":"Parcelamento de D\u00e9bitos Fiscais com os Governos Estadual e Federal","ident_acao":"Atividade","cat_econ":"Despesa Corrente","natureza_despesa":"Pessoal e Encargos Sociais","modalidade_despesa":"Aplica\u00e7\u00f5es Diretas","elemento_despesa":"Vencimentos e Vantagens Fixas - Pessoal Civil","sub_elem_desp":"SEM SUBELEMENTO","fonte_recurso":"Recursos do Exerc\u00edcio Corrente \/ Outros Recursos n\u00e3o Vinculados \/ -"},{"ano_emissao_emp":"2023","n_emp":"0000070","data_emissao":"14\/08\/2023","valor":"40.360,00","tipo_empenho":"Ordin\u00e1rio","hist_emp":"Referente a folha de pagamento normal do m\u00eas de agosto de 2023","fornecedor":"FOLHA DE PAGAMENTO","denom_uni_orc":"C\u00c2MARA MUNICIPAL","funcao":"Legislativa","sub_funcao":"A\u00e7\u00e3o Legislativa","programa":"ATUA\u00c7\u00c3O LEGISLATIVA E APOIO ADMINISTRATIVO AS A\u00c7\u00d5ES DA C\u00c2MARA","acao":"Reequipamento da C\u00e2mara Municipal","ident_acao":"Atividade","cat_econ":"Despesa Corrente","natureza_despesa":"Pessoal e Encargos Sociais","modalidade_despesa":"Aplica\u00e7\u00f5es Diretas","elemento_despesa":"Vencimentos e Vantagens Fixas - Pessoal Civil","sub_elem_desp":"SEM SUBELEMENTO","fonte_recurso":"Recursos do Exerc\u00edcio Corrente \/ Outros Recursos n\u00e3o Vinculados \/ -"},{"ano_emissao_emp":"2023","n_emp":"0000070","data_emissao":"14\/08\/2023","valor":"40.360,00","tipo_empenho":"Ordin\u00e1rio","hist_emp":"Referente a folha de pagamento normal do m\u00eas de agosto de 2023","fornecedor":"FOLHA DE PAGAMENTO","denom_uni_orc":"C\u00c2MARA MUNICIPAL","funcao":"Legislativa","sub_funcao":"A\u00e7\u00e3o Legislativa","programa":"ATUA\u00c7\u00c3O LEGISLATIVA E APOIO ADMINISTRATIVO AS A\u00c7\u00d5ES DA C\u00c2MARA","acao":"Manuten\u00e7\u00e3o das Atividades Administrativas","ident_acao":"Atividade","cat_econ":"Despesa Corrente","natureza_despesa":"Pessoal e Encargos Sociais","modalidade_despesa":"Aplica\u00e7\u00f5es Diretas","elemento_despesa":"Vencimentos e Vantagens Fixas - Pessoal Civil","sub_elem_desp":"SEM SUBELEMENTO","fonte_recurso":"Recursos do Exerc\u00edcio Corrente \/ Outros Recursos n\u00e3o Vinculados \/ -"},{"ano_emissao_emp":"2023","n_emp":"0000070","data_emissao":"14\/08\/2023","valor":"40.360,00","tipo_empenho":"Ordin\u00e1rio","hist_emp":"Referente a folha de pagamento normal do m\u00eas de agosto de 2023","fornecedor":"FOLHA DE PAGAMENTO","denom_uni_orc":"C\u00c2MARA MUNICIPAL","funcao":"Legislativa","sub_funcao":"A\u00e7\u00e3o Legislativa","programa":"ATUA\u00c7\u00c3O LEGISLATIVA E APOIO ADMINISTRATIVO AS A\u00c7\u00d5ES DA C\u00c2MARA","acao":"Parcelamento de D\u00e9bitos, Exceto parcelamentos celebrados com Entidades","ident_acao":"Atividade","cat_econ":"Despesa Corrente","natureza_despesa":"Pessoal e Encargos Sociais","modalidade_despesa":"Aplica\u00e7\u00f5es Diretas","elemento_despesa":"Vencimentos e Vantagens Fixas - Pessoal Civil","sub_elem_desp":"SEM SUBELEMENTO","fonte_recurso":"Recursos do Exerc\u00edcio Corrente \/ Outros Recursos n\u00e3o Vinculados \/ -"},{"ano_emissao_emp":"2023","n_emp":"0000071","data_emissao":"14\/08\/2023","valor":"2.490,00","tipo_empenho":"Ordin\u00e1rio","hist_emp":"Referente a folha de pagamento normal do m\u00eas de agosto de 2023","fornecedor":"FOLHA DE PAGAMENTO","denom_uni_orc":"C\u00c2MARA MUNICIPAL","funcao":"Legislativa","sub_funcao":"A\u00e7\u00e3o Legislativa","programa":"ATUA\u00c7\u00c3O LEGISLATIVA E APOIO ADMINISTRATIVO AS A\u00c7\u00d5ES DA C\u00c2MARA","acao":"Apoio ao Conselho Municipal de Sa\u00fade Atrav\u00e9s de Despesas de Investimen","ident_acao":"Atividade","cat_econ":"Despesa Corrente","natureza_despesa":"Pessoal e Encargos Sociais","modalidade_despesa":"Aplica\u00e7\u00f5es Diretas","elemento_despesa":"Vencimentos e Vantagens Fixas - Pessoal Civil","sub_elem_desp":"SEM SUBELEMENTO","fonte_recurso":"Recursos do Exerc\u00edcio Corrente \/ Outros Recursos n\u00e3o Vinculados \/ -"},{"ano_emissao_emp":"2023","n_emp":"0000071","data_emissao":"14\/08\/2023","valor":"2.490,00","tipo_empenho":"Ordin\u00e1rio","hist_emp":"Referente a folha de pagamento normal do m\u00eas de agosto de 2023","fornecedor":"FOLHA DE PAGAMENTO","denom_uni_orc":"C\u00c2MARA MUNICIPAL","funcao":"Legislativa","sub_funcao":"A\u00e7\u00e3o Legislativa","programa":"ATUA\u00c7\u00c3O LEGISLATIVA E APOIO ADMINISTRATIVO AS A\u00c7\u00d5ES DA C\u00c2MARA","acao":"Gest\u00e3o do Controle Interno","ident_acao":"Atividade","cat_econ":"Despesa Corrente","natureza_despesa":"Pessoal e Encargos Sociais","modalidade_despesa":"Aplica\u00e7\u00f5es Diretas","elemento_despesa":"Vencimentos e Vantagens Fixas - Pessoal Civil","sub_elem_desp":"SEM SUBELEMENTO","fonte_recurso":"Recursos do Exerc\u00edcio Corrente \/ Outros Recursos n\u00e3o Vinculados \/ -"},{"ano_emissao_emp":"2023","n_emp":"0000071","data_emissao":"14\/08\/2023","valor":"2.490,00","tipo_empenho":"Ordin\u00e1rio","hist_emp":"Referente a folha de pagamento normal do m\u00eas de agosto de 2023","fornecedor":"FOLHA DE PAGAMENTO","denom_uni_orc":"C\u00c2MARA MUNICIPAL","funcao":"Legislativa","sub_funcao":"A\u00e7\u00e3o Legislativa","programa":"ATUA\u00c7\u00c3O LEGISLATIVA E APOIO ADMINISTRATIVO AS A\u00c7\u00d5ES DA C\u00c2MARA","acao":"Indeniza\u00e7\u00f5es e Restitui\u00e7\u00f5es Diversas","ident_acao":"Atividade","cat_econ":"Despesa Corrente","natureza_despesa":"Pessoal e Encargos Sociais","modalidade_despesa":"Aplica\u00e7\u00f5es Diretas","elemento_despesa":"Vencimentos e Vantagens Fixas - Pessoal Civil","sub_elem_desp":"SEM SUBELEMENTO","fonte_recurso":"Recursos do Exerc\u00edcio Corrente \/ Outros Recursos n\u00e3o Vinculados \/ -"},{"ano_emissao_emp":"2023","n_emp":"0000072","data_emissao":"14\/08\/2023","valor":"669,68","tipo_empenho":"Ordin\u00e1rio","hist_emp":"EMPENHO REFERE-SE A COMPRA DE MATERIAS DE LIMPESA, ALIMENTOS E HIGIENE PESSOAL PARA ATENDER AS NECESSIDADES DESSA CASA LEGISLATIVA.","fornecedor":"ANDREZZA ARAUJO OLIVEIRA DE MEDEIROS","denom_uni_orc":"C\u00c2MARA MUNICIPAL","funcao":"Legislativa","sub_funcao":"A\u00e7\u00e3o Legislativa","programa":"ATUA\u00c7\u00c3O LEGISLATIVA E APOIO ADMINISTRATIVO AS A\u00c7\u00d5ES DA C\u00c2MARA","acao":"Reequipamento da C\u00e2mara Municipal","ident_acao":"Atividade","cat_econ":"Despesa Corrente","natureza_despesa":"Outras Despesas Correntes","modalidade_despesa":"Aplica\u00e7\u00f5es Diretas","elemento_despesa":"Material de Consumo","sub_elem_desp":"SEM SUBELEMENTO","fonte_recurso":"Recursos do Exerc\u00edcio Corrente \/ Outros Recursos n\u00e3o Vinculados \/ -"},{"ano_emissao_emp":"2023","n_emp":"0000072","data_emissao":"14\/08\/2023","valor":"669,68","tipo_empenho":"Ordin\u00e1rio","hist_emp":"EMPENHO REFERE-SE A COMPRA DE MATERIAS DE LIMPESA, ALIMENTOS E HIGIENE PESSOAL PARA ATENDER AS NECESSIDADES DESSA CASA LEGISLATIVA.","fornecedor":"ANDREZZA ARAUJO OLIVEIRA DE MEDEIROS","denom_uni_orc":"C\u00c2MARA MUNICIPAL","funcao":"Legislativa","sub_funcao":"A\u00e7\u00e3o Legislativa","programa":"ATUA\u00c7\u00c3O LEGISLATIVA E APOIO ADMINISTRATIVO AS A\u00c7\u00d5ES DA C\u00c2MARA","acao":"Manuten\u00e7\u00e3o das Atividades Administrativas","ident_acao":"Atividade","cat_econ":"Despesa Corrente","natureza_despesa":"Outras Despesas Correntes","modalidade_despesa":"Aplica\u00e7\u00f5es Diretas","elemento_despesa":"Material de Consumo","sub_elem_desp":"SEM SUBELEMENTO","fonte_recurso":"Recursos do Exerc\u00edcio Corrente \/ Outros Recursos n\u00e3o Vinculados \/ -"},{"ano_emissao_emp":"2023","n_emp":"0000072","data_emissao":"14\/08\/2023","valor":"669,68","tipo_empenho":"Ordin\u00e1rio","hist_emp":"EMPENHO REFERE-SE A COMPRA DE MATERIAS DE LIMPESA, ALIMENTOS E HIGIENE PESSOAL PARA ATENDER AS NECESSIDADES DESSA CASA LEGISLATIVA.","fornecedor":"ANDREZZA ARAUJO OLIVEIRA DE MEDEIROS","denom_uni_orc":"C\u00c2MARA MUNICIPAL","funcao":"Legislativa","sub_funcao":"A\u00e7\u00e3o Legislativa","programa":"ATUA\u00c7\u00c3O LEGISLATIVA E APOIO ADMINISTRATIVO AS A\u00c7\u00d5ES DA C\u00c2MARA","acao":"Parcelamento de D\u00e9bitos, Exceto parcelamentos celebrados com Entidades","ident_acao":"Atividade","cat_econ":"Despesa Corrente","natureza_despesa":"Outras Despesas Correntes","modalidade_despesa":"Aplica\u00e7\u00f5es Diretas","elemento_despesa":"Material de Consumo","sub_elem_desp":"SEM SUBELEMENTO","fonte_recurso":"Recursos do Exerc\u00edcio Corrente \/ Outros Recursos n\u00e3o Vinculados \/ -"},{"ano_emissao_emp":"2023","n_emp":"0000073","data_emissao":"14\/08\/2023","valor":"300,00","tipo_empenho":"Ordin\u00e1rio","hist_emp":"SOLICITA\u00c7\u00c3O DE DI\u00c1RIA PARA ASSEMBLEIA LEGISLATIVA DO ESTADO DE PE, NA RUA DA UNI\u00c3O, N\u00ba 397, BOA VISTA, CEP 50.050-909","fornecedor":"DEOCLECIO JOAO DE SOUZA","denom_uni_orc":"C\u00c2MARA MUNICIPAL","funcao":"Legislativa","sub_funcao":"A\u00e7\u00e3o Legislativa","programa":"ATUA\u00c7\u00c3O LEGISLATIVA E APOIO ADMINISTRATIVO AS A\u00c7\u00d5ES DA C\u00c2MARA","acao":"Amplia\u00e7\u00e3o e Restaura\u00e7\u00e3o do Pr\u00e9dio da C\u00e2mara","ident_acao":"Atividade","cat_econ":"Despesa Corrente","natureza_despesa":"Outras Despesas Correntes","modalidade_despesa":"Aplica\u00e7\u00f5es Diretas","elemento_despesa":"Di\u00e1rias \u2013 Civil","sub_elem_desp":"SEM SUBELEMENTO","fonte_recurso":"Recursos do Exerc\u00edcio Corrente \/ Outros Recursos n\u00e3o Vinculados \/ -"},{"ano_emissao_emp":"2023","n_emp":"0000073","data_emissao":"14\/08\/2023","valor":"300,00","tipo_empenho":"Ordin\u00e1rio","hist_emp":"SOLICITA\u00c7\u00c3O DE DI\u00c1RIA PARA ASSEMBLEIA LEGISLATIVA DO ESTADO DE PE, NA RUA DA UNI\u00c3O, N\u00ba 397, BOA VISTA, CEP 50.050-909","fornecedor":"DEOCLECIO JOAO DE SOUZA","denom_uni_orc":"C\u00c2MARA MUNICIPAL","funcao":"Legislativa","sub_funcao":"A\u00e7\u00e3o Legislativa","programa":"ATUA\u00c7\u00c3O LEGISLATIVA E APOIO ADMINISTRATIVO AS A\u00c7\u00d5ES DA C\u00c2MARA","acao":"Manuten\u00e7\u00e3o das Atividades Legislativas","ident_acao":"Atividade","cat_econ":"Despesa Corrente","natureza_despesa":"Outras Despesas Correntes","modalidade_despesa":"Aplica\u00e7\u00f5es Diretas","elemento_despesa":"Di\u00e1rias \u2013 Civil","sub_elem_desp":"SEM SUBELEMENTO","fonte_recurso":"Recursos do Exerc\u00edcio Corrente \/ Outros Recursos n\u00e3o Vinculados \/ -"},{"ano_emissao_emp":"2023","n_emp":"0000073","data_emissao":"14\/08\/2023","valor":"300,00","tipo_empenho":"Ordin\u00e1rio","hist_emp":"SOLICITA\u00c7\u00c3O DE DI\u00c1RIA PARA ASSEMBLEIA LEGISLATIVA DO ESTADO DE PE, NA RUA DA UNI\u00c3O, N\u00ba 397, BOA VISTA, CEP 50.050-909","fornecedor":"DEOCLECIO JOAO DE SOUZA","denom_uni_orc":"C\u00c2MARA MUNICIPAL","funcao":"Legislativa","sub_funcao":"A\u00e7\u00e3o Legislativa","programa":"ATUA\u00c7\u00c3O LEGISLATIVA E APOIO ADMINISTRATIVO AS A\u00c7\u00d5ES DA C\u00c2MARA","acao":"Parcelamento de D\u00e9bitos Fiscais com os Governos Estadual e Federal","ident_acao":"Atividade","cat_econ":"Despesa Corrente","natureza_despesa":"Outras Despesas Correntes","modalidade_despesa":"Aplica\u00e7\u00f5es Diretas","elemento_despesa":"Di\u00e1rias \u2013 Civil","sub_elem_desp":"SEM SUBELEMENTO","fonte_recurso":"Recursos do Exerc\u00edcio Corrente \/ Outros Recursos n\u00e3o Vinculados \/ -"},{"ano_emissao_emp":"2023","n_emp":"0000074","data_emissao":"14\/08\/2023","valor":"300,00","tipo_empenho":"Ordin\u00e1rio","hist_emp":"SOLICITA\u00c7\u00c3O DE DI\u00c1RIA PARA ASSEMBLEIA LEGISLATIVA DO ESTADO DE PE, NA RUA DA UNI\u00c3O, N\u00ba 397, BOA VISTA, CEP 50.050-909","fornecedor":"JOSE CARLOS MOROTO","denom_uni_orc":"C\u00c2MARA MUNICIPAL","funcao":"Legislativa","sub_funcao":"A\u00e7\u00e3o Legislativa","programa":"ATUA\u00c7\u00c3O LEGISLATIVA E APOIO ADMINISTRATIVO AS A\u00c7\u00d5ES DA C\u00c2MARA","acao":"Amplia\u00e7\u00e3o e Restaura\u00e7\u00e3o do Pr\u00e9dio da C\u00e2mara","ident_acao":"Atividade","cat_econ":"Despesa Corrente","natureza_despesa":"Outras Despesas Correntes","modalidade_despesa":"Aplica\u00e7\u00f5es Diretas","elemento_despesa":"Di\u00e1rias \u2013 Civil","sub_elem_desp":"SEM SUBELEMENTO","fonte_recurso":"Recursos do Exerc\u00edcio Corrente \/ Outros Recursos n\u00e3o Vinculados \/ -"},{"ano_emissao_emp":"2023","n_emp":"0000074","data_emissao":"14\/08\/2023","valor":"300,00","tipo_empenho":"Ordin\u00e1rio","hist_emp":"SOLICITA\u00c7\u00c3O DE DI\u00c1RIA PARA ASSEMBLEIA LEGISLATIVA DO ESTADO DE PE, NA RUA DA UNI\u00c3O, N\u00ba 397, BOA VISTA, CEP 50.050-909","fornecedor":"JOSE CARLOS MOROTO","denom_uni_orc":"C\u00c2MARA MUNICIPAL","funcao":"Legislativa","sub_funcao":"A\u00e7\u00e3o Legislativa","programa":"ATUA\u00c7\u00c3O LEGISLATIVA E APOIO ADMINISTRATIVO AS A\u00c7\u00d5ES DA C\u00c2MARA","acao":"Manuten\u00e7\u00e3o das Atividades Legislativas","ident_acao":"Atividade","cat_econ":"Despesa Corrente","natureza_despesa":"Outras Despesas Correntes","modalidade_despesa":"Aplica\u00e7\u00f5es Diretas","elemento_despesa":"Di\u00e1rias \u2013 Civil","sub_elem_desp":"SEM SUBELEMENTO","fonte_recurso":"Recursos do Exerc\u00edcio Corrente \/ Outros Recursos n\u00e3o Vinculados \/ -"},{"ano_emissao_emp":"2023","n_emp":"0000074","data_emissao":"14\/08\/2023","valor":"300,00","tipo_empenho":"Ordin\u00e1rio","hist_emp":"SOLICITA\u00c7\u00c3O DE DI\u00c1RIA PARA ASSEMBLEIA LEGISLATIVA DO ESTADO DE PE, NA RUA DA UNI\u00c3O, N\u00ba 397, BOA VISTA, CEP 50.050-909","fornecedor":"JOSE CARLOS MOROTO","denom_uni_orc":"C\u00c2MARA MUNICIPAL","funcao":"Legislativa","sub_funcao":"A\u00e7\u00e3o Legislativa","programa":"ATUA\u00c7\u00c3O LEGISLATIVA E APOIO ADMINISTRATIVO AS A\u00c7\u00d5ES DA C\u00c2MARA","acao":"Parcelamento de D\u00e9bitos Fiscais com os Governos Estadual e Federal","ident_acao":"Atividade","cat_econ":"Despesa Corrente","natureza_despesa":"Outras Despesas Correntes","modalidade_despesa":"Aplica\u00e7\u00f5es Diretas","elemento_despesa":"Di\u00e1rias \u2013 Civil","sub_elem_desp":"SEM SUBELEMENTO","fonte_recurso":"Recursos do Exerc\u00edcio Corrente \/ Outros Recursos n\u00e3o Vinculados \/ -"},{"ano_emissao_emp":"2023","n_emp":"0000075","data_emissao":"14\/08\/2023","valor":"180,00","tipo_empenho":"Ordin\u00e1rio","hist_emp":"EMPENHO REFERE-SE A SERVI\u00c7OS DE MANUTEN\u00c7\u00c3O E REPARO EM COMPUTADORES","fornecedor":"SANDRINO JOSE DA SILVA","denom_uni_orc":"C\u00c2MARA MUNICIPAL","funcao":"Legislativa","sub_funcao":"A\u00e7\u00e3o Legislativa","programa":"ATUA\u00c7\u00c3O LEGISLATIVA E APOIO ADMINISTRATIVO AS A\u00c7\u00d5ES DA C\u00c2MARA","acao":"Reequipamento da C\u00e2mara Municipal","ident_acao":"Atividade","cat_econ":"Despesa Corrente","natureza_despesa":"Outras Despesas Correntes","modalidade_despesa":"Aplica\u00e7\u00f5es Diretas","elemento_despesa":"Outros Servi\u00e7os de Terceiros - Pessoa F\u00edsica","sub_elem_desp":"SEM SUBELEMENTO","fonte_recurso":"Recursos do Exerc\u00edcio Corrente \/ Outros Recursos n\u00e3o Vinculados \/ -"},{"ano_emissao_emp":"2023","n_emp":"0000075","data_emissao":"14\/08\/2023","valor":"180,00","tipo_empenho":"Ordin\u00e1rio","hist_emp":"EMPENHO REFERE-SE A SERVI\u00c7OS DE MANUTEN\u00c7\u00c3O E REPARO EM COMPUTADORES","fornecedor":"SANDRINO JOSE DA SILVA","denom_uni_orc":"C\u00c2MARA MUNICIPAL","funcao":"Legislativa","sub_funcao":"A\u00e7\u00e3o Legislativa","programa":"ATUA\u00c7\u00c3O LEGISLATIVA E APOIO ADMINISTRATIVO AS A\u00c7\u00d5ES DA C\u00c2MARA","acao":"Manuten\u00e7\u00e3o das Atividades Administrativas","ident_acao":"Atividade","cat_econ":"Despesa Corrente","natureza_despesa":"Outras Despesas Correntes","modalidade_despesa":"Aplica\u00e7\u00f5es Diretas","elemento_despesa":"Outros Servi\u00e7os de Terceiros - Pessoa F\u00edsica","sub_elem_desp":"SEM SUBELEMENTO","fonte_recurso":"Recursos do Exerc\u00edcio Corrente \/ Outros Recursos n\u00e3o Vinculados \/ -"},{"ano_emissao_emp":"2023","n_emp":"0000075","data_emissao":"14\/08\/2023","valor":"180,00","tipo_empenho":"Ordin\u00e1rio","hist_emp":"EMPENHO REFERE-SE A SERVI\u00c7OS DE MANUTEN\u00c7\u00c3O E REPARO EM COMPUTADORES","fornecedor":"SANDRINO JOSE DA SILVA","denom_uni_orc":"C\u00c2MARA MUNICIPAL","funcao":"Legislativa","sub_funcao":"A\u00e7\u00e3o Legislativa","programa":"ATUA\u00c7\u00c3O LEGISLATIVA E APOIO ADMINISTRATIVO AS A\u00c7\u00d5ES DA C\u00c2MARA","acao":"Parcelamento de D\u00e9bitos, Exceto parcelamentos celebrados com Entidades","ident_acao":"Atividade","cat_econ":"Despesa Corrente","natureza_despesa":"Outras Despesas Correntes","modalidade_despesa":"Aplica\u00e7\u00f5es Diretas","elemento_despesa":"Outros Servi\u00e7os de Terceiros - Pessoa F\u00edsica","sub_elem_desp":"SEM SUBELEMENTO","fonte_recurso":"Recursos do Exerc\u00edcio Corrente \/ Outros Recursos n\u00e3o Vinculados \/ -"},{"ano_emissao_emp":"2023","n_emp":"0000076","data_emissao":"14\/08\/2023","valor":"300,00","tipo_empenho":"Ordin\u00e1rio","hist_emp":"SOLICITA\u00c7\u00c3O DE DI\u00c1RIA PARA ASSEMBLEIA LEGISLATIVA DO ESTADO DE PE, NA RUA DA UNI\u00c3O, N\u00ba 397, BOA VISTA, CEP 50.050-909","fornecedor":"JOSE EMERSON MEDEIROS DE LUCENA","denom_uni_orc":"C\u00c2MARA MUNICIPAL","funcao":"Legislativa","sub_funcao":"A\u00e7\u00e3o Legislativa","programa":"ATUA\u00c7\u00c3O LEGISLATIVA E APOIO ADMINISTRATIVO AS A\u00c7\u00d5ES DA C\u00c2MARA","acao":"Amplia\u00e7\u00e3o e Restaura\u00e7\u00e3o do Pr\u00e9dio da C\u00e2mara","ident_acao":"Atividade","cat_econ":"Despesa Corrente","natureza_despesa":"Outras Despesas Correntes","modalidade_despesa":"Aplica\u00e7\u00f5es Diretas","elemento_despesa":"Di\u00e1rias \u2013 Civil","sub_elem_desp":"SEM SUBELEMENTO","fonte_recurso":"Recursos do Exerc\u00edcio Corrente \/ Outros Recursos n\u00e3o Vinculados \/ -"},{"ano_emissao_emp":"2023","n_emp":"0000076","data_emissao":"14\/08\/2023","valor":"300,00","tipo_empenho":"Ordin\u00e1rio","hist_emp":"SOLICITA\u00c7\u00c3O DE DI\u00c1RIA PARA ASSEMBLEIA LEGISLATIVA DO ESTADO DE PE, NA RUA DA UNI\u00c3O, N\u00ba 397, BOA VISTA, CEP 50.050-909","fornecedor":"JOSE EMERSON MEDEIROS DE LUCENA","denom_uni_orc":"C\u00c2MARA MUNICIPAL","funcao":"Legislativa","sub_funcao":"A\u00e7\u00e3o Legislativa","programa":"ATUA\u00c7\u00c3O LEGISLATIVA E APOIO ADMINISTRATIVO AS A\u00c7\u00d5ES DA C\u00c2MARA","acao":"Manuten\u00e7\u00e3o das Atividades Legislativas","ident_acao":"Atividade","cat_econ":"Despesa Corrente","natureza_despesa":"Outras Despesas Correntes","modalidade_despesa":"Aplica\u00e7\u00f5es Diretas","elemento_despesa":"Di\u00e1rias \u2013 Civil","sub_elem_desp":"SEM SUBELEMENTO","fonte_recurso":"Recursos do Exerc\u00edcio Corrente \/ Outros Recursos n\u00e3o Vinculados \/ -"},{"ano_emissao_emp":"2023","n_emp":"0000076","data_emissao":"14\/08\/2023","valor":"300,00","tipo_empenho":"Ordin\u00e1rio","hist_emp":"SOLICITA\u00c7\u00c3O DE DI\u00c1RIA PARA ASSEMBLEIA LEGISLATIVA DO ESTADO DE PE, NA RUA DA UNI\u00c3O, N\u00ba 397, BOA VISTA, CEP 50.050-909","fornecedor":"JOSE EMERSON MEDEIROS DE LUCENA","denom_uni_orc":"C\u00c2MARA MUNICIPAL","funcao":"Legislativa","sub_funcao":"A\u00e7\u00e3o Legislativa","programa":"ATUA\u00c7\u00c3O LEGISLATIVA E APOIO ADMINISTRATIVO AS A\u00c7\u00d5ES DA C\u00c2MARA","acao":"Parcelamento de D\u00e9bitos Fiscais com os Governos Estadual e Federal","ident_acao":"Atividade","cat_econ":"Despesa Corrente","natureza_despesa":"Outras Despesas Correntes","modalidade_despesa":"Aplica\u00e7\u00f5es Diretas","elemento_despesa":"Di\u00e1rias \u2013 Civil","sub_elem_desp":"SEM SUBELEMENTO","fonte_recurso":"Recursos do Exerc\u00edcio Corrente \/ Outros Recursos n\u00e3o Vinculados \/ -"},{"ano_emissao_emp":"2023","n_emp":"0000077","data_emissao":"14\/08\/2023","valor":"510,00","tipo_empenho":"Ordin\u00e1rio","hist_emp":"EMPENHO REFERE-SE A COMPRA DE 3 (TR\u00caS) ESTABILIZADORES 300 VA MCM SAVE PRO PRETO BIV\/115V EST006","fornecedor":"JULIEDSON PEREIRA DA SILVA","denom_uni_orc":"C\u00c2MARA MUNICIPAL","funcao":"Legislativa","sub_funcao":"A\u00e7\u00e3o Legislativa","programa":"ATUA\u00c7\u00c3O LEGISLATIVA E APOIO ADMINISTRATIVO AS A\u00c7\u00d5ES DA C\u00c2MARA","acao":"Reequipamento da C\u00e2mara Municipal","ident_acao":"Projeto","cat_econ":"Despesa de Capital","natureza_despesa":"Investimentos","modalidade_despesa":"Aplica\u00e7\u00f5es Diretas","elemento_despesa":"Equipamentos e Material Permanente","sub_elem_desp":"SEM SUBELEMENTO","fonte_recurso":"Recursos do Exerc\u00edcio Corrente \/ Outros Recursos n\u00e3o Vinculados \/ -"},{"ano_emissao_emp":"2023","n_emp":"0000077","data_emissao":"14\/08\/2023","valor":"510,00","tipo_empenho":"Ordin\u00e1rio","hist_emp":"EMPENHO REFERE-SE A COMPRA DE 3 (TR\u00caS) ESTABILIZADORES 300 VA MCM SAVE PRO PRETO BIV\/115V EST006","fornecedor":"JULIEDSON PEREIRA DA SILVA","denom_uni_orc":"C\u00c2MARA MUNICIPAL","funcao":"Legislativa","sub_funcao":"A\u00e7\u00e3o Legislativa","programa":"ATUA\u00c7\u00c3O LEGISLATIVA E APOIO ADMINISTRATIVO AS A\u00c7\u00d5ES DA C\u00c2MARA","acao":"Manuten\u00e7\u00e3o das Atividades Administrativas","ident_acao":"Projeto","cat_econ":"Despesa de Capital","natureza_despesa":"Investimentos","modalidade_despesa":"Aplica\u00e7\u00f5es Diretas","elemento_despesa":"Equipamentos e Material Permanente","sub_elem_desp":"SEM SUBELEMENTO","fonte_recurso":"Recursos do Exerc\u00edcio Corrente \/ Outros Recursos n\u00e3o Vinculados \/ -"},{"ano_emissao_emp":"2023","n_emp":"0000077","data_emissao":"14\/08\/2023","valor":"510,00","tipo_empenho":"Ordin\u00e1rio","hist_emp":"EMPENHO REFERE-SE A COMPRA DE 3 (TR\u00caS) ESTABILIZADORES 300 VA MCM SAVE PRO PRETO BIV\/115V EST006","fornecedor":"JULIEDSON PEREIRA DA SILVA","denom_uni_orc":"C\u00c2MARA MUNICIPAL","funcao":"Legislativa","sub_funcao":"A\u00e7\u00e3o Legislativa","programa":"ATUA\u00c7\u00c3O LEGISLATIVA E APOIO ADMINISTRATIVO AS A\u00c7\u00d5ES DA C\u00c2MARA","acao":"Parcelamento de D\u00e9bitos, Exceto parcelamentos celebrados com Entidades","ident_acao":"Projeto","cat_econ":"Despesa de Capital","natureza_despesa":"Investimentos","modalidade_despesa":"Aplica\u00e7\u00f5es Diretas","elemento_despesa":"Equipamentos e Material Permanente","sub_elem_desp":"SEM SUBELEMENTO","fonte_recurso":"Recursos do Exerc\u00edcio Corrente \/ Outros Recursos n\u00e3o Vinculados \/ -"},{"ano_emissao_emp":"2023","n_emp":"0000078","data_emissao":"04\/09\/2023","valor":"300,00","tipo_empenho":"Ordin\u00e1rio","hist_emp":"SOLICITA\u00c7\u00c3O DE DI\u00c1RIA PARA O INSTITUTO DE TERRAS E REFORMA AGR\u00c1RIA DO ESTADO DE PERNAMBUCO, COM ENDERE\u00c7O NA AV GENERAL SAN MARTIN, N 7 1371, BONGI, CEP  50761000, RECIFE PE.","fornecedor":"JOSE ANICETO DE LIMA","denom_uni_orc":"C\u00c2MARA MUNICIPAL","funcao":"Legislativa","sub_funcao":"A\u00e7\u00e3o Legislativa","programa":"ATUA\u00c7\u00c3O LEGISLATIVA E APOIO ADMINISTRATIVO AS A\u00c7\u00d5ES DA C\u00c2MARA","acao":"Amplia\u00e7\u00e3o e Restaura\u00e7\u00e3o do Pr\u00e9dio da C\u00e2mara","ident_acao":"Atividade","cat_econ":"Despesa Corrente","natureza_despesa":"Outras Despesas Correntes","modalidade_despesa":"Aplica\u00e7\u00f5es Diretas","elemento_despesa":"Di\u00e1rias \u2013 Civil","sub_elem_desp":"SEM SUBELEMENTO","fonte_recurso":"Recursos do Exerc\u00edcio Corrente \/ Outros Recursos n\u00e3o Vinculados \/ -"},{"ano_emissao_emp":"2023","n_emp":"0000078","data_emissao":"04\/09\/2023","valor":"300,00","tipo_empenho":"Ordin\u00e1rio","hist_emp":"SOLICITA\u00c7\u00c3O DE DI\u00c1RIA PARA O INSTITUTO DE TERRAS E REFORMA AGR\u00c1RIA DO ESTADO DE PERNAMBUCO, COM ENDERE\u00c7O NA AV GENERAL SAN MARTIN, N 7 1371, BONGI, CEP  50761000, RECIFE PE.","fornecedor":"JOSE ANICETO DE LIMA","denom_uni_orc":"C\u00c2MARA MUNICIPAL","funcao":"Legislativa","sub_funcao":"A\u00e7\u00e3o Legislativa","programa":"ATUA\u00c7\u00c3O LEGISLATIVA E APOIO ADMINISTRATIVO AS A\u00c7\u00d5ES DA C\u00c2MARA","acao":"Manuten\u00e7\u00e3o das Atividades Legislativas","ident_acao":"Atividade","cat_econ":"Despesa Corrente","natureza_despesa":"Outras Despesas Correntes","modalidade_despesa":"Aplica\u00e7\u00f5es Diretas","elemento_despesa":"Di\u00e1rias \u2013 Civil","sub_elem_desp":"SEM SUBELEMENTO","fonte_recurso":"Recursos do Exerc\u00edcio Corrente \/ Outros Recursos n\u00e3o Vinculados \/ -"},{"ano_emissao_emp":"2023","n_emp":"0000078","data_emissao":"04\/09\/2023","valor":"300,00","tipo_empenho":"Ordin\u00e1rio","hist_emp":"SOLICITA\u00c7\u00c3O DE DI\u00c1RIA PARA O INSTITUTO DE TERRAS E REFORMA AGR\u00c1RIA DO ESTADO DE PERNAMBUCO, COM ENDERE\u00c7O NA AV GENERAL SAN MARTIN, N 7 1371, BONGI, CEP  50761000, RECIFE PE.","fornecedor":"JOSE ANICETO DE LIMA","denom_uni_orc":"C\u00c2MARA MUNICIPAL","funcao":"Legislativa","sub_funcao":"A\u00e7\u00e3o Legislativa","programa":"ATUA\u00c7\u00c3O LEGISLATIVA E APOIO ADMINISTRATIVO AS A\u00c7\u00d5ES DA C\u00c2MARA","acao":"Parcelamento de D\u00e9bitos Fiscais com os Governos Estadual e Federal","ident_acao":"Atividade","cat_econ":"Despesa Corrente","natureza_despesa":"Outras Despesas Correntes","modalidade_despesa":"Aplica\u00e7\u00f5es Diretas","elemento_despesa":"Di\u00e1rias \u2013 Civil","sub_elem_desp":"SEM SUBELEMENTO","fonte_recurso":"Recursos do Exerc\u00edcio Corrente \/ Outros Recursos n\u00e3o Vinculados \/ -"},{"ano_emissao_emp":"2023","n_emp":"0000079","data_emissao":"04\/09\/2023","valor":"715,00","tipo_empenho":"Ordin\u00e1rio","hist_emp":"EMPENHO REFERE-SE A SERVI\u00c7OES DE MANUTEN\u00c7\u00c3O PREDIAL DA C\u00c3MARA MUNICIPAL DE FREI MIGUELINHO.","fornecedor":"MARCELO LEIT\u00c3O ALVES","denom_uni_orc":"C\u00c2MARA MUNICIPAL","funcao":"Legislativa","sub_funcao":"A\u00e7\u00e3o Legislativa","programa":"ATUA\u00c7\u00c3O LEGISLATIVA E APOIO ADMINISTRATIVO AS A\u00c7\u00d5ES DA C\u00c2MARA","acao":"Reequipamento da C\u00e2mara Municipal","ident_acao":"Atividade","cat_econ":"Despesa Corrente","natureza_despesa":"Outras Despesas Correntes","modalidade_despesa":"Aplica\u00e7\u00f5es Diretas","elemento_despesa":"Outros Servi\u00e7os de Terceiros - Pessoa F\u00edsica","sub_elem_desp":"SEM SUBELEMENTO","fonte_recurso":"Recursos do Exerc\u00edcio Corrente \/ Outros Recursos n\u00e3o Vinculados \/ -"},{"ano_emissao_emp":"2023","n_emp":"0000079","data_emissao":"04\/09\/2023","valor":"715,00","tipo_empenho":"Ordin\u00e1rio","hist_emp":"EMPENHO REFERE-SE A SERVI\u00c7OES DE MANUTEN\u00c7\u00c3O PREDIAL DA C\u00c3MARA MUNICIPAL DE FREI MIGUELINHO.","fornecedor":"MARCELO LEIT\u00c3O ALVES","denom_uni_orc":"C\u00c2MARA MUNICIPAL","funcao":"Legislativa","sub_funcao":"A\u00e7\u00e3o Legislativa","programa":"ATUA\u00c7\u00c3O LEGISLATIVA E APOIO ADMINISTRATIVO AS A\u00c7\u00d5ES DA C\u00c2MARA","acao":"Manuten\u00e7\u00e3o das Atividades Administrativas","ident_acao":"Atividade","cat_econ":"Despesa Corrente","natureza_despesa":"Outras Despesas Correntes","modalidade_despesa":"Aplica\u00e7\u00f5es Diretas","elemento_despesa":"Outros Servi\u00e7os de Terceiros - Pessoa F\u00edsica","sub_elem_desp":"SEM SUBELEMENTO","fonte_recurso":"Recursos do Exerc\u00edcio Corrente \/ Outros Recursos n\u00e3o Vinculados \/ -"},{"ano_emissao_emp":"2023","n_emp":"0000079","data_emissao":"04\/09\/2023","valor":"715,00","tipo_empenho":"Ordin\u00e1rio","hist_emp":"EMPENHO REFERE-SE A SERVI\u00c7OES DE MANUTEN\u00c7\u00c3O PREDIAL DA C\u00c3MARA MUNICIPAL DE FREI MIGUELINHO.","fornecedor":"MARCELO LEIT\u00c3O ALVES","denom_uni_orc":"C\u00c2MARA MUNICIPAL","funcao":"Legislativa","sub_funcao":"A\u00e7\u00e3o Legislativa","programa":"ATUA\u00c7\u00c3O LEGISLATIVA E APOIO ADMINISTRATIVO AS A\u00c7\u00d5ES DA C\u00c2MARA","acao":"Parcelamento de D\u00e9bitos, Exceto parcelamentos celebrados com Entidades","ident_acao":"Atividade","cat_econ":"Despesa Corrente","natureza_despesa":"Outras Despesas Correntes","modalidade_despesa":"Aplica\u00e7\u00f5es Diretas","elemento_despesa":"Outros Servi\u00e7os de Terceiros - Pessoa F\u00edsica","sub_elem_desp":"SEM SUBELEMENTO","fonte_recurso":"Recursos do Exerc\u00edcio Corrente \/ Outros Recursos n\u00e3o Vinculados \/ -"},{"ano_emissao_emp":"2023","n_emp":"0000080","data_emissao":"04\/09\/2023","valor":"6.000,00","tipo_empenho":"Estimativo","hist_emp":"EMPENHO REFERE-SE A COTA PARA O EXERC\u00cdCIO DA ATIVIDADE PARLAMENTAR MUNICIPAL - CEAPM, NA C\u00c2MARA MUNICIPAL DE FREI MIGUELINHO, CONFORME LEI 585 DE 21 DE FEVEREIRO 2022","fornecedor":"MIGUEL FARIAS DE AGUIAR","denom_uni_orc":"C\u00c2MARA MUNICIPAL","funcao":"Legislativa","sub_funcao":"A\u00e7\u00e3o Legislativa","programa":"ATUA\u00c7\u00c3O LEGISLATIVA E APOIO ADMINISTRATIVO AS A\u00c7\u00d5ES DA C\u00c2MARA","acao":"Amplia\u00e7\u00e3o e Restaura\u00e7\u00e3o do Pr\u00e9dio da C\u00e2mara","ident_acao":"Atividade","cat_econ":"Despesa Corrente","natureza_despesa":"Outras Despesas Correntes","modalidade_despesa":"Aplica\u00e7\u00f5es Diretas","elemento_despesa":"Indeniza\u00e7\u00f5es e Restitui\u00e7\u00f5es","sub_elem_desp":"SEM SUBELEMENTO","fonte_recurso":"Recursos do Exerc\u00edcio Corrente \/ Outros Recursos n\u00e3o Vinculados \/ -"},{"ano_emissao_emp":"2023","n_emp":"0000080","data_emissao":"04\/09\/2023","valor":"6.000,00","tipo_empenho":"Estimativo","hist_emp":"EMPENHO REFERE-SE A COTA PARA O EXERC\u00cdCIO DA ATIVIDADE PARLAMENTAR MUNICIPAL - CEAPM, NA C\u00c2MARA MUNICIPAL DE FREI MIGUELINHO, CONFORME LEI 585 DE 21 DE FEVEREIRO 2022","fornecedor":"MIGUEL FARIAS DE AGUIAR","denom_uni_orc":"C\u00c2MARA MUNICIPAL","funcao":"Legislativa","sub_funcao":"A\u00e7\u00e3o Legislativa","programa":"ATUA\u00c7\u00c3O LEGISLATIVA E APOIO ADMINISTRATIVO AS A\u00c7\u00d5ES DA C\u00c2MARA","acao":"Manuten\u00e7\u00e3o das Atividades Legislativas","ident_acao":"Atividade","cat_econ":"Despesa Corrente","natureza_despesa":"Outras Despesas Correntes","modalidade_despesa":"Aplica\u00e7\u00f5es Diretas","elemento_despesa":"Indeniza\u00e7\u00f5es e Restitui\u00e7\u00f5es","sub_elem_desp":"SEM SUBELEMENTO","fonte_recurso":"Recursos do Exerc\u00edcio Corrente \/ Outros Recursos n\u00e3o Vinculados \/ -"},{"ano_emissao_emp":"2023","n_emp":"0000080","data_emissao":"04\/09\/2023","valor":"6.000,00","tipo_empenho":"Estimativo","hist_emp":"EMPENHO REFERE-SE A COTA PARA O EXERC\u00cdCIO DA ATIVIDADE PARLAMENTAR MUNICIPAL - CEAPM, NA C\u00c2MARA MUNICIPAL DE FREI MIGUELINHO, CONFORME LEI 585 DE 21 DE FEVEREIRO 2022","fornecedor":"MIGUEL FARIAS DE AGUIAR","denom_uni_orc":"C\u00c2MARA MUNICIPAL","funcao":"Legislativa","sub_funcao":"A\u00e7\u00e3o Legislativa","programa":"ATUA\u00c7\u00c3O LEGISLATIVA E APOIO ADMINISTRATIVO AS A\u00c7\u00d5ES DA C\u00c2MARA","acao":"Parcelamento de D\u00e9bitos Fiscais com os Governos Estadual e Federal","ident_acao":"Atividade","cat_econ":"Despesa Corrente","natureza_despesa":"Outras Despesas Correntes","modalidade_despesa":"Aplica\u00e7\u00f5es Diretas","elemento_despesa":"Indeniza\u00e7\u00f5es e Restitui\u00e7\u00f5es","sub_elem_desp":"SEM SUBELEMENTO","fonte_recurso":"Recursos do Exerc\u00edcio Corrente \/ Outros Recursos n\u00e3o Vinculados \/ -"},{"ano_emissao_emp":"2023","n_emp":"0000081","data_emissao":"04\/09\/2023","valor":"6.000,00","tipo_empenho":"Estimativo","hist_emp":"EMPENHO REFERE-SE A COTA PARA O EXERC\u00cdCIO DA ATIVIDADE PARLAMENTAR MUNICIPAL - CEAPM, NA C\u00c2MARA MUNICIPAL DE FREI MIGUELINHO, CONFORME LEI 585 DE 21 DE FEVEREIRO 2022","fornecedor":"DEOCLECIO JOAO DE SOUZA","denom_uni_orc":"C\u00c2MARA MUNICIPAL","funcao":"Legislativa","sub_funcao":"A\u00e7\u00e3o Legislativa","programa":"ATUA\u00c7\u00c3O LEGISLATIVA E APOIO ADMINISTRATIVO AS A\u00c7\u00d5ES DA C\u00c2MARA","acao":"Amplia\u00e7\u00e3o e Restaura\u00e7\u00e3o do Pr\u00e9dio da C\u00e2mara","ident_acao":"Atividade","cat_econ":"Despesa Corrente","natureza_despesa":"Outras Despesas Correntes","modalidade_despesa":"Aplica\u00e7\u00f5es Diretas","elemento_despesa":"Indeniza\u00e7\u00f5es e Restitui\u00e7\u00f5es","sub_elem_desp":"SEM SUBELEMENTO","fonte_recurso":"Recursos do Exerc\u00edcio Corrente \/ Outros Recursos n\u00e3o Vinculados \/ -"},{"ano_emissao_emp":"2023","n_emp":"0000081","data_emissao":"04\/09\/2023","valor":"6.000,00","tipo_empenho":"Estimativo","hist_emp":"EMPENHO REFERE-SE A COTA PARA O EXERC\u00cdCIO DA ATIVIDADE PARLAMENTAR MUNICIPAL - CEAPM, NA C\u00c2MARA MUNICIPAL DE FREI MIGUELINHO, CONFORME LEI 585 DE 21 DE FEVEREIRO 2022","fornecedor":"DEOCLECIO JOAO DE SOUZA","denom_uni_orc":"C\u00c2MARA MUNICIPAL","funcao":"Legislativa","sub_funcao":"A\u00e7\u00e3o Legislativa","programa":"ATUA\u00c7\u00c3O LEGISLATIVA E APOIO ADMINISTRATIVO AS A\u00c7\u00d5ES DA C\u00c2MARA","acao":"Manuten\u00e7\u00e3o das Atividades Legislativas","ident_acao":"Atividade","cat_econ":"Despesa Corrente","natureza_despesa":"Outras Despesas Correntes","modalidade_despesa":"Aplica\u00e7\u00f5es Diretas","elemento_despesa":"Indeniza\u00e7\u00f5es e Restitui\u00e7\u00f5es","sub_elem_desp":"SEM SUBELEMENTO","fonte_recurso":"Recursos do Exerc\u00edcio Corrente \/ Outros Recursos n\u00e3o Vinculados \/ -"},{"ano_emissao_emp":"2023","n_emp":"0000081","data_emissao":"04\/09\/2023","valor":"6.000,00","tipo_empenho":"Estimativo","hist_emp":"EMPENHO REFERE-SE A COTA PARA O EXERC\u00cdCIO DA ATIVIDADE PARLAMENTAR MUNICIPAL - CEAPM, NA C\u00c2MARA MUNICIPAL DE FREI MIGUELINHO, CONFORME LEI 585 DE 21 DE FEVEREIRO 2022","fornecedor":"DEOCLECIO JOAO DE SOUZA","denom_uni_orc":"C\u00c2MARA MUNICIPAL","funcao":"Legislativa","sub_funcao":"A\u00e7\u00e3o Legislativa","programa":"ATUA\u00c7\u00c3O LEGISLATIVA E APOIO ADMINISTRATIVO AS A\u00c7\u00d5ES DA C\u00c2MARA","acao":"Parcelamento de D\u00e9bitos Fiscais com os Governos Estadual e Federal","ident_acao":"Atividade","cat_econ":"Despesa Corrente","natureza_despesa":"Outras Despesas Correntes","modalidade_despesa":"Aplica\u00e7\u00f5es Diretas","elemento_despesa":"Indeniza\u00e7\u00f5es e Restitui\u00e7\u00f5es","sub_elem_desp":"SEM SUBELEMENTO","fonte_recurso":"Recursos do Exerc\u00edcio Corrente \/ Outros Recursos n\u00e3o Vinculados \/ -"},{"ano_emissao_emp":"2023","n_emp":"0000082","data_emissao":"04\/09\/2023","valor":"6.000,00","tipo_empenho":"Estimativo","hist_emp":"EMPENHO REFERE-SE A COTA PARA O EXERC\u00cdCIO DA ATIVIDADE PARLAMENTAR MUNICIPAL - CEAPM, NA C\u00c2MARA MUNICIPAL DE FREI MIGUELINHO, CONFORME LEI 585 DE 21 DE FEVEREIRO 2022","fornecedor":"JOSE ANICETO DE LIMA","denom_uni_orc":"C\u00c2MARA MUNICIPAL","funcao":"Legislativa","sub_funcao":"A\u00e7\u00e3o Legislativa","programa":"ATUA\u00c7\u00c3O LEGISLATIVA E APOIO ADMINISTRATIVO AS A\u00c7\u00d5ES DA C\u00c2MARA","acao":"Amplia\u00e7\u00e3o e Restaura\u00e7\u00e3o do Pr\u00e9dio da C\u00e2mara","ident_acao":"Atividade","cat_econ":"Despesa Corrente","natureza_despesa":"Outras Despesas Correntes","modalidade_despesa":"Aplica\u00e7\u00f5es Diretas","elemento_despesa":"Indeniza\u00e7\u00f5es e Restitui\u00e7\u00f5es","sub_elem_desp":"SEM SUBELEMENTO","fonte_recurso":"Recursos do Exerc\u00edcio Corrente \/ Outros Recursos n\u00e3o Vinculados \/ -"},{"ano_emissao_emp":"2023","n_emp":"0000082","data_emissao":"04\/09\/2023","valor":"6.000,00","tipo_empenho":"Estimativo","hist_emp":"EMPENHO REFERE-SE A COTA PARA O EXERC\u00cdCIO DA ATIVIDADE PARLAMENTAR MUNICIPAL - CEAPM, NA C\u00c2MARA MUNICIPAL DE FREI MIGUELINHO, CONFORME LEI 585 DE 21 DE FEVEREIRO 2022","fornecedor":"JOSE ANICETO DE LIMA","denom_uni_orc":"C\u00c2MARA MUNICIPAL","funcao":"Legislativa","sub_funcao":"A\u00e7\u00e3o Legislativa","programa":"ATUA\u00c7\u00c3O LEGISLATIVA E APOIO ADMINISTRATIVO AS A\u00c7\u00d5ES DA C\u00c2MARA","acao":"Manuten\u00e7\u00e3o das Atividades Legislativas","ident_acao":"Atividade","cat_econ":"Despesa Corrente","natureza_despesa":"Outras Despesas Correntes","modalidade_despesa":"Aplica\u00e7\u00f5es Diretas","elemento_despesa":"Indeniza\u00e7\u00f5es e Restitui\u00e7\u00f5es","sub_elem_desp":"SEM SUBELEMENTO","fonte_recurso":"Recursos do Exerc\u00edcio Corrente \/ Outros Recursos n\u00e3o Vinculados \/ -"},{"ano_emissao_emp":"2023","n_emp":"0000082","data_emissao":"04\/09\/2023","valor":"6.000,00","tipo_empenho":"Estimativo","hist_emp":"EMPENHO REFERE-SE A COTA PARA O EXERC\u00cdCIO DA ATIVIDADE PARLAMENTAR MUNICIPAL - CEAPM, NA C\u00c2MARA MUNICIPAL DE FREI MIGUELINHO, CONFORME LEI 585 DE 21 DE FEVEREIRO 2022","fornecedor":"JOSE ANICETO DE LIMA","denom_uni_orc":"C\u00c2MARA MUNICIPAL","funcao":"Legislativa","sub_funcao":"A\u00e7\u00e3o Legislativa","programa":"ATUA\u00c7\u00c3O LEGISLATIVA E APOIO ADMINISTRATIVO AS A\u00c7\u00d5ES DA C\u00c2MARA","acao":"Parcelamento de D\u00e9bitos Fiscais com os Governos Estadual e Federal","ident_acao":"Atividade","cat_econ":"Despesa Corrente","natureza_despesa":"Outras Despesas Correntes","modalidade_despesa":"Aplica\u00e7\u00f5es Diretas","elemento_despesa":"Indeniza\u00e7\u00f5es e Restitui\u00e7\u00f5es","sub_elem_desp":"SEM SUBELEMENTO","fonte_recurso":"Recursos do Exerc\u00edcio Corrente \/ Outros Recursos n\u00e3o Vinculados \/ -"},{"ano_emissao_emp":"2023","n_emp":"0000083","data_emissao":"04\/09\/2023","valor":"6.000,00","tipo_empenho":"Estimativo","hist_emp":"EMPENHO REFERE-SE A COTA PARA O EXERC\u00cdCIO DA ATIVIDADE PARLAMENTAR MUNICIPAL - CEAPM, NA C\u00c2MARA MUNICIPAL DE FREI MIGUELINHO, CONFORME LEI 585 DE 21 DE FEVEREIRO 2022","fornecedor":"JOSE CARLOS MOROTO","denom_uni_orc":"C\u00c2MARA MUNICIPAL","funcao":"Legislativa","sub_funcao":"A\u00e7\u00e3o Legislativa","programa":"ATUA\u00c7\u00c3O LEGISLATIVA E APOIO ADMINISTRATIVO AS A\u00c7\u00d5ES DA C\u00c2MARA","acao":"Amplia\u00e7\u00e3o e Restaura\u00e7\u00e3o do Pr\u00e9dio da C\u00e2mara","ident_acao":"Atividade","cat_econ":"Despesa Corrente","natureza_despesa":"Outras Despesas Correntes","modalidade_despesa":"Aplica\u00e7\u00f5es Diretas","elemento_despesa":"Indeniza\u00e7\u00f5es e Restitui\u00e7\u00f5es","sub_elem_desp":"SEM SUBELEMENTO","fonte_recurso":"Recursos do Exerc\u00edcio Corrente \/ Outros Recursos n\u00e3o Vinculados \/ -"},{"ano_emissao_emp":"2023","n_emp":"0000083","data_emissao":"04\/09\/2023","valor":"6.000,00","tipo_empenho":"Estimativo","hist_emp":"EMPENHO REFERE-SE A COTA PARA O EXERC\u00cdCIO DA ATIVIDADE PARLAMENTAR MUNICIPAL - CEAPM, NA C\u00c2MARA MUNICIPAL DE FREI MIGUELINHO, CONFORME LEI 585 DE 21 DE FEVEREIRO 2022","fornecedor":"JOSE CARLOS MOROTO","denom_uni_orc":"C\u00c2MARA MUNICIPAL","funcao":"Legislativa","sub_funcao":"A\u00e7\u00e3o Legislativa","programa":"ATUA\u00c7\u00c3O LEGISLATIVA E APOIO ADMINISTRATIVO AS A\u00c7\u00d5ES DA C\u00c2MARA","acao":"Manuten\u00e7\u00e3o das Atividades Legislativas","ident_acao":"Atividade","cat_econ":"Despesa Corrente","natureza_despesa":"Outras Despesas Correntes","modalidade_despesa":"Aplica\u00e7\u00f5es Diretas","elemento_despesa":"Indeniza\u00e7\u00f5es e Restitui\u00e7\u00f5es","sub_elem_desp":"SEM SUBELEMENTO","fonte_recurso":"Recursos do Exerc\u00edcio Corrente \/ Outros Recursos n\u00e3o Vinculados \/ -"},{"ano_emissao_emp":"2023","n_emp":"0000083","data_emissao":"04\/09\/2023","valor":"6.000,00","tipo_empenho":"Estimativo","hist_emp":"EMPENHO REFERE-SE A COTA PARA O EXERC\u00cdCIO DA ATIVIDADE PARLAMENTAR MUNICIPAL - CEAPM, NA C\u00c2MARA MUNICIPAL DE FREI MIGUELINHO, CONFORME LEI 585 DE 21 DE FEVEREIRO 2022","fornecedor":"JOSE CARLOS MOROTO","denom_uni_orc":"C\u00c2MARA MUNICIPAL","funcao":"Legislativa","sub_funcao":"A\u00e7\u00e3o Legislativa","programa":"ATUA\u00c7\u00c3O LEGISLATIVA E APOIO ADMINISTRATIVO AS A\u00c7\u00d5ES DA C\u00c2MARA","acao":"Parcelamento de D\u00e9bitos Fiscais com os Governos Estadual e Federal","ident_acao":"Atividade","cat_econ":"Despesa Corrente","natureza_despesa":"Outras Despesas Correntes","modalidade_despesa":"Aplica\u00e7\u00f5es Diretas","elemento_despesa":"Indeniza\u00e7\u00f5es e Restitui\u00e7\u00f5es","sub_elem_desp":"SEM SUBELEMENTO","fonte_recurso":"Recursos do Exerc\u00edcio Corrente \/ Outros Recursos n\u00e3o Vinculados \/ -"},{"ano_emissao_emp":"2023","n_emp":"0000084","data_emissao":"04\/09\/2023","valor":"6.000,00","tipo_empenho":"Estimativo","hist_emp":"EMPENHO REFERE-SE A COTA PARA O EXERC\u00cdCIO DA ATIVIDADE PARLAMENTAR MUNICIPAL - CEAPM, NA C\u00c2MARA MUNICIPAL DE FREI MIGUELINHO, CONFORME LEI 585 DE 21 DE FEVEREIRO 2022","fornecedor":"WILILIAM ARRUDA DE LIMA","denom_uni_orc":"C\u00c2MARA MUNICIPAL","funcao":"Legislativa","sub_funcao":"A\u00e7\u00e3o Legislativa","programa":"ATUA\u00c7\u00c3O LEGISLATIVA E APOIO ADMINISTRATIVO AS A\u00c7\u00d5ES DA C\u00c2MARA","acao":"Amplia\u00e7\u00e3o e Restaura\u00e7\u00e3o do Pr\u00e9dio da C\u00e2mara","ident_acao":"Atividade","cat_econ":"Despesa Corrente","natureza_despesa":"Outras Despesas Correntes","modalidade_despesa":"Aplica\u00e7\u00f5es Diretas","elemento_despesa":"Indeniza\u00e7\u00f5es e Restitui\u00e7\u00f5es","sub_elem_desp":"SEM SUBELEMENTO","fonte_recurso":"Recursos do Exerc\u00edcio Corrente \/ Outros Recursos n\u00e3o Vinculados \/ -"},{"ano_emissao_emp":"2023","n_emp":"0000084","data_emissao":"04\/09\/2023","valor":"6.000,00","tipo_empenho":"Estimativo","hist_emp":"EMPENHO REFERE-SE A COTA PARA O EXERC\u00cdCIO DA ATIVIDADE PARLAMENTAR MUNICIPAL - CEAPM, NA C\u00c2MARA MUNICIPAL DE FREI MIGUELINHO, CONFORME LEI 585 DE 21 DE FEVEREIRO 2022","fornecedor":"WILILIAM ARRUDA DE LIMA","denom_uni_orc":"C\u00c2MARA MUNICIPAL","funcao":"Legislativa","sub_funcao":"A\u00e7\u00e3o Legislativa","programa":"ATUA\u00c7\u00c3O LEGISLATIVA E APOIO ADMINISTRATIVO AS A\u00c7\u00d5ES DA C\u00c2MARA","acao":"Manuten\u00e7\u00e3o das Atividades Legislativas","ident_acao":"Atividade","cat_econ":"Despesa Corrente","natureza_despesa":"Outras Despesas Correntes","modalidade_despesa":"Aplica\u00e7\u00f5es Diretas","elemento_despesa":"Indeniza\u00e7\u00f5es e Restitui\u00e7\u00f5es","sub_elem_desp":"SEM SUBELEMENTO","fonte_recurso":"Recursos do Exerc\u00edcio Corrente \/ Outros Recursos n\u00e3o Vinculados \/ -"},{"ano_emissao_emp":"2023","n_emp":"0000084","data_emissao":"04\/09\/2023","valor":"6.000,00","tipo_empenho":"Estimativo","hist_emp":"EMPENHO REFERE-SE A COTA PARA O EXERC\u00cdCIO DA ATIVIDADE PARLAMENTAR MUNICIPAL - CEAPM, NA C\u00c2MARA MUNICIPAL DE FREI MIGUELINHO, CONFORME LEI 585 DE 21 DE FEVEREIRO 2022","fornecedor":"WILILIAM ARRUDA DE LIMA","denom_uni_orc":"C\u00c2MARA MUNICIPAL","funcao":"Legislativa","sub_funcao":"A\u00e7\u00e3o Legislativa","programa":"ATUA\u00c7\u00c3O LEGISLATIVA E APOIO ADMINISTRATIVO AS A\u00c7\u00d5ES DA C\u00c2MARA","acao":"Parcelamento de D\u00e9bitos Fiscais com os Governos Estadual e Federal","ident_acao":"Atividade","cat_econ":"Despesa Corrente","natureza_despesa":"Outras Despesas Correntes","modalidade_despesa":"Aplica\u00e7\u00f5es Diretas","elemento_despesa":"Indeniza\u00e7\u00f5es e Restitui\u00e7\u00f5es","sub_elem_desp":"SEM SUBELEMENTO","fonte_recurso":"Recursos do Exerc\u00edcio Corrente \/ Outros Recursos n\u00e3o Vinculados \/ -"},{"ano_emissao_emp":"2023","n_emp":"0000085","data_emissao":"04\/09\/2023","valor":"6.000,00","tipo_empenho":"Estimativo","hist_emp":"EMPENHO REFERE-SE A COTA PARA O EXERC\u00cdCIO DA ATIVIDADE PARLAMENTAR MUNICIPAL - CEAPM, NA C\u00c2MARA MUNICIPAL DE FREI MIGUELINHO, CONFORME LEI 585 DE 21 DE FEVEREIRO 2022","fornecedor":"ANTONIO FERNADES DE LIMA","denom_uni_orc":"C\u00c2MARA MUNICIPAL","funcao":"Legislativa","sub_funcao":"A\u00e7\u00e3o Legislativa","programa":"ATUA\u00c7\u00c3O LEGISLATIVA E APOIO ADMINISTRATIVO AS A\u00c7\u00d5ES DA C\u00c2MARA","acao":"Amplia\u00e7\u00e3o e Restaura\u00e7\u00e3o do Pr\u00e9dio da C\u00e2mara","ident_acao":"Atividade","cat_econ":"Despesa Corrente","natureza_despesa":"Outras Despesas Correntes","modalidade_despesa":"Aplica\u00e7\u00f5es Diretas","elemento_despesa":"Indeniza\u00e7\u00f5es e Restitui\u00e7\u00f5es","sub_elem_desp":"SEM SUBELEMENTO","fonte_recurso":"Recursos do Exerc\u00edcio Corrente \/ Outros Recursos n\u00e3o Vinculados \/ -"},{"ano_emissao_emp":"2023","n_emp":"0000085","data_emissao":"04\/09\/2023","valor":"6.000,00","tipo_empenho":"Estimativo","hist_emp":"EMPENHO REFERE-SE A COTA PARA O EXERC\u00cdCIO DA ATIVIDADE PARLAMENTAR MUNICIPAL - CEAPM, NA C\u00c2MARA MUNICIPAL DE FREI MIGUELINHO, CONFORME LEI 585 DE 21 DE FEVEREIRO 2022","fornecedor":"ANTONIO FERNADES DE LIMA","denom_uni_orc":"C\u00c2MARA MUNICIPAL","funcao":"Legislativa","sub_funcao":"A\u00e7\u00e3o Legislativa","programa":"ATUA\u00c7\u00c3O LEGISLATIVA E APOIO ADMINISTRATIVO AS A\u00c7\u00d5ES DA C\u00c2MARA","acao":"Manuten\u00e7\u00e3o das Atividades Legislativas","ident_acao":"Atividade","cat_econ":"Despesa Corrente","natureza_despesa":"Outras Despesas Correntes","modalidade_despesa":"Aplica\u00e7\u00f5es Diretas","elemento_despesa":"Indeniza\u00e7\u00f5es e Restitui\u00e7\u00f5es","sub_elem_desp":"SEM SUBELEMENTO","fonte_recurso":"Recursos do Exerc\u00edcio Corrente \/ Outros Recursos n\u00e3o Vinculados \/ -"},{"ano_emissao_emp":"2023","n_emp":"0000085","data_emissao":"04\/09\/2023","valor":"6.000,00","tipo_empenho":"Estimativo","hist_emp":"EMPENHO REFERE-SE A COTA PARA O EXERC\u00cdCIO DA ATIVIDADE PARLAMENTAR MUNICIPAL - CEAPM, NA C\u00c2MARA MUNICIPAL DE FREI MIGUELINHO, CONFORME LEI 585 DE 21 DE FEVEREIRO 2022","fornecedor":"ANTONIO FERNADES DE LIMA","denom_uni_orc":"C\u00c2MARA MUNICIPAL","funcao":"Legislativa","sub_funcao":"A\u00e7\u00e3o Legislativa","programa":"ATUA\u00c7\u00c3O LEGISLATIVA E APOIO ADMINISTRATIVO AS A\u00c7\u00d5ES DA C\u00c2MARA","acao":"Parcelamento de D\u00e9bitos Fiscais com os Governos Estadual e Federal","ident_acao":"Atividade","cat_econ":"Despesa Corrente","natureza_despesa":"Outras Despesas Correntes","modalidade_despesa":"Aplica\u00e7\u00f5es Diretas","elemento_despesa":"Indeniza\u00e7\u00f5es e Restitui\u00e7\u00f5es","sub_elem_desp":"SEM SUBELEMENTO","fonte_recurso":"Recursos do Exerc\u00edcio Corrente \/ Outros Recursos n\u00e3o Vinculados \/ -"},{"ano_emissao_emp":"2023","n_emp":"0000086","data_emissao":"04\/09\/2023","valor":"12.000,00","tipo_empenho":"Estimativo","hist_emp":"EMPENHO REFERE-SE A COTA PARA O EXERC\u00cdCIO DA ATIVIDADE PARLAMENTAR MUNICIPAL - CEAPM, NA C\u00c2MARA MUNICIPAL DE FREI MIGUELINHO, CONFORME LEI 585 DE 21 DE FEVEREIRO 2022","fornecedor":"JOSE SEVERINO DOS SANTOS NETO","denom_uni_orc":"C\u00c2MARA MUNICIPAL","funcao":"Legislativa","sub_funcao":"A\u00e7\u00e3o Legislativa","programa":"ATUA\u00c7\u00c3O LEGISLATIVA E APOIO ADMINISTRATIVO AS A\u00c7\u00d5ES DA C\u00c2MARA","acao":"Amplia\u00e7\u00e3o e Restaura\u00e7\u00e3o do Pr\u00e9dio da C\u00e2mara","ident_acao":"Atividade","cat_econ":"Despesa Corrente","natureza_despesa":"Outras Despesas Correntes","modalidade_despesa":"Aplica\u00e7\u00f5es Diretas","elemento_despesa":"Indeniza\u00e7\u00f5es e Restitui\u00e7\u00f5es","sub_elem_desp":"SEM SUBELEMENTO","fonte_recurso":"Recursos do Exerc\u00edcio Corrente \/ Outros Recursos n\u00e3o Vinculados \/ -"},{"ano_emissao_emp":"2023","n_emp":"0000086","data_emissao":"04\/09\/2023","valor":"12.000,00","tipo_empenho":"Estimativo","hist_emp":"EMPENHO REFERE-SE A COTA PARA O EXERC\u00cdCIO DA ATIVIDADE PARLAMENTAR MUNICIPAL - CEAPM, NA C\u00c2MARA MUNICIPAL DE FREI MIGUELINHO, CONFORME LEI 585 DE 21 DE FEVEREIRO 2022","fornecedor":"JOSE SEVERINO DOS SANTOS NETO","denom_uni_orc":"C\u00c2MARA MUNICIPAL","funcao":"Legislativa","sub_funcao":"A\u00e7\u00e3o Legislativa","programa":"ATUA\u00c7\u00c3O LEGISLATIVA E APOIO ADMINISTRATIVO AS A\u00c7\u00d5ES DA C\u00c2MARA","acao":"Manuten\u00e7\u00e3o das Atividades Legislativas","ident_acao":"Atividade","cat_econ":"Despesa Corrente","natureza_despesa":"Outras Despesas Correntes","modalidade_despesa":"Aplica\u00e7\u00f5es Diretas","elemento_despesa":"Indeniza\u00e7\u00f5es e Restitui\u00e7\u00f5es","sub_elem_desp":"SEM SUBELEMENTO","fonte_recurso":"Recursos do Exerc\u00edcio Corrente \/ Outros Recursos n\u00e3o Vinculados \/ -"},{"ano_emissao_emp":"2023","n_emp":"0000086","data_emissao":"04\/09\/2023","valor":"12.000,00","tipo_empenho":"Estimativo","hist_emp":"EMPENHO REFERE-SE A COTA PARA O EXERC\u00cdCIO DA ATIVIDADE PARLAMENTAR MUNICIPAL - CEAPM, NA C\u00c2MARA MUNICIPAL DE FREI MIGUELINHO, CONFORME LEI 585 DE 21 DE FEVEREIRO 2022","fornecedor":"JOSE SEVERINO DOS SANTOS NETO","denom_uni_orc":"C\u00c2MARA MUNICIPAL","funcao":"Legislativa","sub_funcao":"A\u00e7\u00e3o Legislativa","programa":"ATUA\u00c7\u00c3O LEGISLATIVA E APOIO ADMINISTRATIVO AS A\u00c7\u00d5ES DA C\u00c2MARA","acao":"Parcelamento de D\u00e9bitos Fiscais com os Governos Estadual e Federal","ident_acao":"Atividade","cat_econ":"Despesa Corrente","natureza_despesa":"Outras Despesas Correntes","modalidade_despesa":"Aplica\u00e7\u00f5es Diretas","elemento_despesa":"Indeniza\u00e7\u00f5es e Restitui\u00e7\u00f5es","sub_elem_desp":"SEM SUBELEMENTO","fonte_recurso":"Recursos do Exerc\u00edcio Corrente \/ Outros Recursos n\u00e3o Vinculados \/ -"},{"ano_emissao_emp":"2023","n_emp":"0000087","data_emissao":"04\/09\/2023","valor":"6.000,00","tipo_empenho":"Estimativo","hist_emp":"EMPENHO REFERE-SE A COTA PARA O EXERC\u00cdCIO DA ATIVIDADE PARLAMENTAR MUNICIPAL - CEAPM, NA C\u00c2MARA MUNICIPAL DE FREI MIGUELINHO, CONFORME LEI 585 DE 21 DE FEVEREIRO 2022","fornecedor":"MARIA NATALIA DA SILVA","denom_uni_orc":"C\u00c2MARA MUNICIPAL","funcao":"Legislativa","sub_funcao":"A\u00e7\u00e3o Legislativa","programa":"ATUA\u00c7\u00c3O LEGISLATIVA E APOIO ADMINISTRATIVO AS A\u00c7\u00d5ES DA C\u00c2MARA","acao":"Amplia\u00e7\u00e3o e Restaura\u00e7\u00e3o do Pr\u00e9dio da C\u00e2mara","ident_acao":"Atividade","cat_econ":"Despesa Corrente","natureza_despesa":"Outras Despesas Correntes","modalidade_despesa":"Aplica\u00e7\u00f5es Diretas","elemento_despesa":"Indeniza\u00e7\u00f5es e Restitui\u00e7\u00f5es","sub_elem_desp":"SEM SUBELEMENTO","fonte_recurso":"Recursos do Exerc\u00edcio Corrente \/ Outros Recursos n\u00e3o Vinculados \/ -"},{"ano_emissao_emp":"2023","n_emp":"0000087","data_emissao":"04\/09\/2023","valor":"6.000,00","tipo_empenho":"Estimativo","hist_emp":"EMPENHO REFERE-SE A COTA PARA O EXERC\u00cdCIO DA ATIVIDADE PARLAMENTAR MUNICIPAL - CEAPM, NA C\u00c2MARA MUNICIPAL DE FREI MIGUELINHO, CONFORME LEI 585 DE 21 DE FEVEREIRO 2022","fornecedor":"MARIA NATALIA DA SILVA","denom_uni_orc":"C\u00c2MARA MUNICIPAL","funcao":"Legislativa","sub_funcao":"A\u00e7\u00e3o Legislativa","programa":"ATUA\u00c7\u00c3O LEGISLATIVA E APOIO ADMINISTRATIVO AS A\u00c7\u00d5ES DA C\u00c2MARA","acao":"Manuten\u00e7\u00e3o das Atividades Legislativas","ident_acao":"Atividade","cat_econ":"Despesa Corrente","natureza_despesa":"Outras Despesas Correntes","modalidade_despesa":"Aplica\u00e7\u00f5es Diretas","elemento_despesa":"Indeniza\u00e7\u00f5es e Restitui\u00e7\u00f5es","sub_elem_desp":"SEM SUBELEMENTO","fonte_recurso":"Recursos do Exerc\u00edcio Corrente \/ Outros Recursos n\u00e3o Vinculados \/ -"},{"ano_emissao_emp":"2023","n_emp":"0000087","data_emissao":"04\/09\/2023","valor":"6.000,00","tipo_empenho":"Estimativo","hist_emp":"EMPENHO REFERE-SE A COTA PARA O EXERC\u00cdCIO DA ATIVIDADE PARLAMENTAR MUNICIPAL - CEAPM, NA C\u00c2MARA MUNICIPAL DE FREI MIGUELINHO, CONFORME LEI 585 DE 21 DE FEVEREIRO 2022","fornecedor":"MARIA NATALIA DA SILVA","denom_uni_orc":"C\u00c2MARA MUNICIPAL","funcao":"Legislativa","sub_funcao":"A\u00e7\u00e3o Legislativa","programa":"ATUA\u00c7\u00c3O LEGISLATIVA E APOIO ADMINISTRATIVO AS A\u00c7\u00d5ES DA C\u00c2MARA","acao":"Parcelamento de D\u00e9bitos Fiscais com os Governos Estadual e Federal","ident_acao":"Atividade","cat_econ":"Despesa Corrente","natureza_despesa":"Outras Despesas Correntes","modalidade_despesa":"Aplica\u00e7\u00f5es Diretas","elemento_despesa":"Indeniza\u00e7\u00f5es e Restitui\u00e7\u00f5es","sub_elem_desp":"SEM SUBELEMENTO","fonte_recurso":"Recursos do Exerc\u00edcio Corrente \/ Outros Recursos n\u00e3o Vinculados \/ -"},{"ano_emissao_emp":"2023","n_emp":"0000088","data_emissao":"04\/09\/2023","valor":"75.600,00","tipo_empenho":"Ordin\u00e1rio","hist_emp":"Referente a folha de pagamento normal do m\u00eas de setembro de 2023","fornecedor":"FOLHA DE PAGAMENTO","denom_uni_orc":"C\u00c2MARA MUNICIPAL","funcao":"Legislativa","sub_funcao":"A\u00e7\u00e3o Legislativa","programa":"ATUA\u00c7\u00c3O LEGISLATIVA E APOIO ADMINISTRATIVO AS A\u00c7\u00d5ES DA C\u00c2MARA","acao":"Amplia\u00e7\u00e3o e Restaura\u00e7\u00e3o do Pr\u00e9dio da C\u00e2mara","ident_acao":"Atividade","cat_econ":"Despesa Corrente","natureza_despesa":"Pessoal e Encargos Sociais","modalidade_despesa":"Aplica\u00e7\u00f5es Diretas","elemento_despesa":"Vencimentos e Vantagens Fixas - Pessoal Civil","sub_elem_desp":"SEM SUBELEMENTO","fonte_recurso":"Recursos do Exerc\u00edcio Corrente \/ Outros Recursos n\u00e3o Vinculados \/ -"},{"ano_emissao_emp":"2023","n_emp":"0000088","data_emissao":"04\/09\/2023","valor":"75.600,00","tipo_empenho":"Ordin\u00e1rio","hist_emp":"Referente a folha de pagamento normal do m\u00eas de setembro de 2023","fornecedor":"FOLHA DE PAGAMENTO","denom_uni_orc":"C\u00c2MARA MUNICIPAL","funcao":"Legislativa","sub_funcao":"A\u00e7\u00e3o Legislativa","programa":"ATUA\u00c7\u00c3O LEGISLATIVA E APOIO ADMINISTRATIVO AS A\u00c7\u00d5ES DA C\u00c2MARA","acao":"Manuten\u00e7\u00e3o das Atividades Legislativas","ident_acao":"Atividade","cat_econ":"Despesa Corrente","natureza_despesa":"Pessoal e Encargos Sociais","modalidade_despesa":"Aplica\u00e7\u00f5es Diretas","elemento_despesa":"Vencimentos e Vantagens Fixas - Pessoal Civil","sub_elem_desp":"SEM SUBELEMENTO","fonte_recurso":"Recursos do Exerc\u00edcio Corrente \/ Outros Recursos n\u00e3o Vinculados \/ -"},{"ano_emissao_emp":"2023","n_emp":"0000088","data_emissao":"04\/09\/2023","valor":"75.600,00","tipo_empenho":"Ordin\u00e1rio","hist_emp":"Referente a folha de pagamento normal do m\u00eas de setembro de 2023","fornecedor":"FOLHA DE PAGAMENTO","denom_uni_orc":"C\u00c2MARA MUNICIPAL","funcao":"Legislativa","sub_funcao":"A\u00e7\u00e3o Legislativa","programa":"ATUA\u00c7\u00c3O LEGISLATIVA E APOIO ADMINISTRATIVO AS A\u00c7\u00d5ES DA C\u00c2MARA","acao":"Parcelamento de D\u00e9bitos Fiscais com os Governos Estadual e Federal","ident_acao":"Atividade","cat_econ":"Despesa Corrente","natureza_despesa":"Pessoal e Encargos Sociais","modalidade_despesa":"Aplica\u00e7\u00f5es Diretas","elemento_despesa":"Vencimentos e Vantagens Fixas - Pessoal Civil","sub_elem_desp":"SEM SUBELEMENTO","fonte_recurso":"Recursos do Exerc\u00edcio Corrente \/ Outros Recursos n\u00e3o Vinculados \/ -"},{"ano_emissao_emp":"2023","n_emp":"0000089","data_emissao":"04\/09\/2023","valor":"38.370,00","tipo_empenho":"Ordin\u00e1rio","hist_emp":"Referente a folha de pagamento normal do m\u00eas de setembro de 2023","fornecedor":"FOLHA DE PAGAMENTO","denom_uni_orc":"C\u00c2MARA MUNICIPAL","funcao":"Legislativa","sub_funcao":"A\u00e7\u00e3o Legislativa","programa":"ATUA\u00c7\u00c3O LEGISLATIVA E APOIO ADMINISTRATIVO AS A\u00c7\u00d5ES DA C\u00c2MARA","acao":"Reequipamento da C\u00e2mara Municipal","ident_acao":"Atividade","cat_econ":"Despesa Corrente","natureza_despesa":"Pessoal e Encargos Sociais","modalidade_despesa":"Aplica\u00e7\u00f5es Diretas","elemento_despesa":"Vencimentos e Vantagens Fixas - Pessoal Civil","sub_elem_desp":"SEM SUBELEMENTO","fonte_recurso":"Recursos do Exerc\u00edcio Corrente \/ Outros Recursos n\u00e3o Vinculados \/ -"},{"ano_emissao_emp":"2023","n_emp":"0000089","data_emissao":"04\/09\/2023","valor":"38.370,00","tipo_empenho":"Ordin\u00e1rio","hist_emp":"Referente a folha de pagamento normal do m\u00eas de setembro de 2023","fornecedor":"FOLHA DE PAGAMENTO","denom_uni_orc":"C\u00c2MARA MUNICIPAL","funcao":"Legislativa","sub_funcao":"A\u00e7\u00e3o Legislativa","programa":"ATUA\u00c7\u00c3O LEGISLATIVA E APOIO ADMINISTRATIVO AS A\u00c7\u00d5ES DA C\u00c2MARA","acao":"Manuten\u00e7\u00e3o das Atividades Administrativas","ident_acao":"Atividade","cat_econ":"Despesa Corrente","natureza_despesa":"Pessoal e Encargos Sociais","modalidade_despesa":"Aplica\u00e7\u00f5es Diretas","elemento_despesa":"Vencimentos e Vantagens Fixas - Pessoal Civil","sub_elem_desp":"SEM SUBELEMENTO","fonte_recurso":"Recursos do Exerc\u00edcio Corrente \/ Outros Recursos n\u00e3o Vinculados \/ -"},{"ano_emissao_emp":"2023","n_emp":"0000089","data_emissao":"04\/09\/2023","valor":"38.370,00","tipo_empenho":"Ordin\u00e1rio","hist_emp":"Referente a folha de pagamento normal do m\u00eas de setembro de 2023","fornecedor":"FOLHA DE PAGAMENTO","denom_uni_orc":"C\u00c2MARA MUNICIPAL","funcao":"Legislativa","sub_funcao":"A\u00e7\u00e3o Legislativa","programa":"ATUA\u00c7\u00c3O LEGISLATIVA E APOIO ADMINISTRATIVO AS A\u00c7\u00d5ES DA C\u00c2MARA","acao":"Parcelamento de D\u00e9bitos, Exceto parcelamentos celebrados com Entidades","ident_acao":"Atividade","cat_econ":"Despesa Corrente","natureza_despesa":"Pessoal e Encargos Sociais","modalidade_despesa":"Aplica\u00e7\u00f5es Diretas","elemento_despesa":"Vencimentos e Vantagens Fixas - Pessoal Civil","sub_elem_desp":"SEM SUBELEMENTO","fonte_recurso":"Recursos do Exerc\u00edcio Corrente \/ Outros Recursos n\u00e3o Vinculados \/ -"},{"ano_emissao_emp":"2023","n_emp":"0000090","data_emissao":"04\/09\/2023","valor":"2.490,00","tipo_empenho":"Ordin\u00e1rio","hist_emp":"Referente a folha de pagamento normal do m\u00eas de setembro de 2023","fornecedor":"FOLHA DE PAGAMENTO","denom_uni_orc":"C\u00c2MARA MUNICIPAL","funcao":"Legislativa","sub_funcao":"A\u00e7\u00e3o Legislativa","programa":"ATUA\u00c7\u00c3O LEGISLATIVA E APOIO ADMINISTRATIVO AS A\u00c7\u00d5ES DA C\u00c2MARA","acao":"Apoio ao Conselho Municipal de Sa\u00fade Atrav\u00e9s de Despesas de Investimen","ident_acao":"Atividade","cat_econ":"Despesa Corrente","natureza_despesa":"Pessoal e Encargos Sociais","modalidade_despesa":"Aplica\u00e7\u00f5es Diretas","elemento_despesa":"Vencimentos e Vantagens Fixas - Pessoal Civil","sub_elem_desp":"SEM SUBELEMENTO","fonte_recurso":"Recursos do Exerc\u00edcio Corrente \/ Outros Recursos n\u00e3o Vinculados \/ -"},{"ano_emissao_emp":"2023","n_emp":"0000090","data_emissao":"04\/09\/2023","valor":"2.490,00","tipo_empenho":"Ordin\u00e1rio","hist_emp":"Referente a folha de pagamento normal do m\u00eas de setembro de 2023","fornecedor":"FOLHA DE PAGAMENTO","denom_uni_orc":"C\u00c2MARA MUNICIPAL","funcao":"Legislativa","sub_funcao":"A\u00e7\u00e3o Legislativa","programa":"ATUA\u00c7\u00c3O LEGISLATIVA E APOIO ADMINISTRATIVO AS A\u00c7\u00d5ES DA C\u00c2MARA","acao":"Gest\u00e3o do Controle Interno","ident_acao":"Atividade","cat_econ":"Despesa Corrente","natureza_despesa":"Pessoal e Encargos Sociais","modalidade_despesa":"Aplica\u00e7\u00f5es Diretas","elemento_despesa":"Vencimentos e Vantagens Fixas - Pessoal Civil","sub_elem_desp":"SEM SUBELEMENTO","fonte_recurso":"Recursos do Exerc\u00edcio Corrente \/ Outros Recursos n\u00e3o Vinculados \/ -"},{"ano_emissao_emp":"2023","n_emp":"0000090","data_emissao":"04\/09\/2023","valor":"2.490,00","tipo_empenho":"Ordin\u00e1rio","hist_emp":"Referente a folha de pagamento normal do m\u00eas de setembro de 2023","fornecedor":"FOLHA DE PAGAMENTO","denom_uni_orc":"C\u00c2MARA MUNICIPAL","funcao":"Legislativa","sub_funcao":"A\u00e7\u00e3o Legislativa","programa":"ATUA\u00c7\u00c3O LEGISLATIVA E APOIO ADMINISTRATIVO AS A\u00c7\u00d5ES DA C\u00c2MARA","acao":"Indeniza\u00e7\u00f5es e Restitui\u00e7\u00f5es Diversas","ident_acao":"Atividade","cat_econ":"Despesa Corrente","natureza_despesa":"Pessoal e Encargos Sociais","modalidade_despesa":"Aplica\u00e7\u00f5es Diretas","elemento_despesa":"Vencimentos e Vantagens Fixas - Pessoal Civil","sub_elem_desp":"SEM SUBELEMENTO","fonte_recurso":"Recursos do Exerc\u00edcio Corrente \/ Outros Recursos n\u00e3o Vinculados \/ -"},{"ano_emissao_emp":"2023","n_emp":"0000091","data_emissao":"10\/10\/2023","valor":"75.600,00","tipo_empenho":"Ordin\u00e1rio","hist_emp":"Referente a folha de pagamento normal do m\u00eas de outubro de 2023","fornecedor":"FOLHA DE PAGAMENTO","denom_uni_orc":"C\u00c2MARA MUNICIPAL","funcao":"Legislativa","sub_funcao":"A\u00e7\u00e3o Legislativa","programa":"ATUA\u00c7\u00c3O LEGISLATIVA E APOIO ADMINISTRATIVO AS A\u00c7\u00d5ES DA C\u00c2MARA","acao":"Amplia\u00e7\u00e3o e Restaura\u00e7\u00e3o do Pr\u00e9dio da C\u00e2mara","ident_acao":"Atividade","cat_econ":"Despesa Corrente","natureza_despesa":"Pessoal e Encargos Sociais","modalidade_despesa":"Aplica\u00e7\u00f5es Diretas","elemento_despesa":"Vencimentos e Vantagens Fixas - Pessoal Civil","sub_elem_desp":"SEM SUBELEMENTO","fonte_recurso":"Recursos do Exerc\u00edcio Corrente \/ Outros Recursos n\u00e3o Vinculados \/ -"},{"ano_emissao_emp":"2023","n_emp":"0000091","data_emissao":"10\/10\/2023","valor":"75.600,00","tipo_empenho":"Ordin\u00e1rio","hist_emp":"Referente a folha de pagamento normal do m\u00eas de outubro de 2023","fornecedor":"FOLHA DE PAGAMENTO","denom_uni_orc":"C\u00c2MARA MUNICIPAL","funcao":"Legislativa","sub_funcao":"A\u00e7\u00e3o Legislativa","programa":"ATUA\u00c7\u00c3O LEGISLATIVA E APOIO ADMINISTRATIVO AS A\u00c7\u00d5ES DA C\u00c2MARA","acao":"Manuten\u00e7\u00e3o das Atividades Legislativas","ident_acao":"Atividade","cat_econ":"Despesa Corrente","natureza_despesa":"Pessoal e Encargos Sociais","modalidade_despesa":"Aplica\u00e7\u00f5es Diretas","elemento_despesa":"Vencimentos e Vantagens Fixas - Pessoal Civil","sub_elem_desp":"SEM SUBELEMENTO","fonte_recurso":"Recursos do Exerc\u00edcio Corrente \/ Outros Recursos n\u00e3o Vinculados \/ -"},{"ano_emissao_emp":"2023","n_emp":"0000091","data_emissao":"10\/10\/2023","valor":"75.600,00","tipo_empenho":"Ordin\u00e1rio","hist_emp":"Referente a folha de pagamento normal do m\u00eas de outubro de 2023","fornecedor":"FOLHA DE PAGAMENTO","denom_uni_orc":"C\u00c2MARA MUNICIPAL","funcao":"Legislativa","sub_funcao":"A\u00e7\u00e3o Legislativa","programa":"ATUA\u00c7\u00c3O LEGISLATIVA E APOIO ADMINISTRATIVO AS A\u00c7\u00d5ES DA C\u00c2MARA","acao":"Parcelamento de D\u00e9bitos Fiscais com os Governos Estadual e Federal","ident_acao":"Atividade","cat_econ":"Despesa Corrente","natureza_despesa":"Pessoal e Encargos Sociais","modalidade_despesa":"Aplica\u00e7\u00f5es Diretas","elemento_despesa":"Vencimentos e Vantagens Fixas - Pessoal Civil","sub_elem_desp":"SEM SUBELEMENTO","fonte_recurso":"Recursos do Exerc\u00edcio Corrente \/ Outros Recursos n\u00e3o Vinculados \/ -"},{"ano_emissao_emp":"2023","n_emp":"0000092","data_emissao":"10\/10\/2023","valor":"38.370,00","tipo_empenho":"Ordin\u00e1rio","hist_emp":"Referente a folha de pagamento normal do m\u00eas de outubro de 2023","fornecedor":"FOLHA DE PAGAMENTO","denom_uni_orc":"C\u00c2MARA MUNICIPAL","funcao":"Legislativa","sub_funcao":"A\u00e7\u00e3o Legislativa","programa":"ATUA\u00c7\u00c3O LEGISLATIVA E APOIO ADMINISTRATIVO AS A\u00c7\u00d5ES DA C\u00c2MARA","acao":"Reequipamento da C\u00e2mara Municipal","ident_acao":"Atividade","cat_econ":"Despesa Corrente","natureza_despesa":"Pessoal e Encargos Sociais","modalidade_despesa":"Aplica\u00e7\u00f5es Diretas","elemento_despesa":"Vencimentos e Vantagens Fixas - Pessoal Civil","sub_elem_desp":"SEM SUBELEMENTO","fonte_recurso":"Recursos do Exerc\u00edcio Corrente \/ Outros Recursos n\u00e3o Vinculados \/ -"},{"ano_emissao_emp":"2023","n_emp":"0000092","data_emissao":"10\/10\/2023","valor":"38.370,00","tipo_empenho":"Ordin\u00e1rio","hist_emp":"Referente a folha de pagamento normal do m\u00eas de outubro de 2023","fornecedor":"FOLHA DE PAGAMENTO","denom_uni_orc":"C\u00c2MARA MUNICIPAL","funcao":"Legislativa","sub_funcao":"A\u00e7\u00e3o Legislativa","programa":"ATUA\u00c7\u00c3O LEGISLATIVA E APOIO ADMINISTRATIVO AS A\u00c7\u00d5ES DA C\u00c2MARA","acao":"Manuten\u00e7\u00e3o das Atividades Administrativas","ident_acao":"Atividade","cat_econ":"Despesa Corrente","natureza_despesa":"Pessoal e Encargos Sociais","modalidade_despesa":"Aplica\u00e7\u00f5es Diretas","elemento_despesa":"Vencimentos e Vantagens Fixas - Pessoal Civil","sub_elem_desp":"SEM SUBELEMENTO","fonte_recurso":"Recursos do Exerc\u00edcio Corrente \/ Outros Recursos n\u00e3o Vinculados \/ -"},{"ano_emissao_emp":"2023","n_emp":"0000092","data_emissao":"10\/10\/2023","valor":"38.370,00","tipo_empenho":"Ordin\u00e1rio","hist_emp":"Referente a folha de pagamento normal do m\u00eas de outubro de 2023","fornecedor":"FOLHA DE PAGAMENTO","denom_uni_orc":"C\u00c2MARA MUNICIPAL","funcao":"Legislativa","sub_funcao":"A\u00e7\u00e3o Legislativa","programa":"ATUA\u00c7\u00c3O LEGISLATIVA E APOIO ADMINISTRATIVO AS A\u00c7\u00d5ES DA C\u00c2MARA","acao":"Parcelamento de D\u00e9bitos, Exceto parcelamentos celebrados com Entidades","ident_acao":"Atividade","cat_econ":"Despesa Corrente","natureza_despesa":"Pessoal e Encargos Sociais","modalidade_despesa":"Aplica\u00e7\u00f5es Diretas","elemento_despesa":"Vencimentos e Vantagens Fixas - Pessoal Civil","sub_elem_desp":"SEM SUBELEMENTO","fonte_recurso":"Recursos do Exerc\u00edcio Corrente \/ Outros Recursos n\u00e3o Vinculados \/ -"},{"ano_emissao_emp":"2023","n_emp":"0000093","data_emissao":"10\/10\/2023","valor":"2.490,00","tipo_empenho":"Ordin\u00e1rio","hist_emp":"Referente a folha de pagamento normal do m\u00eas de outubro de 2023","fornecedor":"FOLHA DE PAGAMENTO","denom_uni_orc":"C\u00c2MARA MUNICIPAL","funcao":"Legislativa","sub_funcao":"A\u00e7\u00e3o Legislativa","programa":"ATUA\u00c7\u00c3O LEGISLATIVA E APOIO ADMINISTRATIVO AS A\u00c7\u00d5ES DA C\u00c2MARA","acao":"Apoio ao Conselho Municipal de Sa\u00fade Atrav\u00e9s de Despesas de Investimen","ident_acao":"Atividade","cat_econ":"Despesa Corrente","natureza_despesa":"Pessoal e Encargos Sociais","modalidade_despesa":"Aplica\u00e7\u00f5es Diretas","elemento_despesa":"Vencimentos e Vantagens Fixas - Pessoal Civil","sub_elem_desp":"SEM SUBELEMENTO","fonte_recurso":"Recursos do Exerc\u00edcio Corrente \/ Outros Recursos n\u00e3o Vinculados \/ -"},{"ano_emissao_emp":"2023","n_emp":"0000093","data_emissao":"10\/10\/2023","valor":"2.490,00","tipo_empenho":"Ordin\u00e1rio","hist_emp":"Referente a folha de pagamento normal do m\u00eas de outubro de 2023","fornecedor":"FOLHA DE PAGAMENTO","denom_uni_orc":"C\u00c2MARA MUNICIPAL","funcao":"Legislativa","sub_funcao":"A\u00e7\u00e3o Legislativa","programa":"ATUA\u00c7\u00c3O LEGISLATIVA E APOIO ADMINISTRATIVO AS A\u00c7\u00d5ES DA C\u00c2MARA","acao":"Gest\u00e3o do Controle Interno","ident_acao":"Atividade","cat_econ":"Despesa Corrente","natureza_despesa":"Pessoal e Encargos Sociais","modalidade_despesa":"Aplica\u00e7\u00f5es Diretas","elemento_despesa":"Vencimentos e Vantagens Fixas - Pessoal Civil","sub_elem_desp":"SEM SUBELEMENTO","fonte_recurso":"Recursos do Exerc\u00edcio Corrente \/ Outros Recursos n\u00e3o Vinculados \/ -"},{"ano_emissao_emp":"2023","n_emp":"0000093","data_emissao":"10\/10\/2023","valor":"2.490,00","tipo_empenho":"Ordin\u00e1rio","hist_emp":"Referente a folha de pagamento normal do m\u00eas de outubro de 2023","fornecedor":"FOLHA DE PAGAMENTO","denom_uni_orc":"C\u00c2MARA MUNICIPAL","funcao":"Legislativa","sub_funcao":"A\u00e7\u00e3o Legislativa","programa":"ATUA\u00c7\u00c3O LEGISLATIVA E APOIO ADMINISTRATIVO AS A\u00c7\u00d5ES DA C\u00c2MARA","acao":"Indeniza\u00e7\u00f5es e Restitui\u00e7\u00f5es Diversas","ident_acao":"Atividade","cat_econ":"Despesa Corrente","natureza_despesa":"Pessoal e Encargos Sociais","modalidade_despesa":"Aplica\u00e7\u00f5es Diretas","elemento_despesa":"Vencimentos e Vantagens Fixas - Pessoal Civil","sub_elem_desp":"SEM SUBELEMENTO","fonte_recurso":"Recursos do Exerc\u00edcio Corrente \/ Outros Recursos n\u00e3o Vinculados \/ -"},{"ano_emissao_emp":"2023","n_emp":"0000094","data_emissao":"10\/10\/2023","valor":"300,00","tipo_empenho":"Ordin\u00e1rio","hist_emp":"SOLICITA\u00c7\u00c3O DE DI\u00c1RIA PARA ASSEMBLEIA LEGISLATIVA DO ESTADO DE PE, NA RUA DA UNI\u00c3O, N\u00ba 397, BOA VISTA, CEP 50.050-909","fornecedor":"JOSE EMERSON MEDEIROS DE LUCENA","denom_uni_orc":"C\u00c2MARA MUNICIPAL","funcao":"Legislativa","sub_funcao":"A\u00e7\u00e3o Legislativa","programa":"ATUA\u00c7\u00c3O LEGISLATIVA E APOIO ADMINISTRATIVO AS A\u00c7\u00d5ES DA C\u00c2MARA","acao":"Amplia\u00e7\u00e3o e Restaura\u00e7\u00e3o do Pr\u00e9dio da C\u00e2mara","ident_acao":"Atividade","cat_econ":"Despesa Corrente","natureza_despesa":"Outras Despesas Correntes","modalidade_despesa":"Aplica\u00e7\u00f5es Diretas","elemento_despesa":"Di\u00e1rias \u2013 Civil","sub_elem_desp":"SEM SUBELEMENTO","fonte_recurso":"Recursos do Exerc\u00edcio Corrente \/ Outros Recursos n\u00e3o Vinculados \/ -"},{"ano_emissao_emp":"2023","n_emp":"0000094","data_emissao":"10\/10\/2023","valor":"300,00","tipo_empenho":"Ordin\u00e1rio","hist_emp":"SOLICITA\u00c7\u00c3O DE DI\u00c1RIA PARA ASSEMBLEIA LEGISLATIVA DO ESTADO DE PE, NA RUA DA UNI\u00c3O, N\u00ba 397, BOA VISTA, CEP 50.050-909","fornecedor":"JOSE EMERSON MEDEIROS DE LUCENA","denom_uni_orc":"C\u00c2MARA MUNICIPAL","funcao":"Legislativa","sub_funcao":"A\u00e7\u00e3o Legislativa","programa":"ATUA\u00c7\u00c3O LEGISLATIVA E APOIO ADMINISTRATIVO AS A\u00c7\u00d5ES DA C\u00c2MARA","acao":"Manuten\u00e7\u00e3o das Atividades Legislativas","ident_acao":"Atividade","cat_econ":"Despesa Corrente","natureza_despesa":"Outras Despesas Correntes","modalidade_despesa":"Aplica\u00e7\u00f5es Diretas","elemento_despesa":"Di\u00e1rias \u2013 Civil","sub_elem_desp":"SEM SUBELEMENTO","fonte_recurso":"Recursos do Exerc\u00edcio Corrente \/ Outros Recursos n\u00e3o Vinculados \/ -"},{"ano_emissao_emp":"2023","n_emp":"0000094","data_emissao":"10\/10\/2023","valor":"300,00","tipo_empenho":"Ordin\u00e1rio","hist_emp":"SOLICITA\u00c7\u00c3O DE DI\u00c1RIA PARA ASSEMBLEIA LEGISLATIVA DO ESTADO DE PE, NA RUA DA UNI\u00c3O, N\u00ba 397, BOA VISTA, CEP 50.050-909","fornecedor":"JOSE EMERSON MEDEIROS DE LUCENA","denom_uni_orc":"C\u00c2MARA MUNICIPAL","funcao":"Legislativa","sub_funcao":"A\u00e7\u00e3o Legislativa","programa":"ATUA\u00c7\u00c3O LEGISLATIVA E APOIO ADMINISTRATIVO AS A\u00c7\u00d5ES DA C\u00c2MARA","acao":"Parcelamento de D\u00e9bitos Fiscais com os Governos Estadual e Federal","ident_acao":"Atividade","cat_econ":"Despesa Corrente","natureza_despesa":"Outras Despesas Correntes","modalidade_despesa":"Aplica\u00e7\u00f5es Diretas","elemento_despesa":"Di\u00e1rias \u2013 Civil","sub_elem_desp":"SEM SUBELEMENTO","fonte_recurso":"Recursos do Exerc\u00edcio Corrente \/ Outros Recursos n\u00e3o Vinculados \/ -"},{"ano_emissao_emp":"2023","n_emp":"0000095","data_emissao":"10\/10\/2023","valor":"670,00","tipo_empenho":"Ordin\u00e1rio","hist_emp":"EMPENHO REFERE-SE A COMPRA DE MATERIAL DE EXPEDIENTE PARA ATENDER AS NECESSIDADES ADMINISTGRATIVAS DESSA CASA LEGISLATIVA.","fornecedor":"GRAFICA AGRESTE LTDA EPP","denom_uni_orc":"C\u00c2MARA MUNICIPAL","funcao":"Legislativa","sub_funcao":"A\u00e7\u00e3o Legislativa","programa":"ATUA\u00c7\u00c3O LEGISLATIVA E APOIO ADMINISTRATIVO AS A\u00c7\u00d5ES DA C\u00c2MARA","acao":"Reequipamento da C\u00e2mara Municipal","ident_acao":"Atividade","cat_econ":"Despesa Corrente","natureza_despesa":"Outras Despesas Correntes","modalidade_despesa":"Aplica\u00e7\u00f5es Diretas","elemento_despesa":"Material de Consumo","sub_elem_desp":"SEM SUBELEMENTO","fonte_recurso":"Recursos do Exerc\u00edcio Corrente \/ Outros Recursos n\u00e3o Vinculados \/ -"},{"ano_emissao_emp":"2023","n_emp":"0000095","data_emissao":"10\/10\/2023","valor":"670,00","tipo_empenho":"Ordin\u00e1rio","hist_emp":"EMPENHO REFERE-SE A COMPRA DE MATERIAL DE EXPEDIENTE PARA ATENDER AS NECESSIDADES ADMINISTGRATIVAS DESSA CASA LEGISLATIVA.","fornecedor":"GRAFICA AGRESTE LTDA EPP","denom_uni_orc":"C\u00c2MARA MUNICIPAL","funcao":"Legislativa","sub_funcao":"A\u00e7\u00e3o Legislativa","programa":"ATUA\u00c7\u00c3O LEGISLATIVA E APOIO ADMINISTRATIVO AS A\u00c7\u00d5ES DA C\u00c2MARA","acao":"Manuten\u00e7\u00e3o das Atividades Administrativas","ident_acao":"Atividade","cat_econ":"Despesa Corrente","natureza_despesa":"Outras Despesas Correntes","modalidade_despesa":"Aplica\u00e7\u00f5es Diretas","elemento_despesa":"Material de Consumo","sub_elem_desp":"SEM SUBELEMENTO","fonte_recurso":"Recursos do Exerc\u00edcio Corrente \/ Outros Recursos n\u00e3o Vinculados \/ -"},{"ano_emissao_emp":"2023","n_emp":"0000095","data_emissao":"10\/10\/2023","valor":"670,00","tipo_empenho":"Ordin\u00e1rio","hist_emp":"EMPENHO REFERE-SE A COMPRA DE MATERIAL DE EXPEDIENTE PARA ATENDER AS NECESSIDADES ADMINISTGRATIVAS DESSA CASA LEGISLATIVA.","fornecedor":"GRAFICA AGRESTE LTDA EPP","denom_uni_orc":"C\u00c2MARA MUNICIPAL","funcao":"Legislativa","sub_funcao":"A\u00e7\u00e3o Legislativa","programa":"ATUA\u00c7\u00c3O LEGISLATIVA E APOIO ADMINISTRATIVO AS A\u00c7\u00d5ES DA C\u00c2MARA","acao":"Parcelamento de D\u00e9bitos, Exceto parcelamentos celebrados com Entidades","ident_acao":"Atividade","cat_econ":"Despesa Corrente","natureza_despesa":"Outras Despesas Correntes","modalidade_despesa":"Aplica\u00e7\u00f5es Diretas","elemento_despesa":"Material de Consumo","sub_elem_desp":"SEM SUBELEMENTO","fonte_recurso":"Recursos do Exerc\u00edcio Corrente \/ Outros Recursos n\u00e3o Vinculados \/ -"},{"ano_emissao_emp":"2023","n_emp":"0000096","data_emissao":"10\/10\/2023","valor":"993,52","tipo_empenho":"Ordin\u00e1rio","hist_emp":"EMPENHO REFERE-SE A COMPRA DE MATERIAL DE EXPEDIENTE E SUPRIMENTOS DE INFORM\u00c1TICA PARA ATENDER AS NECESSIDADES ADMINISTRATIVAS DESSA CASA LEGISLATIVA","fornecedor":"GRAFICA AGRESTE LTDA EPP","denom_uni_orc":"C\u00c2MARA MUNICIPAL","funcao":"Legislativa","sub_funcao":"A\u00e7\u00e3o Legislativa","programa":"ATUA\u00c7\u00c3O LEGISLATIVA E APOIO ADMINISTRATIVO AS A\u00c7\u00d5ES DA C\u00c2MARA","acao":"Reequipamento da C\u00e2mara Municipal","ident_acao":"Atividade","cat_econ":"Despesa Corrente","natureza_despesa":"Outras Despesas Correntes","modalidade_despesa":"Aplica\u00e7\u00f5es Diretas","elemento_despesa":"Material de Consumo","sub_elem_desp":"SEM SUBELEMENTO","fonte_recurso":"Recursos do Exerc\u00edcio Corrente \/ Outros Recursos n\u00e3o Vinculados \/ -"},{"ano_emissao_emp":"2023","n_emp":"0000096","data_emissao":"10\/10\/2023","valor":"993,52","tipo_empenho":"Ordin\u00e1rio","hist_emp":"EMPENHO REFERE-SE A COMPRA DE MATERIAL DE EXPEDIENTE E SUPRIMENTOS DE INFORM\u00c1TICA PARA ATENDER AS NECESSIDADES ADMINISTRATIVAS DESSA CASA LEGISLATIVA","fornecedor":"GRAFICA AGRESTE LTDA EPP","denom_uni_orc":"C\u00c2MARA MUNICIPAL","funcao":"Legislativa","sub_funcao":"A\u00e7\u00e3o Legislativa","programa":"ATUA\u00c7\u00c3O LEGISLATIVA E APOIO ADMINISTRATIVO AS A\u00c7\u00d5ES DA C\u00c2MARA","acao":"Manuten\u00e7\u00e3o das Atividades Administrativas","ident_acao":"Atividade","cat_econ":"Despesa Corrente","natureza_despesa":"Outras Despesas Correntes","modalidade_despesa":"Aplica\u00e7\u00f5es Diretas","elemento_despesa":"Material de Consumo","sub_elem_desp":"SEM SUBELEMENTO","fonte_recurso":"Recursos do Exerc\u00edcio Corrente \/ Outros Recursos n\u00e3o Vinculados \/ -"},{"ano_emissao_emp":"2023","n_emp":"0000096","data_emissao":"10\/10\/2023","valor":"993,52","tipo_empenho":"Ordin\u00e1rio","hist_emp":"EMPENHO REFERE-SE A COMPRA DE MATERIAL DE EXPEDIENTE E SUPRIMENTOS DE INFORM\u00c1TICA PARA ATENDER AS NECESSIDADES ADMINISTRATIVAS DESSA CASA LEGISLATIVA","fornecedor":"GRAFICA AGRESTE LTDA EPP","denom_uni_orc":"C\u00c2MARA MUNICIPAL","funcao":"Legislativa","sub_funcao":"A\u00e7\u00e3o Legislativa","programa":"ATUA\u00c7\u00c3O LEGISLATIVA E APOIO ADMINISTRATIVO AS A\u00c7\u00d5ES DA C\u00c2MARA","acao":"Parcelamento de D\u00e9bitos, Exceto parcelamentos celebrados com Entidades","ident_acao":"Atividade","cat_econ":"Despesa Corrente","natureza_despesa":"Outras Despesas Correntes","modalidade_despesa":"Aplica\u00e7\u00f5es Diretas","elemento_despesa":"Material de Consumo","sub_elem_desp":"SEM SUBELEMENTO","fonte_recurso":"Recursos do Exerc\u00edcio Corrente \/ Outros Recursos n\u00e3o Vinculados \/ -"},{"ano_emissao_emp":"2023","n_emp":"0000097","data_emissao":"11\/10\/2023","valor":"100,00","tipo_empenho":"Ordin\u00e1rio","hist_emp":"SOLICITA\u00c7\u00c3O DE DI\u00c1RIA REFERENTE A VIAGEM A CIDADE DE SURUBIM\/PE PARA COMPRA DE MATERIAIS DE EXPEDIENTE NA GR\u00c1FICA AGRESTE.","fornecedor":"DEAN SALES GOMES","denom_uni_orc":"C\u00c2MARA MUNICIPAL","funcao":"Legislativa","sub_funcao":"A\u00e7\u00e3o Legislativa","programa":"ATUA\u00c7\u00c3O LEGISLATIVA E APOIO ADMINISTRATIVO AS A\u00c7\u00d5ES DA C\u00c2MARA","acao":"Reequipamento da C\u00e2mara Municipal","ident_acao":"Atividade","cat_econ":"Despesa Corrente","natureza_despesa":"Outras Despesas Correntes","modalidade_despesa":"Aplica\u00e7\u00f5es Diretas","elemento_despesa":"Di\u00e1rias \u2013 Civil","sub_elem_desp":"SEM SUBELEMENTO","fonte_recurso":"Recursos do Exerc\u00edcio Corrente \/ Outros Recursos n\u00e3o Vinculados \/ -"},{"ano_emissao_emp":"2023","n_emp":"0000097","data_emissao":"11\/10\/2023","valor":"100,00","tipo_empenho":"Ordin\u00e1rio","hist_emp":"SOLICITA\u00c7\u00c3O DE DI\u00c1RIA REFERENTE A VIAGEM A CIDADE DE SURUBIM\/PE PARA COMPRA DE MATERIAIS DE EXPEDIENTE NA GR\u00c1FICA AGRESTE.","fornecedor":"DEAN SALES GOMES","denom_uni_orc":"C\u00c2MARA MUNICIPAL","funcao":"Legislativa","sub_funcao":"A\u00e7\u00e3o Legislativa","programa":"ATUA\u00c7\u00c3O LEGISLATIVA E APOIO ADMINISTRATIVO AS A\u00c7\u00d5ES DA C\u00c2MARA","acao":"Manuten\u00e7\u00e3o das Atividades Administrativas","ident_acao":"Atividade","cat_econ":"Despesa Corrente","natureza_despesa":"Outras Despesas Correntes","modalidade_despesa":"Aplica\u00e7\u00f5es Diretas","elemento_despesa":"Di\u00e1rias \u2013 Civil","sub_elem_desp":"SEM SUBELEMENTO","fonte_recurso":"Recursos do Exerc\u00edcio Corrente \/ Outros Recursos n\u00e3o Vinculados \/ -"},{"ano_emissao_emp":"2023","n_emp":"0000097","data_emissao":"11\/10\/2023","valor":"100,00","tipo_empenho":"Ordin\u00e1rio","hist_emp":"SOLICITA\u00c7\u00c3O DE DI\u00c1RIA REFERENTE A VIAGEM A CIDADE DE SURUBIM\/PE PARA COMPRA DE MATERIAIS DE EXPEDIENTE NA GR\u00c1FICA AGRESTE.","fornecedor":"DEAN SALES GOMES","denom_uni_orc":"C\u00c2MARA MUNICIPAL","funcao":"Legislativa","sub_funcao":"A\u00e7\u00e3o Legislativa","programa":"ATUA\u00c7\u00c3O LEGISLATIVA E APOIO ADMINISTRATIVO AS A\u00c7\u00d5ES DA C\u00c2MARA","acao":"Parcelamento de D\u00e9bitos, Exceto parcelamentos celebrados com Entidades","ident_acao":"Atividade","cat_econ":"Despesa Corrente","natureza_despesa":"Outras Despesas Correntes","modalidade_despesa":"Aplica\u00e7\u00f5es Diretas","elemento_despesa":"Di\u00e1rias \u2013 Civil","sub_elem_desp":"SEM SUBELEMENTO","fonte_recurso":"Recursos do Exerc\u00edcio Corrente \/ Outros Recursos n\u00e3o Vinculados \/ -"},{"ano_emissao_emp":"2023","n_emp":"0000098","data_emissao":"17\/10\/2023","valor":"300,00","tipo_empenho":"Ordin\u00e1rio","hist_emp":"SOLICITA\u00c7\u00c3O DE DI\u00c1RIA PARA ASSEMBLEIA LEGISLATIVA DO ESTADO DE PE, NA RUA DA UNI\u00c3O, N\u00ba 397, BOA VISTA, CEP 50.050-909","fornecedor":"DEOCLECIO JOAO DE SOUZA","denom_uni_orc":"C\u00c2MARA MUNICIPAL","funcao":"Legislativa","sub_funcao":"A\u00e7\u00e3o Legislativa","programa":"ATUA\u00c7\u00c3O LEGISLATIVA E APOIO ADMINISTRATIVO AS A\u00c7\u00d5ES DA C\u00c2MARA","acao":"Amplia\u00e7\u00e3o e Restaura\u00e7\u00e3o do Pr\u00e9dio da C\u00e2mara","ident_acao":"Atividade","cat_econ":"Despesa Corrente","natureza_despesa":"Outras Despesas Correntes","modalidade_despesa":"Aplica\u00e7\u00f5es Diretas","elemento_despesa":"Di\u00e1rias \u2013 Civil","sub_elem_desp":"SEM SUBELEMENTO","fonte_recurso":"Recursos do Exerc\u00edcio Corrente \/ Outros Recursos n\u00e3o Vinculados \/ -"},{"ano_emissao_emp":"2023","n_emp":"0000098","data_emissao":"17\/10\/2023","valor":"300,00","tipo_empenho":"Ordin\u00e1rio","hist_emp":"SOLICITA\u00c7\u00c3O DE DI\u00c1RIA PARA ASSEMBLEIA LEGISLATIVA DO ESTADO DE PE, NA RUA DA UNI\u00c3O, N\u00ba 397, BOA VISTA, CEP 50.050-909","fornecedor":"DEOCLECIO JOAO DE SOUZA","denom_uni_orc":"C\u00c2MARA MUNICIPAL","funcao":"Legislativa","sub_funcao":"A\u00e7\u00e3o Legislativa","programa":"ATUA\u00c7\u00c3O LEGISLATIVA E APOIO ADMINISTRATIVO AS A\u00c7\u00d5ES DA C\u00c2MARA","acao":"Manuten\u00e7\u00e3o das Atividades Legislativas","ident_acao":"Atividade","cat_econ":"Despesa Corrente","natureza_despesa":"Outras Despesas Correntes","modalidade_despesa":"Aplica\u00e7\u00f5es Diretas","elemento_despesa":"Di\u00e1rias \u2013 Civil","sub_elem_desp":"SEM SUBELEMENTO","fonte_recurso":"Recursos do Exerc\u00edcio Corrente \/ Outros Recursos n\u00e3o Vinculados \/ -"},{"ano_emissao_emp":"2023","n_emp":"0000098","data_emissao":"17\/10\/2023","valor":"300,00","tipo_empenho":"Ordin\u00e1rio","hist_emp":"SOLICITA\u00c7\u00c3O DE DI\u00c1RIA PARA ASSEMBLEIA LEGISLATIVA DO ESTADO DE PE, NA RUA DA UNI\u00c3O, N\u00ba 397, BOA VISTA, CEP 50.050-909","fornecedor":"DEOCLECIO JOAO DE SOUZA","denom_uni_orc":"C\u00c2MARA MUNICIPAL","funcao":"Legislativa","sub_funcao":"A\u00e7\u00e3o Legislativa","programa":"ATUA\u00c7\u00c3O LEGISLATIVA E APOIO ADMINISTRATIVO AS A\u00c7\u00d5ES DA C\u00c2MARA","acao":"Parcelamento de D\u00e9bitos Fiscais com os Governos Estadual e Federal","ident_acao":"Atividade","cat_econ":"Despesa Corrente","natureza_despesa":"Outras Despesas Correntes","modalidade_despesa":"Aplica\u00e7\u00f5es Diretas","elemento_despesa":"Di\u00e1rias \u2013 Civil","sub_elem_desp":"SEM SUBELEMENTO","fonte_recurso":"Recursos do Exerc\u00edcio Corrente \/ Outros Recursos n\u00e3o Vinculados \/ -"},{"ano_emissao_emp":"2023","n_emp":"0000099","data_emissao":"14\/11\/2023","valor":"715,00","tipo_empenho":"Ordin\u00e1rio","hist_emp":"EMPENHO REFERE-SE  AOS SERVI\u00c7OS DE MANUTEN\u00c7\u00c3O E CONSERVA\u00c7\u00c3O DESSA CASA LEGISLATIVA.","fornecedor":"MARCELO LEIT\u00c3O ALVES","denom_uni_orc":"C\u00c2MARA MUNICIPAL","funcao":"Legislativa","sub_funcao":"A\u00e7\u00e3o Legislativa","programa":"ATUA\u00c7\u00c3O LEGISLATIVA E APOIO ADMINISTRATIVO AS A\u00c7\u00d5ES DA C\u00c2MARA","acao":"Amplia\u00e7\u00e3o e Restaura\u00e7\u00e3o do Pr\u00e9dio da C\u00e2mara","ident_acao":"Projeto","cat_econ":"Despesa de Capital","natureza_despesa":"Investimentos","modalidade_despesa":"Aplica\u00e7\u00f5es Diretas","elemento_despesa":"Obras e Instala\u00e7\u00f5es","sub_elem_desp":"SEM SUBELEMENTO","fonte_recurso":"Recursos do Exerc\u00edcio Corrente \/ Outros Recursos n\u00e3o Vinculados \/ -"},{"ano_emissao_emp":"2023","n_emp":"0000099","data_emissao":"14\/11\/2023","valor":"715,00","tipo_empenho":"Ordin\u00e1rio","hist_emp":"EMPENHO REFERE-SE  AOS SERVI\u00c7OS DE MANUTEN\u00c7\u00c3O E CONSERVA\u00c7\u00c3O DESSA CASA LEGISLATIVA.","fornecedor":"MARCELO LEIT\u00c3O ALVES","denom_uni_orc":"C\u00c2MARA MUNICIPAL","funcao":"Legislativa","sub_funcao":"A\u00e7\u00e3o Legislativa","programa":"ATUA\u00c7\u00c3O LEGISLATIVA E APOIO ADMINISTRATIVO AS A\u00c7\u00d5ES DA C\u00c2MARA","acao":"Manuten\u00e7\u00e3o das Atividades Legislativas","ident_acao":"Projeto","cat_econ":"Despesa de Capital","natureza_despesa":"Investimentos","modalidade_despesa":"Aplica\u00e7\u00f5es Diretas","elemento_despesa":"Obras e Instala\u00e7\u00f5es","sub_elem_desp":"SEM SUBELEMENTO","fonte_recurso":"Recursos do Exerc\u00edcio Corrente \/ Outros Recursos n\u00e3o Vinculados \/ -"},{"ano_emissao_emp":"2023","n_emp":"0000099","data_emissao":"14\/11\/2023","valor":"715,00","tipo_empenho":"Ordin\u00e1rio","hist_emp":"EMPENHO REFERE-SE  AOS SERVI\u00c7OS DE MANUTEN\u00c7\u00c3O E CONSERVA\u00c7\u00c3O DESSA CASA LEGISLATIVA.","fornecedor":"MARCELO LEIT\u00c3O ALVES","denom_uni_orc":"C\u00c2MARA MUNICIPAL","funcao":"Legislativa","sub_funcao":"A\u00e7\u00e3o Legislativa","programa":"ATUA\u00c7\u00c3O LEGISLATIVA E APOIO ADMINISTRATIVO AS A\u00c7\u00d5ES DA C\u00c2MARA","acao":"Parcelamento de D\u00e9bitos Fiscais com os Governos Estadual e Federal","ident_acao":"Projeto","cat_econ":"Despesa de Capital","natureza_despesa":"Investimentos","modalidade_despesa":"Aplica\u00e7\u00f5es Diretas","elemento_despesa":"Obras e Instala\u00e7\u00f5es","sub_elem_desp":"SEM SUBELEMENTO","fonte_recurso":"Recursos do Exerc\u00edcio Corrente \/ Outros Recursos n\u00e3o Vinculados \/ -"},{"ano_emissao_emp":"2023","n_emp":"0000100","data_emissao":"14\/11\/2023","valor":"2.601,50","tipo_empenho":"Ordin\u00e1rio","hist_emp":"EMPENHO REFERE-SE A COMPRA DE MATERIAS DE CONSTRU\u00c7\u00c3O PARA MANUTEN\u00c7\u00c3O E CONSERVA\u00c7\u00c3O DO PR\u00c9DIO DESSA CASA LEGISLATIVA","fornecedor":"ADAUTO CAZE DE BARROS FILHO - ME","denom_uni_orc":"C\u00c2MARA MUNICIPAL","funcao":"Legislativa","sub_funcao":"A\u00e7\u00e3o Legislativa","programa":"ATUA\u00c7\u00c3O LEGISLATIVA E APOIO ADMINISTRATIVO AS A\u00c7\u00d5ES DA C\u00c2MARA","acao":"Amplia\u00e7\u00e3o e Restaura\u00e7\u00e3o do Pr\u00e9dio da C\u00e2mara","ident_acao":"Projeto","cat_econ":"Despesa de Capital","natureza_despesa":"Investimentos","modalidade_despesa":"Aplica\u00e7\u00f5es Diretas","elemento_despesa":"Obras e Instala\u00e7\u00f5es","sub_elem_desp":"SEM SUBELEMENTO","fonte_recurso":"Recursos do Exerc\u00edcio Corrente \/ Outros Recursos n\u00e3o Vinculados \/ -"},{"ano_emissao_emp":"2023","n_emp":"0000100","data_emissao":"14\/11\/2023","valor":"2.601,50","tipo_empenho":"Ordin\u00e1rio","hist_emp":"EMPENHO REFERE-SE A COMPRA DE MATERIAS DE CONSTRU\u00c7\u00c3O PARA MANUTEN\u00c7\u00c3O E CONSERVA\u00c7\u00c3O DO PR\u00c9DIO DESSA CASA LEGISLATIVA","fornecedor":"ADAUTO CAZE DE BARROS FILHO - ME","denom_uni_orc":"C\u00c2MARA MUNICIPAL","funcao":"Legislativa","sub_funcao":"A\u00e7\u00e3o Legislativa","programa":"ATUA\u00c7\u00c3O LEGISLATIVA E APOIO ADMINISTRATIVO AS A\u00c7\u00d5ES DA C\u00c2MARA","acao":"Manuten\u00e7\u00e3o das Atividades Legislativas","ident_acao":"Projeto","cat_econ":"Despesa de Capital","natureza_despesa":"Investimentos","modalidade_despesa":"Aplica\u00e7\u00f5es Diretas","elemento_despesa":"Obras e Instala\u00e7\u00f5es","sub_elem_desp":"SEM SUBELEMENTO","fonte_recurso":"Recursos do Exerc\u00edcio Corrente \/ Outros Recursos n\u00e3o Vinculados \/ -"},{"ano_emissao_emp":"2023","n_emp":"0000100","data_emissao":"14\/11\/2023","valor":"2.601,50","tipo_empenho":"Ordin\u00e1rio","hist_emp":"EMPENHO REFERE-SE A COMPRA DE MATERIAS DE CONSTRU\u00c7\u00c3O PARA MANUTEN\u00c7\u00c3O E CONSERVA\u00c7\u00c3O DO PR\u00c9DIO DESSA CASA LEGISLATIVA","fornecedor":"ADAUTO CAZE DE BARROS FILHO - ME","denom_uni_orc":"C\u00c2MARA MUNICIPAL","funcao":"Legislativa","sub_funcao":"A\u00e7\u00e3o Legislativa","programa":"ATUA\u00c7\u00c3O LEGISLATIVA E APOIO ADMINISTRATIVO AS A\u00c7\u00d5ES DA C\u00c2MARA","acao":"Parcelamento de D\u00e9bitos Fiscais com os Governos Estadual e Federal","ident_acao":"Projeto","cat_econ":"Despesa de Capital","natureza_despesa":"Investimentos","modalidade_despesa":"Aplica\u00e7\u00f5es Diretas","elemento_despesa":"Obras e Instala\u00e7\u00f5es","sub_elem_desp":"SEM SUBELEMENTO","fonte_recurso":"Recursos do Exerc\u00edcio Corrente \/ Outros Recursos n\u00e3o Vinculados \/ -"},{"ano_emissao_emp":"2023","n_emp":"0000101","data_emissao":"14\/11\/2023","valor":"350,00","tipo_empenho":"Ordin\u00e1rio","hist_emp":"SOLICITA\u00c7\u00c3O DE DI\u00c1RIA PARA C\u00c2MARA DOS DEPUTADOS, ANEXO iv - GABINETE 450, CEP 70160-9000, BRASILIA DF","fornecedor":"JOSE ANICETO DE LIMA","denom_uni_orc":"C\u00c2MARA MUNICIPAL","funcao":"Legislativa","sub_funcao":"A\u00e7\u00e3o Legislativa","programa":"ATUA\u00c7\u00c3O LEGISLATIVA E APOIO ADMINISTRATIVO AS A\u00c7\u00d5ES DA C\u00c2MARA","acao":"Amplia\u00e7\u00e3o e Restaura\u00e7\u00e3o do Pr\u00e9dio da C\u00e2mara","ident_acao":"Atividade","cat_econ":"Despesa Corrente","natureza_despesa":"Outras Despesas Correntes","modalidade_despesa":"Aplica\u00e7\u00f5es Diretas","elemento_despesa":"Di\u00e1rias \u2013 Civil","sub_elem_desp":"SEM SUBELEMENTO","fonte_recurso":"Recursos do Exerc\u00edcio Corrente \/ Outros Recursos n\u00e3o Vinculados \/ -"},{"ano_emissao_emp":"2023","n_emp":"0000101","data_emissao":"14\/11\/2023","valor":"350,00","tipo_empenho":"Ordin\u00e1rio","hist_emp":"SOLICITA\u00c7\u00c3O DE DI\u00c1RIA PARA C\u00c2MARA DOS DEPUTADOS, ANEXO iv - GABINETE 450, CEP 70160-9000, BRASILIA DF","fornecedor":"JOSE ANICETO DE LIMA","denom_uni_orc":"C\u00c2MARA MUNICIPAL","funcao":"Legislativa","sub_funcao":"A\u00e7\u00e3o Legislativa","programa":"ATUA\u00c7\u00c3O LEGISLATIVA E APOIO ADMINISTRATIVO AS A\u00c7\u00d5ES DA C\u00c2MARA","acao":"Manuten\u00e7\u00e3o das Atividades Legislativas","ident_acao":"Atividade","cat_econ":"Despesa Corrente","natureza_despesa":"Outras Despesas Correntes","modalidade_despesa":"Aplica\u00e7\u00f5es Diretas","elemento_despesa":"Di\u00e1rias \u2013 Civil","sub_elem_desp":"SEM SUBELEMENTO","fonte_recurso":"Recursos do Exerc\u00edcio Corrente \/ Outros Recursos n\u00e3o Vinculados \/ -"},{"ano_emissao_emp":"2023","n_emp":"0000101","data_emissao":"14\/11\/2023","valor":"350,00","tipo_empenho":"Ordin\u00e1rio","hist_emp":"SOLICITA\u00c7\u00c3O DE DI\u00c1RIA PARA C\u00c2MARA DOS DEPUTADOS, ANEXO iv - GABINETE 450, CEP 70160-9000, BRASILIA DF","fornecedor":"JOSE ANICETO DE LIMA","denom_uni_orc":"C\u00c2MARA MUNICIPAL","funcao":"Legislativa","sub_funcao":"A\u00e7\u00e3o Legislativa","programa":"ATUA\u00c7\u00c3O LEGISLATIVA E APOIO ADMINISTRATIVO AS A\u00c7\u00d5ES DA C\u00c2MARA","acao":"Parcelamento de D\u00e9bitos Fiscais com os Governos Estadual e Federal","ident_acao":"Atividade","cat_econ":"Despesa Corrente","natureza_despesa":"Outras Despesas Correntes","modalidade_despesa":"Aplica\u00e7\u00f5es Diretas","elemento_despesa":"Di\u00e1rias \u2013 Civil","sub_elem_desp":"SEM SUBELEMENTO","fonte_recurso":"Recursos do Exerc\u00edcio Corrente \/ Outros Recursos n\u00e3o Vinculados \/ -"},{"ano_emissao_emp":"2023","n_emp":"0000102","data_emissao":"14\/11\/2023","valor":"75.600,00","tipo_empenho":"Ordin\u00e1rio","hist_emp":"Referente a folha de pagamento normal do m\u00eas de novembro de 2023","fornecedor":"FOLHA DE PAGAMENTO","denom_uni_orc":"C\u00c2MARA MUNICIPAL","funcao":"Legislativa","sub_funcao":"A\u00e7\u00e3o Legislativa","programa":"ATUA\u00c7\u00c3O LEGISLATIVA E APOIO ADMINISTRATIVO AS A\u00c7\u00d5ES DA C\u00c2MARA","acao":"Amplia\u00e7\u00e3o e Restaura\u00e7\u00e3o do Pr\u00e9dio da C\u00e2mara","ident_acao":"Atividade","cat_econ":"Despesa Corrente","natureza_despesa":"Pessoal e Encargos Sociais","modalidade_despesa":"Aplica\u00e7\u00f5es Diretas","elemento_despesa":"Vencimentos e Vantagens Fixas - Pessoal Civil","sub_elem_desp":"SEM SUBELEMENTO","fonte_recurso":"Recursos do Exerc\u00edcio Corrente \/ Outros Recursos n\u00e3o Vinculados \/ -"},{"ano_emissao_emp":"2023","n_emp":"0000102","data_emissao":"14\/11\/2023","valor":"75.600,00","tipo_empenho":"Ordin\u00e1rio","hist_emp":"Referente a folha de pagamento normal do m\u00eas de novembro de 2023","fornecedor":"FOLHA DE PAGAMENTO","denom_uni_orc":"C\u00c2MARA MUNICIPAL","funcao":"Legislativa","sub_funcao":"A\u00e7\u00e3o Legislativa","programa":"ATUA\u00c7\u00c3O LEGISLATIVA E APOIO ADMINISTRATIVO AS A\u00c7\u00d5ES DA C\u00c2MARA","acao":"Manuten\u00e7\u00e3o das Atividades Legislativas","ident_acao":"Atividade","cat_econ":"Despesa Corrente","natureza_despesa":"Pessoal e Encargos Sociais","modalidade_despesa":"Aplica\u00e7\u00f5es Diretas","elemento_despesa":"Vencimentos e Vantagens Fixas - Pessoal Civil","sub_elem_desp":"SEM SUBELEMENTO","fonte_recurso":"Recursos do Exerc\u00edcio Corrente \/ Outros Recursos n\u00e3o Vinculados \/ -"},{"ano_emissao_emp":"2023","n_emp":"0000102","data_emissao":"14\/11\/2023","valor":"75.600,00","tipo_empenho":"Ordin\u00e1rio","hist_emp":"Referente a folha de pagamento normal do m\u00eas de novembro de 2023","fornecedor":"FOLHA DE PAGAMENTO","denom_uni_orc":"C\u00c2MARA MUNICIPAL","funcao":"Legislativa","sub_funcao":"A\u00e7\u00e3o Legislativa","programa":"ATUA\u00c7\u00c3O LEGISLATIVA E APOIO ADMINISTRATIVO AS A\u00c7\u00d5ES DA C\u00c2MARA","acao":"Parcelamento de D\u00e9bitos Fiscais com os Governos Estadual e Federal","ident_acao":"Atividade","cat_econ":"Despesa Corrente","natureza_despesa":"Pessoal e Encargos Sociais","modalidade_despesa":"Aplica\u00e7\u00f5es Diretas","elemento_despesa":"Vencimentos e Vantagens Fixas - Pessoal Civil","sub_elem_desp":"SEM SUBELEMENTO","fonte_recurso":"Recursos do Exerc\u00edcio Corrente \/ Outros Recursos n\u00e3o Vinculados \/ -"},{"ano_emissao_emp":"2023","n_emp":"0000103","data_emissao":"14\/11\/2023","valor":"45.660,00","tipo_empenho":"Ordin\u00e1rio","hist_emp":"Referente a folha de pagamento normal do m\u00eas de novembro de 2023","fornecedor":"FOLHA DE PAGAMENTO","denom_uni_orc":"C\u00c2MARA MUNICIPAL","funcao":"Legislativa","sub_funcao":"A\u00e7\u00e3o Legislativa","programa":"ATUA\u00c7\u00c3O LEGISLATIVA E APOIO ADMINISTRATIVO AS A\u00c7\u00d5ES DA C\u00c2MARA","acao":"Reequipamento da C\u00e2mara Municipal","ident_acao":"Atividade","cat_econ":"Despesa Corrente","natureza_despesa":"Pessoal e Encargos Sociais","modalidade_despesa":"Aplica\u00e7\u00f5es Diretas","elemento_despesa":"Vencimentos e Vantagens Fixas - Pessoal Civil","sub_elem_desp":"SEM SUBELEMENTO","fonte_recurso":"Recursos do Exerc\u00edcio Corrente \/ Outros Recursos n\u00e3o Vinculados \/ -"},{"ano_emissao_emp":"2023","n_emp":"0000103","data_emissao":"14\/11\/2023","valor":"45.660,00","tipo_empenho":"Ordin\u00e1rio","hist_emp":"Referente a folha de pagamento normal do m\u00eas de novembro de 2023","fornecedor":"FOLHA DE PAGAMENTO","denom_uni_orc":"C\u00c2MARA MUNICIPAL","funcao":"Legislativa","sub_funcao":"A\u00e7\u00e3o Legislativa","programa":"ATUA\u00c7\u00c3O LEGISLATIVA E APOIO ADMINISTRATIVO AS A\u00c7\u00d5ES DA C\u00c2MARA","acao":"Manuten\u00e7\u00e3o das Atividades Administrativas","ident_acao":"Atividade","cat_econ":"Despesa Corrente","natureza_despesa":"Pessoal e Encargos Sociais","modalidade_despesa":"Aplica\u00e7\u00f5es Diretas","elemento_despesa":"Vencimentos e Vantagens Fixas - Pessoal Civil","sub_elem_desp":"SEM SUBELEMENTO","fonte_recurso":"Recursos do Exerc\u00edcio Corrente \/ Outros Recursos n\u00e3o Vinculados \/ -"},{"ano_emissao_emp":"2023","n_emp":"0000103","data_emissao":"14\/11\/2023","valor":"45.660,00","tipo_empenho":"Ordin\u00e1rio","hist_emp":"Referente a folha de pagamento normal do m\u00eas de novembro de 2023","fornecedor":"FOLHA DE PAGAMENTO","denom_uni_orc":"C\u00c2MARA MUNICIPAL","funcao":"Legislativa","sub_funcao":"A\u00e7\u00e3o Legislativa","programa":"ATUA\u00c7\u00c3O LEGISLATIVA E APOIO ADMINISTRATIVO AS A\u00c7\u00d5ES DA C\u00c2MARA","acao":"Parcelamento de D\u00e9bitos, Exceto parcelamentos celebrados com Entidades","ident_acao":"Atividade","cat_econ":"Despesa Corrente","natureza_despesa":"Pessoal e Encargos Sociais","modalidade_despesa":"Aplica\u00e7\u00f5es Diretas","elemento_despesa":"Vencimentos e Vantagens Fixas - Pessoal Civil","sub_elem_desp":"SEM SUBELEMENTO","fonte_recurso":"Recursos do Exerc\u00edcio Corrente \/ Outros Recursos n\u00e3o Vinculados \/ -"},{"ano_emissao_emp":"2023","n_emp":"0000104","data_emissao":"14\/11\/2023","valor":"2.490,00","tipo_empenho":"Ordin\u00e1rio","hist_emp":"Referente a folha de pagamento normal do m\u00eas de novembro de 2023","fornecedor":"FOLHA DE PAGAMENTO","denom_uni_orc":"C\u00c2MARA MUNICIPAL","funcao":"Legislativa","sub_funcao":"A\u00e7\u00e3o Legislativa","programa":"ATUA\u00c7\u00c3O LEGISLATIVA E APOIO ADMINISTRATIVO AS A\u00c7\u00d5ES DA C\u00c2MARA","acao":"Apoio ao Conselho Municipal de Sa\u00fade Atrav\u00e9s de Despesas de Investimen","ident_acao":"Atividade","cat_econ":"Despesa Corrente","natureza_despesa":"Pessoal e Encargos Sociais","modalidade_despesa":"Aplica\u00e7\u00f5es Diretas","elemento_despesa":"Vencimentos e Vantagens Fixas - Pessoal Civil","sub_elem_desp":"SEM SUBELEMENTO","fonte_recurso":"Recursos do Exerc\u00edcio Corrente \/ Outros Recursos n\u00e3o Vinculados \/ -"},{"ano_emissao_emp":"2023","n_emp":"0000104","data_emissao":"14\/11\/2023","valor":"2.490,00","tipo_empenho":"Ordin\u00e1rio","hist_emp":"Referente a folha de pagamento normal do m\u00eas de novembro de 2023","fornecedor":"FOLHA DE PAGAMENTO","denom_uni_orc":"C\u00c2MARA MUNICIPAL","funcao":"Legislativa","sub_funcao":"A\u00e7\u00e3o Legislativa","programa":"ATUA\u00c7\u00c3O LEGISLATIVA E APOIO ADMINISTRATIVO AS A\u00c7\u00d5ES DA C\u00c2MARA","acao":"Gest\u00e3o do Controle Interno","ident_acao":"Atividade","cat_econ":"Despesa Corrente","natureza_despesa":"Pessoal e Encargos Sociais","modalidade_despesa":"Aplica\u00e7\u00f5es Diretas","elemento_despesa":"Vencimentos e Vantagens Fixas - Pessoal Civil","sub_elem_desp":"SEM SUBELEMENTO","fonte_recurso":"Recursos do Exerc\u00edcio Corrente \/ Outros Recursos n\u00e3o Vinculados \/ -"},{"ano_emissao_emp":"2023","n_emp":"0000104","data_emissao":"14\/11\/2023","valor":"2.490,00","tipo_empenho":"Ordin\u00e1rio","hist_emp":"Referente a folha de pagamento normal do m\u00eas de novembro de 2023","fornecedor":"FOLHA DE PAGAMENTO","denom_uni_orc":"C\u00c2MARA MUNICIPAL","funcao":"Legislativa","sub_funcao":"A\u00e7\u00e3o Legislativa","programa":"ATUA\u00c7\u00c3O LEGISLATIVA E APOIO ADMINISTRATIVO AS A\u00c7\u00d5ES DA C\u00c2MARA","acao":"Indeniza\u00e7\u00f5es e Restitui\u00e7\u00f5es Diversas","ident_acao":"Atividade","cat_econ":"Despesa Corrente","natureza_despesa":"Pessoal e Encargos Sociais","modalidade_despesa":"Aplica\u00e7\u00f5es Diretas","elemento_despesa":"Vencimentos e Vantagens Fixas - Pessoal Civil","sub_elem_desp":"SEM SUBELEMENTO","fonte_recurso":"Recursos do Exerc\u00edcio Corrente \/ Outros Recursos n\u00e3o Vinculados \/ -"},{"ano_emissao_emp":"2023","n_emp":"0000105","data_emissao":"14\/11\/2023","valor":"379,80","tipo_empenho":"Ordin\u00e1rio","hist_emp":"EMPENHO REFERE A COMPRA DE UMA CORTINA DUO 3.00M LISA CROMO\/TITANIO E DOIS PINGENTE INFINITY CILINDRO-PRATA PARA ESSA CASA LEGISLATIVA","fornecedor":"JOSEANE RESENDE LEITE LTDA","denom_uni_orc":"C\u00c2MARA MUNICIPAL","funcao":"Legislativa","sub_funcao":"A\u00e7\u00e3o Legislativa","programa":"ATUA\u00c7\u00c3O LEGISLATIVA E APOIO ADMINISTRATIVO AS A\u00c7\u00d5ES DA C\u00c2MARA","acao":"Reequipamento da C\u00e2mara Municipal","ident_acao":"Projeto","cat_econ":"Despesa de Capital","natureza_despesa":"Investimentos","modalidade_despesa":"Aplica\u00e7\u00f5es Diretas","elemento_despesa":"Equipamentos e Material Permanente","sub_elem_desp":"SEM SUBELEMENTO","fonte_recurso":"Recursos do Exerc\u00edcio Corrente \/ Outros Recursos n\u00e3o Vinculados \/ -"},{"ano_emissao_emp":"2023","n_emp":"0000105","data_emissao":"14\/11\/2023","valor":"379,80","tipo_empenho":"Ordin\u00e1rio","hist_emp":"EMPENHO REFERE A COMPRA DE UMA CORTINA DUO 3.00M LISA CROMO\/TITANIO E DOIS PINGENTE INFINITY CILINDRO-PRATA PARA ESSA CASA LEGISLATIVA","fornecedor":"JOSEANE RESENDE LEITE LTDA","denom_uni_orc":"C\u00c2MARA MUNICIPAL","funcao":"Legislativa","sub_funcao":"A\u00e7\u00e3o Legislativa","programa":"ATUA\u00c7\u00c3O LEGISLATIVA E APOIO ADMINISTRATIVO AS A\u00c7\u00d5ES DA C\u00c2MARA","acao":"Manuten\u00e7\u00e3o das Atividades Administrativas","ident_acao":"Projeto","cat_econ":"Despesa de Capital","natureza_despesa":"Investimentos","modalidade_despesa":"Aplica\u00e7\u00f5es Diretas","elemento_despesa":"Equipamentos e Material Permanente","sub_elem_desp":"SEM SUBELEMENTO","fonte_recurso":"Recursos do Exerc\u00edcio Corrente \/ Outros Recursos n\u00e3o Vinculados \/ -"},{"ano_emissao_emp":"2023","n_emp":"0000105","data_emissao":"14\/11\/2023","valor":"379,80","tipo_empenho":"Ordin\u00e1rio","hist_emp":"EMPENHO REFERE A COMPRA DE UMA CORTINA DUO 3.00M LISA CROMO\/TITANIO E DOIS PINGENTE INFINITY CILINDRO-PRATA PARA ESSA CASA LEGISLATIVA","fornecedor":"JOSEANE RESENDE LEITE LTDA","denom_uni_orc":"C\u00c2MARA MUNICIPAL","funcao":"Legislativa","sub_funcao":"A\u00e7\u00e3o Legislativa","programa":"ATUA\u00c7\u00c3O LEGISLATIVA E APOIO ADMINISTRATIVO AS A\u00c7\u00d5ES DA C\u00c2MARA","acao":"Parcelamento de D\u00e9bitos, Exceto parcelamentos celebrados com Entidades","ident_acao":"Projeto","cat_econ":"Despesa de Capital","natureza_despesa":"Investimentos","modalidade_despesa":"Aplica\u00e7\u00f5es Diretas","elemento_despesa":"Equipamentos e Material Permanente","sub_elem_desp":"SEM SUBELEMENTO","fonte_recurso":"Recursos do Exerc\u00edcio Corrente \/ Outros Recursos n\u00e3o Vinculados \/ -"},{"ano_emissao_emp":"2023","n_emp":"0000106","data_emissao":"17\/11\/2023","valor":"300,00","tipo_empenho":"Ordin\u00e1rio","hist_emp":"SOLICITA\u00c7\u00c3O DE DI\u00c1RIA PARA ASSEMBLEIA LEGISLATIVA DO ESTADO DE PE, NA RUA DA UNI\u00c3O, N\u00ba 397, BOA VISTA, CEP 50.050-909","fornecedor":"JOSE CARLOS MOROTO","denom_uni_orc":"C\u00c2MARA MUNICIPAL","funcao":"Legislativa","sub_funcao":"A\u00e7\u00e3o Legislativa","programa":"ATUA\u00c7\u00c3O LEGISLATIVA E APOIO ADMINISTRATIVO AS A\u00c7\u00d5ES DA C\u00c2MARA","acao":"Amplia\u00e7\u00e3o e Restaura\u00e7\u00e3o do Pr\u00e9dio da C\u00e2mara","ident_acao":"Atividade","cat_econ":"Despesa Corrente","natureza_despesa":"Outras Despesas Correntes","modalidade_despesa":"Aplica\u00e7\u00f5es Diretas","elemento_despesa":"Di\u00e1rias \u2013 Civil","sub_elem_desp":"SEM SUBELEMENTO","fonte_recurso":"Recursos do Exerc\u00edcio Corrente \/ Outros Recursos n\u00e3o Vinculados \/ -"},{"ano_emissao_emp":"2023","n_emp":"0000106","data_emissao":"17\/11\/2023","valor":"300,00","tipo_empenho":"Ordin\u00e1rio","hist_emp":"SOLICITA\u00c7\u00c3O DE DI\u00c1RIA PARA ASSEMBLEIA LEGISLATIVA DO ESTADO DE PE, NA RUA DA UNI\u00c3O, N\u00ba 397, BOA VISTA, CEP 50.050-909","fornecedor":"JOSE CARLOS MOROTO","denom_uni_orc":"C\u00c2MARA MUNICIPAL","funcao":"Legislativa","sub_funcao":"A\u00e7\u00e3o Legislativa","programa":"ATUA\u00c7\u00c3O LEGISLATIVA E APOIO ADMINISTRATIVO AS A\u00c7\u00d5ES DA C\u00c2MARA","acao":"Manuten\u00e7\u00e3o das Atividades Legislativas","ident_acao":"Atividade","cat_econ":"Despesa Corrente","natureza_despesa":"Outras Despesas Correntes","modalidade_despesa":"Aplica\u00e7\u00f5es Diretas","elemento_despesa":"Di\u00e1rias \u2013 Civil","sub_elem_desp":"SEM SUBELEMENTO","fonte_recurso":"Recursos do Exerc\u00edcio Corrente \/ Outros Recursos n\u00e3o Vinculados \/ -"},{"ano_emissao_emp":"2023","n_emp":"0000106","data_emissao":"17\/11\/2023","valor":"300,00","tipo_empenho":"Ordin\u00e1rio","hist_emp":"SOLICITA\u00c7\u00c3O DE DI\u00c1RIA PARA ASSEMBLEIA LEGISLATIVA DO ESTADO DE PE, NA RUA DA UNI\u00c3O, N\u00ba 397, BOA VISTA, CEP 50.050-909","fornecedor":"JOSE CARLOS MOROTO","denom_uni_orc":"C\u00c2MARA MUNICIPAL","funcao":"Legislativa","sub_funcao":"A\u00e7\u00e3o Legislativa","programa":"ATUA\u00c7\u00c3O LEGISLATIVA E APOIO ADMINISTRATIVO AS A\u00c7\u00d5ES DA C\u00c2MARA","acao":"Parcelamento de D\u00e9bitos Fiscais com os Governos Estadual e Federal","ident_acao":"Atividade","cat_econ":"Despesa Corrente","natureza_despesa":"Outras Despesas Correntes","modalidade_despesa":"Aplica\u00e7\u00f5es Diretas","elemento_despesa":"Di\u00e1rias \u2013 Civil","sub_elem_desp":"SEM SUBELEMENTO","fonte_recurso":"Recursos do Exerc\u00edcio Corrente \/ Outros Recursos n\u00e3o Vinculados \/ -"},{"ano_emissao_emp":"2023","n_emp":"0000107","data_emissao":"17\/11\/2023","valor":"300,00","tipo_empenho":"Ordin\u00e1rio","hist_emp":"SOLICITA\u00c7\u00c3O DE DI\u00c1RIA PARA ASSEMBLEIA LEGISLATIVA DO ESTADO DE PE, NA RUA DA UNI\u00c3O, N\u00ba 397, BOA VISTA, CEP 50.050-909","fornecedor":"JOSE EMERSON MEDEIROS DE LUCENA","denom_uni_orc":"C\u00c2MARA MUNICIPAL","funcao":"Legislativa","sub_funcao":"A\u00e7\u00e3o Legislativa","programa":"ATUA\u00c7\u00c3O LEGISLATIVA E APOIO ADMINISTRATIVO AS A\u00c7\u00d5ES DA C\u00c2MARA","acao":"Amplia\u00e7\u00e3o e Restaura\u00e7\u00e3o do Pr\u00e9dio da C\u00e2mara","ident_acao":"Atividade","cat_econ":"Despesa Corrente","natureza_despesa":"Outras Despesas Correntes","modalidade_despesa":"Aplica\u00e7\u00f5es Diretas","elemento_despesa":"Di\u00e1rias \u2013 Civil","sub_elem_desp":"SEM SUBELEMENTO","fonte_recurso":"Recursos do Exerc\u00edcio Corrente \/ Outros Recursos n\u00e3o Vinculados \/ -"},{"ano_emissao_emp":"2023","n_emp":"0000107","data_emissao":"17\/11\/2023","valor":"300,00","tipo_empenho":"Ordin\u00e1rio","hist_emp":"SOLICITA\u00c7\u00c3O DE DI\u00c1RIA PARA ASSEMBLEIA LEGISLATIVA DO ESTADO DE PE, NA RUA DA UNI\u00c3O, N\u00ba 397, BOA VISTA, CEP 50.050-909","fornecedor":"JOSE EMERSON MEDEIROS DE LUCENA","denom_uni_orc":"C\u00c2MARA MUNICIPAL","funcao":"Legislativa","sub_funcao":"A\u00e7\u00e3o Legislativa","programa":"ATUA\u00c7\u00c3O LEGISLATIVA E APOIO ADMINISTRATIVO AS A\u00c7\u00d5ES DA C\u00c2MARA","acao":"Manuten\u00e7\u00e3o das Atividades Legislativas","ident_acao":"Atividade","cat_econ":"Despesa Corrente","natureza_despesa":"Outras Despesas Correntes","modalidade_despesa":"Aplica\u00e7\u00f5es Diretas","elemento_despesa":"Di\u00e1rias \u2013 Civil","sub_elem_desp":"SEM SUBELEMENTO","fonte_recurso":"Recursos do Exerc\u00edcio Corrente \/ Outros Recursos n\u00e3o Vinculados \/ -"},{"ano_emissao_emp":"2023","n_emp":"0000107","data_emissao":"17\/11\/2023","valor":"300,00","tipo_empenho":"Ordin\u00e1rio","hist_emp":"SOLICITA\u00c7\u00c3O DE DI\u00c1RIA PARA ASSEMBLEIA LEGISLATIVA DO ESTADO DE PE, NA RUA DA UNI\u00c3O, N\u00ba 397, BOA VISTA, CEP 50.050-909","fornecedor":"JOSE EMERSON MEDEIROS DE LUCENA","denom_uni_orc":"C\u00c2MARA MUNICIPAL","funcao":"Legislativa","sub_funcao":"A\u00e7\u00e3o Legislativa","programa":"ATUA\u00c7\u00c3O LEGISLATIVA E APOIO ADMINISTRATIVO AS A\u00c7\u00d5ES DA C\u00c2MARA","acao":"Parcelamento de D\u00e9bitos Fiscais com os Governos Estadual e Federal","ident_acao":"Atividade","cat_econ":"Despesa Corrente","natureza_despesa":"Outras Despesas Correntes","modalidade_despesa":"Aplica\u00e7\u00f5es Diretas","elemento_despesa":"Di\u00e1rias \u2013 Civil","sub_elem_desp":"SEM SUBELEMENTO","fonte_recurso":"Recursos do Exerc\u00edcio Corrente \/ Outros Recursos n\u00e3o Vinculados \/ -"},{"ano_emissao_emp":"2023","n_emp":"0000108","data_emissao":"20\/11\/2023","valor":"300,00","tipo_empenho":"Ordin\u00e1rio","hist_emp":"SOLICITA\u00c7\u00c3O DE DI\u00c1RIA PARA ALEPE, NA RUA DA UNI\u00c3O, N 397, BOA VISTA, RECIFE","fornecedor":"JOSE ANICETO DE LIMA","denom_uni_orc":"C\u00c2MARA MUNICIPAL","funcao":"Legislativa","sub_funcao":"A\u00e7\u00e3o Legislativa","programa":"ATUA\u00c7\u00c3O LEGISLATIVA E APOIO ADMINISTRATIVO AS A\u00c7\u00d5ES DA C\u00c2MARA","acao":"Amplia\u00e7\u00e3o e Restaura\u00e7\u00e3o do Pr\u00e9dio da C\u00e2mara","ident_acao":"Atividade","cat_econ":"Despesa Corrente","natureza_despesa":"Outras Despesas Correntes","modalidade_despesa":"Aplica\u00e7\u00f5es Diretas","elemento_despesa":"Di\u00e1rias \u2013 Civil","sub_elem_desp":"SEM SUBELEMENTO","fonte_recurso":"Recursos do Exerc\u00edcio Corrente \/ Outros Recursos n\u00e3o Vinculados \/ -"},{"ano_emissao_emp":"2023","n_emp":"0000108","data_emissao":"20\/11\/2023","valor":"300,00","tipo_empenho":"Ordin\u00e1rio","hist_emp":"SOLICITA\u00c7\u00c3O DE DI\u00c1RIA PARA ALEPE, NA RUA DA UNI\u00c3O, N 397, BOA VISTA, RECIFE","fornecedor":"JOSE ANICETO DE LIMA","denom_uni_orc":"C\u00c2MARA MUNICIPAL","funcao":"Legislativa","sub_funcao":"A\u00e7\u00e3o Legislativa","programa":"ATUA\u00c7\u00c3O LEGISLATIVA E APOIO ADMINISTRATIVO AS A\u00c7\u00d5ES DA C\u00c2MARA","acao":"Manuten\u00e7\u00e3o das Atividades Legislativas","ident_acao":"Atividade","cat_econ":"Despesa Corrente","natureza_despesa":"Outras Despesas Correntes","modalidade_despesa":"Aplica\u00e7\u00f5es Diretas","elemento_despesa":"Di\u00e1rias \u2013 Civil","sub_elem_desp":"SEM SUBELEMENTO","fonte_recurso":"Recursos do Exerc\u00edcio Corrente \/ Outros Recursos n\u00e3o Vinculados \/ -"},{"ano_emissao_emp":"2023","n_emp":"0000108","data_emissao":"20\/11\/2023","valor":"300,00","tipo_empenho":"Ordin\u00e1rio","hist_emp":"SOLICITA\u00c7\u00c3O DE DI\u00c1RIA PARA ALEPE, NA RUA DA UNI\u00c3O, N 397, BOA VISTA, RECIFE","fornecedor":"JOSE ANICETO DE LIMA","denom_uni_orc":"C\u00c2MARA MUNICIPAL","funcao":"Legislativa","sub_funcao":"A\u00e7\u00e3o Legislativa","programa":"ATUA\u00c7\u00c3O LEGISLATIVA E APOIO ADMINISTRATIVO AS A\u00c7\u00d5ES DA C\u00c2MARA","acao":"Parcelamento de D\u00e9bitos Fiscais com os Governos Estadual e Federal","ident_acao":"Atividade","cat_econ":"Despesa Corrente","natureza_despesa":"Outras Despesas Correntes","modalidade_despesa":"Aplica\u00e7\u00f5es Diretas","elemento_despesa":"Di\u00e1rias \u2013 Civil","sub_elem_desp":"SEM SUBELEMENTO","fonte_recurso":"Recursos do Exerc\u00edcio Corrente \/ Outros Recursos n\u00e3o Vinculados \/ -"},{"ano_emissao_emp":"2023","n_emp":"0000109","data_emissao":"20\/11\/2023","valor":"454,25","tipo_empenho":"Ordin\u00e1rio","hist_emp":"EMPENHO REFERE-SE A COMPRA DE MATERIAL DE LIMPEZA E HIGI\u00caNE PESSOAL PARA ESSA CASA LEGISLATIVA.","fornecedor":"ANDREZZA ARAUJO OLIVEIRA DE MEDEIROS","denom_uni_orc":"C\u00c2MARA MUNICIPAL","funcao":"Legislativa","sub_funcao":"A\u00e7\u00e3o Legislativa","programa":"ATUA\u00c7\u00c3O LEGISLATIVA E APOIO ADMINISTRATIVO AS A\u00c7\u00d5ES DA C\u00c2MARA","acao":"Reequipamento da C\u00e2mara Municipal","ident_acao":"Atividade","cat_econ":"Despesa Corrente","natureza_despesa":"Outras Despesas Correntes","modalidade_despesa":"Aplica\u00e7\u00f5es Diretas","elemento_despesa":"Material de Consumo","sub_elem_desp":"SEM SUBELEMENTO","fonte_recurso":"Recursos do Exerc\u00edcio Corrente \/ Outros Recursos n\u00e3o Vinculados \/ -"},{"ano_emissao_emp":"2023","n_emp":"0000109","data_emissao":"20\/11\/2023","valor":"454,25","tipo_empenho":"Ordin\u00e1rio","hist_emp":"EMPENHO REFERE-SE A COMPRA DE MATERIAL DE LIMPEZA E HIGI\u00caNE PESSOAL PARA ESSA CASA LEGISLATIVA.","fornecedor":"ANDREZZA ARAUJO OLIVEIRA DE MEDEIROS","denom_uni_orc":"C\u00c2MARA MUNICIPAL","funcao":"Legislativa","sub_funcao":"A\u00e7\u00e3o Legislativa","programa":"ATUA\u00c7\u00c3O LEGISLATIVA E APOIO ADMINISTRATIVO AS A\u00c7\u00d5ES DA C\u00c2MARA","acao":"Manuten\u00e7\u00e3o das Atividades Administrativas","ident_acao":"Atividade","cat_econ":"Despesa Corrente","natureza_despesa":"Outras Despesas Correntes","modalidade_despesa":"Aplica\u00e7\u00f5es Diretas","elemento_despesa":"Material de Consumo","sub_elem_desp":"SEM SUBELEMENTO","fonte_recurso":"Recursos do Exerc\u00edcio Corrente \/ Outros Recursos n\u00e3o Vinculados \/ -"},{"ano_emissao_emp":"2023","n_emp":"0000109","data_emissao":"20\/11\/2023","valor":"454,25","tipo_empenho":"Ordin\u00e1rio","hist_emp":"EMPENHO REFERE-SE A COMPRA DE MATERIAL DE LIMPEZA E HIGI\u00caNE PESSOAL PARA ESSA CASA LEGISLATIVA.","fornecedor":"ANDREZZA ARAUJO OLIVEIRA DE MEDEIROS","denom_uni_orc":"C\u00c2MARA MUNICIPAL","funcao":"Legislativa","sub_funcao":"A\u00e7\u00e3o Legislativa","programa":"ATUA\u00c7\u00c3O LEGISLATIVA E APOIO ADMINISTRATIVO AS A\u00c7\u00d5ES DA C\u00c2MARA","acao":"Parcelamento de D\u00e9bitos, Exceto parcelamentos celebrados com Entidades","ident_acao":"Atividade","cat_econ":"Despesa Corrente","natureza_despesa":"Outras Despesas Correntes","modalidade_despesa":"Aplica\u00e7\u00f5es Diretas","elemento_despesa":"Material de Consumo","sub_elem_desp":"SEM SUBELEMENTO","fonte_recurso":"Recursos do Exerc\u00edcio Corrente \/ Outros Recursos n\u00e3o Vinculados \/ -"},{"ano_emissao_emp":"2023","n_emp":"0000110","data_emissao":"20\/11\/2023","valor":"70,00","tipo_empenho":"Ordin\u00e1rio","hist_emp":"COMPRA DE 2 MANGUEIRAS MAX 7K RL 50M PARA ESSA CASA LEGISLATIVA.","fornecedor":"EVERALDO DE C.MARTINS ME","denom_uni_orc":"C\u00c2MARA MUNICIPAL","funcao":"Legislativa","sub_funcao":"A\u00e7\u00e3o Legislativa","programa":"ATUA\u00c7\u00c3O LEGISLATIVA E APOIO ADMINISTRATIVO AS A\u00c7\u00d5ES DA C\u00c2MARA","acao":"Reequipamento da C\u00e2mara Municipal","ident_acao":"Atividade","cat_econ":"Despesa Corrente","natureza_despesa":"Outras Despesas Correntes","modalidade_despesa":"Aplica\u00e7\u00f5es Diretas","elemento_despesa":"Material de Consumo","sub_elem_desp":"SEM SUBELEMENTO","fonte_recurso":"Recursos do Exerc\u00edcio Corrente \/ Outros Recursos n\u00e3o Vinculados \/ -"},{"ano_emissao_emp":"2023","n_emp":"0000110","data_emissao":"20\/11\/2023","valor":"70,00","tipo_empenho":"Ordin\u00e1rio","hist_emp":"COMPRA DE 2 MANGUEIRAS MAX 7K RL 50M PARA ESSA CASA LEGISLATIVA.","fornecedor":"EVERALDO DE C.MARTINS ME","denom_uni_orc":"C\u00c2MARA MUNICIPAL","funcao":"Legislativa","sub_funcao":"A\u00e7\u00e3o Legislativa","programa":"ATUA\u00c7\u00c3O LEGISLATIVA E APOIO ADMINISTRATIVO AS A\u00c7\u00d5ES DA C\u00c2MARA","acao":"Manuten\u00e7\u00e3o das Atividades Administrativas","ident_acao":"Atividade","cat_econ":"Despesa Corrente","natureza_despesa":"Outras Despesas Correntes","modalidade_despesa":"Aplica\u00e7\u00f5es Diretas","elemento_despesa":"Material de Consumo","sub_elem_desp":"SEM SUBELEMENTO","fonte_recurso":"Recursos do Exerc\u00edcio Corrente \/ Outros Recursos n\u00e3o Vinculados \/ -"},{"ano_emissao_emp":"2023","n_emp":"0000110","data_emissao":"20\/11\/2023","valor":"70,00","tipo_empenho":"Ordin\u00e1rio","hist_emp":"COMPRA DE 2 MANGUEIRAS MAX 7K RL 50M PARA ESSA CASA LEGISLATIVA.","fornecedor":"EVERALDO DE C.MARTINS ME","denom_uni_orc":"C\u00c2MARA MUNICIPAL","funcao":"Legislativa","sub_funcao":"A\u00e7\u00e3o Legislativa","programa":"ATUA\u00c7\u00c3O LEGISLATIVA E APOIO ADMINISTRATIVO AS A\u00c7\u00d5ES DA C\u00c2MARA","acao":"Parcelamento de D\u00e9bitos, Exceto parcelamentos celebrados com Entidades","ident_acao":"Atividade","cat_econ":"Despesa Corrente","natureza_despesa":"Outras Despesas Correntes","modalidade_despesa":"Aplica\u00e7\u00f5es Diretas","elemento_despesa":"Material de Consumo","sub_elem_desp":"SEM SUBELEMENTO","fonte_recurso":"Recursos do Exerc\u00edcio Corrente \/ Outros Recursos n\u00e3o Vinculados \/ -"},{"ano_emissao_emp":"2023","n_emp":"0000111","data_emissao":"20\/11\/2023","valor":"715,00","tipo_empenho":"Ordin\u00e1rio","hist_emp":"EMPENHO REFERE-SE A PRESTA\u00c7\u00c3O DE SERVI\u00c7OS PARA MANUTEN\u00c7\u00c3O E CONSERVA\u00c7\u00c3O DO PR\u00c9DIO DESSA CASA LEGISLATIVA.","fornecedor":"MARCELO LEIT\u00c3O ALVES","denom_uni_orc":"C\u00c2MARA MUNICIPAL","funcao":"Legislativa","sub_funcao":"A\u00e7\u00e3o Legislativa","programa":"ATUA\u00c7\u00c3O LEGISLATIVA E APOIO ADMINISTRATIVO AS A\u00c7\u00d5ES DA C\u00c2MARA","acao":"Amplia\u00e7\u00e3o e Restaura\u00e7\u00e3o do Pr\u00e9dio da C\u00e2mara","ident_acao":"Projeto","cat_econ":"Despesa de Capital","natureza_despesa":"Investimentos","modalidade_despesa":"Aplica\u00e7\u00f5es Diretas","elemento_despesa":"Obras e Instala\u00e7\u00f5es","sub_elem_desp":"SEM SUBELEMENTO","fonte_recurso":"Recursos do Exerc\u00edcio Corrente \/ Outros Recursos n\u00e3o Vinculados \/ -"},{"ano_emissao_emp":"2023","n_emp":"0000111","data_emissao":"20\/11\/2023","valor":"715,00","tipo_empenho":"Ordin\u00e1rio","hist_emp":"EMPENHO REFERE-SE A PRESTA\u00c7\u00c3O DE SERVI\u00c7OS PARA MANUTEN\u00c7\u00c3O E CONSERVA\u00c7\u00c3O DO PR\u00c9DIO DESSA CASA LEGISLATIVA.","fornecedor":"MARCELO LEIT\u00c3O ALVES","denom_uni_orc":"C\u00c2MARA MUNICIPAL","funcao":"Legislativa","sub_funcao":"A\u00e7\u00e3o Legislativa","programa":"ATUA\u00c7\u00c3O LEGISLATIVA E APOIO ADMINISTRATIVO AS A\u00c7\u00d5ES DA C\u00c2MARA","acao":"Manuten\u00e7\u00e3o das Atividades Legislativas","ident_acao":"Projeto","cat_econ":"Despesa de Capital","natureza_despesa":"Investimentos","modalidade_despesa":"Aplica\u00e7\u00f5es Diretas","elemento_despesa":"Obras e Instala\u00e7\u00f5es","sub_elem_desp":"SEM SUBELEMENTO","fonte_recurso":"Recursos do Exerc\u00edcio Corrente \/ Outros Recursos n\u00e3o Vinculados \/ -"},{"ano_emissao_emp":"2023","n_emp":"0000111","data_emissao":"20\/11\/2023","valor":"715,00","tipo_empenho":"Ordin\u00e1rio","hist_emp":"EMPENHO REFERE-SE A PRESTA\u00c7\u00c3O DE SERVI\u00c7OS PARA MANUTEN\u00c7\u00c3O E CONSERVA\u00c7\u00c3O DO PR\u00c9DIO DESSA CASA LEGISLATIVA.","fornecedor":"MARCELO LEIT\u00c3O ALVES","denom_uni_orc":"C\u00c2MARA MUNICIPAL","funcao":"Legislativa","sub_funcao":"A\u00e7\u00e3o Legislativa","programa":"ATUA\u00c7\u00c3O LEGISLATIVA E APOIO ADMINISTRATIVO AS A\u00c7\u00d5ES DA C\u00c2MARA","acao":"Parcelamento de D\u00e9bitos Fiscais com os Governos Estadual e Federal","ident_acao":"Projeto","cat_econ":"Despesa de Capital","natureza_despesa":"Investimentos","modalidade_despesa":"Aplica\u00e7\u00f5es Diretas","elemento_despesa":"Obras e Instala\u00e7\u00f5es","sub_elem_desp":"SEM SUBELEMENTO","fonte_recurso":"Recursos do Exerc\u00edcio Corrente \/ Outros Recursos n\u00e3o Vinculados \/ -"},{"ano_emissao_emp":"2023","n_emp":"0000112","data_emissao":"30\/11\/2023","valor":"1.200,00","tipo_empenho":"Estimativo","hist_emp":"EMPENHO REFERE-SE AS DESPESAS COM TARIFAS BANC\u00c1RIAS COBRADAS PELO BANCO DO BRASIL PARA O ANO DE 2023.","fornecedor":"BANCO DO BRASIL SA.","denom_uni_orc":"C\u00c2MARA MUNICIPAL","funcao":"Legislativa","sub_funcao":"A\u00e7\u00e3o Legislativa","programa":"ATUA\u00c7\u00c3O LEGISLATIVA E APOIO ADMINISTRATIVO AS A\u00c7\u00d5ES DA C\u00c2MARA","acao":"Reequipamento da C\u00e2mara Municipal","ident_acao":"Atividade","cat_econ":"Despesa Corrente","natureza_despesa":"Outras Despesas Correntes","modalidade_despesa":"Aplica\u00e7\u00f5es Diretas","elemento_despesa":"Outros Servi\u00e7os de Terceiros - Pessoa Jur\u00eddica","sub_elem_desp":"SEM SUBELEMENTO","fonte_recurso":"Recursos do Exerc\u00edcio Corrente \/ Outros Recursos n\u00e3o Vinculados \/ -"},{"ano_emissao_emp":"2023","n_emp":"0000112","data_emissao":"30\/11\/2023","valor":"1.200,00","tipo_empenho":"Estimativo","hist_emp":"EMPENHO REFERE-SE AS DESPESAS COM TARIFAS BANC\u00c1RIAS COBRADAS PELO BANCO DO BRASIL PARA O ANO DE 2023.","fornecedor":"BANCO DO BRASIL SA.","denom_uni_orc":"C\u00c2MARA MUNICIPAL","funcao":"Legislativa","sub_funcao":"A\u00e7\u00e3o Legislativa","programa":"ATUA\u00c7\u00c3O LEGISLATIVA E APOIO ADMINISTRATIVO AS A\u00c7\u00d5ES DA C\u00c2MARA","acao":"Manuten\u00e7\u00e3o das Atividades Administrativas","ident_acao":"Atividade","cat_econ":"Despesa Corrente","natureza_despesa":"Outras Despesas Correntes","modalidade_despesa":"Aplica\u00e7\u00f5es Diretas","elemento_despesa":"Outros Servi\u00e7os de Terceiros - Pessoa Jur\u00eddica","sub_elem_desp":"SEM SUBELEMENTO","fonte_recurso":"Recursos do Exerc\u00edcio Corrente \/ Outros Recursos n\u00e3o Vinculados \/ -"},{"ano_emissao_emp":"2023","n_emp":"0000112","data_emissao":"30\/11\/2023","valor":"1.200,00","tipo_empenho":"Estimativo","hist_emp":"EMPENHO REFERE-SE AS DESPESAS COM TARIFAS BANC\u00c1RIAS COBRADAS PELO BANCO DO BRASIL PARA O ANO DE 2023.","fornecedor":"BANCO DO BRASIL SA.","denom_uni_orc":"C\u00c2MARA MUNICIPAL","funcao":"Legislativa","sub_funcao":"A\u00e7\u00e3o Legislativa","programa":"ATUA\u00c7\u00c3O LEGISLATIVA E APOIO ADMINISTRATIVO AS A\u00c7\u00d5ES DA C\u00c2MARA","acao":"Parcelamento de D\u00e9bitos, Exceto parcelamentos celebrados com Entidades","ident_acao":"Atividade","cat_econ":"Despesa Corrente","natureza_despesa":"Outras Despesas Correntes","modalidade_despesa":"Aplica\u00e7\u00f5es Diretas","elemento_despesa":"Outros Servi\u00e7os de Terceiros - Pessoa Jur\u00eddica","sub_elem_desp":"SEM SUBELEMENTO","fonte_recurso":"Recursos do Exerc\u00edcio Corrente \/ Outros Recursos n\u00e3o Vinculados \/ -"},{"ano_emissao_emp":"2023","n_emp":"0000113","data_emissao":"30\/11\/2023","valor":"37.958,34","tipo_empenho":"Ordin\u00e1rio","hist_emp":"Referente a folha de pagamento 13 sal\u00e1rio final do m\u00eas de novembro de 2023","fornecedor":"FOLHA DE PAGAMENTO","denom_uni_orc":"C\u00c2MARA MUNICIPAL","funcao":"Legislativa","sub_funcao":"A\u00e7\u00e3o Legislativa","programa":"ATUA\u00c7\u00c3O LEGISLATIVA E APOIO ADMINISTRATIVO AS A\u00c7\u00d5ES DA C\u00c2MARA","acao":"Reequipamento da C\u00e2mara Municipal","ident_acao":"Atividade","cat_econ":"Despesa Corrente","natureza_despesa":"Pessoal e Encargos Sociais","modalidade_despesa":"Aplica\u00e7\u00f5es Diretas","elemento_despesa":"Vencimentos e Vantagens Fixas - Pessoal Civil","sub_elem_desp":"SEM SUBELEMENTO","fonte_recurso":"Recursos do Exerc\u00edcio Corrente \/ Outros Recursos n\u00e3o Vinculados \/ -"},{"ano_emissao_emp":"2023","n_emp":"0000113","data_emissao":"30\/11\/2023","valor":"37.958,34","tipo_empenho":"Ordin\u00e1rio","hist_emp":"Referente a folha de pagamento 13 sal\u00e1rio final do m\u00eas de novembro de 2023","fornecedor":"FOLHA DE PAGAMENTO","denom_uni_orc":"C\u00c2MARA MUNICIPAL","funcao":"Legislativa","sub_funcao":"A\u00e7\u00e3o Legislativa","programa":"ATUA\u00c7\u00c3O LEGISLATIVA E APOIO ADMINISTRATIVO AS A\u00c7\u00d5ES DA C\u00c2MARA","acao":"Manuten\u00e7\u00e3o das Atividades Administrativas","ident_acao":"Atividade","cat_econ":"Despesa Corrente","natureza_despesa":"Pessoal e Encargos Sociais","modalidade_despesa":"Aplica\u00e7\u00f5es Diretas","elemento_despesa":"Vencimentos e Vantagens Fixas - Pessoal Civil","sub_elem_desp":"SEM SUBELEMENTO","fonte_recurso":"Recursos do Exerc\u00edcio Corrente \/ Outros Recursos n\u00e3o Vinculados \/ -"},{"ano_emissao_emp":"2023","n_emp":"0000113","data_emissao":"30\/11\/2023","valor":"37.958,34","tipo_empenho":"Ordin\u00e1rio","hist_emp":"Referente a folha de pagamento 13 sal\u00e1rio final do m\u00eas de novembro de 2023","fornecedor":"FOLHA DE PAGAMENTO","denom_uni_orc":"C\u00c2MARA MUNICIPAL","funcao":"Legislativa","sub_funcao":"A\u00e7\u00e3o Legislativa","programa":"ATUA\u00c7\u00c3O LEGISLATIVA E APOIO ADMINISTRATIVO AS A\u00c7\u00d5ES DA C\u00c2MARA","acao":"Parcelamento de D\u00e9bitos, Exceto parcelamentos celebrados com Entidades","ident_acao":"Atividade","cat_econ":"Despesa Corrente","natureza_despesa":"Pessoal e Encargos Sociais","modalidade_despesa":"Aplica\u00e7\u00f5es Diretas","elemento_despesa":"Vencimentos e Vantagens Fixas - Pessoal Civil","sub_elem_desp":"SEM SUBELEMENTO","fonte_recurso":"Recursos do Exerc\u00edcio Corrente \/ Outros Recursos n\u00e3o Vinculados \/ -"},{"ano_emissao_emp":"2023","n_emp":"0000114","data_emissao":"30\/11\/2023","valor":"2.490,00","tipo_empenho":"Ordin\u00e1rio","hist_emp":"Referente a folha de pagamento 13 sal\u00e1rio final do m\u00eas de novembro de 2023","fornecedor":"FOLHA DE PAGAMENTO","denom_uni_orc":"C\u00c2MARA MUNICIPAL","funcao":"Legislativa","sub_funcao":"A\u00e7\u00e3o Legislativa","programa":"ATUA\u00c7\u00c3O LEGISLATIVA E APOIO ADMINISTRATIVO AS A\u00c7\u00d5ES DA C\u00c2MARA","acao":"Apoio ao Conselho Municipal de Sa\u00fade Atrav\u00e9s de Despesas de Investimen","ident_acao":"Atividade","cat_econ":"Despesa Corrente","natureza_despesa":"Pessoal e Encargos Sociais","modalidade_despesa":"Aplica\u00e7\u00f5es Diretas","elemento_despesa":"Vencimentos e Vantagens Fixas - Pessoal Civil","sub_elem_desp":"SEM SUBELEMENTO","fonte_recurso":"Recursos do Exerc\u00edcio Corrente \/ Outros Recursos n\u00e3o Vinculados \/ -"},{"ano_emissao_emp":"2023","n_emp":"0000114","data_emissao":"30\/11\/2023","valor":"2.490,00","tipo_empenho":"Ordin\u00e1rio","hist_emp":"Referente a folha de pagamento 13 sal\u00e1rio final do m\u00eas de novembro de 2023","fornecedor":"FOLHA DE PAGAMENTO","denom_uni_orc":"C\u00c2MARA MUNICIPAL","funcao":"Legislativa","sub_funcao":"A\u00e7\u00e3o Legislativa","programa":"ATUA\u00c7\u00c3O LEGISLATIVA E APOIO ADMINISTRATIVO AS A\u00c7\u00d5ES DA C\u00c2MARA","acao":"Gest\u00e3o do Controle Interno","ident_acao":"Atividade","cat_econ":"Despesa Corrente","natureza_despesa":"Pessoal e Encargos Sociais","modalidade_despesa":"Aplica\u00e7\u00f5es Diretas","elemento_despesa":"Vencimentos e Vantagens Fixas - Pessoal Civil","sub_elem_desp":"SEM SUBELEMENTO","fonte_recurso":"Recursos do Exerc\u00edcio Corrente \/ Outros Recursos n\u00e3o Vinculados \/ -"},{"ano_emissao_emp":"2023","n_emp":"0000114","data_emissao":"30\/11\/2023","valor":"2.490,00","tipo_empenho":"Ordin\u00e1rio","hist_emp":"Referente a folha de pagamento 13 sal\u00e1rio final do m\u00eas de novembro de 2023","fornecedor":"FOLHA DE PAGAMENTO","denom_uni_orc":"C\u00c2MARA MUNICIPAL","funcao":"Legislativa","sub_funcao":"A\u00e7\u00e3o Legislativa","programa":"ATUA\u00c7\u00c3O LEGISLATIVA E APOIO ADMINISTRATIVO AS A\u00c7\u00d5ES DA C\u00c2MARA","acao":"Indeniza\u00e7\u00f5es e Restitui\u00e7\u00f5es Diversas","ident_acao":"Atividade","cat_econ":"Despesa Corrente","natureza_despesa":"Pessoal e Encargos Sociais","modalidade_despesa":"Aplica\u00e7\u00f5es Diretas","elemento_despesa":"Vencimentos e Vantagens Fixas - Pessoal Civil","sub_elem_desp":"SEM SUBELEMENTO","fonte_recurso":"Recursos do Exerc\u00edcio Corrente \/ Outros Recursos n\u00e3o Vinculados \/ -"},{"ano_emissao_emp":"2023","n_emp":"0000115","data_emissao":"04\/12\/2023","valor":"19.999,60","tipo_empenho":"Ordin\u00e1rio","hist_emp":"EMPENHO REFERE-SEA COMPRA DE 10 (DEZ) CADEIRAS PRESIDENTE BLM3035 REVESTIMENTO PRETO, 4 (QUATRO) ESTANTES DESM 400MM 26-20 C-RF-EP-6BR CC E 8 (OITO) CADEIRAS PR\u00d3 FIXA 4 P\u00c9S C\/ARCO 5\/16 ESP INJ 30MM COR PRETA","fornecedor":"CLICK STORE MOVEIS E EQUIPAMENTOS LTDA","denom_uni_orc":"C\u00c2MARA MUNICIPAL","funcao":"Legislativa","sub_funcao":"A\u00e7\u00e3o Legislativa","programa":"ATUA\u00c7\u00c3O LEGISLATIVA E APOIO ADMINISTRATIVO AS A\u00c7\u00d5ES DA C\u00c2MARA","acao":"Reequipamento da C\u00e2mara Municipal","ident_acao":"Projeto","cat_econ":"Despesa de Capital","natureza_despesa":"Investimentos","modalidade_despesa":"Aplica\u00e7\u00f5es Diretas","elemento_despesa":"Equipamentos e Material Permanente","sub_elem_desp":"SEM SUBELEMENTO","fonte_recurso":"Recursos do Exerc\u00edcio Corrente \/ Outros Recursos n\u00e3o Vinculados \/ -"},{"ano_emissao_emp":"2023","n_emp":"0000115","data_emissao":"04\/12\/2023","valor":"19.999,60","tipo_empenho":"Ordin\u00e1rio","hist_emp":"EMPENHO REFERE-SEA COMPRA DE 10 (DEZ) CADEIRAS PRESIDENTE BLM3035 REVESTIMENTO PRETO, 4 (QUATRO) ESTANTES DESM 400MM 26-20 C-RF-EP-6BR CC E 8 (OITO) CADEIRAS PR\u00d3 FIXA 4 P\u00c9S C\/ARCO 5\/16 ESP INJ 30MM COR PRETA","fornecedor":"CLICK STORE MOVEIS E EQUIPAMENTOS LTDA","denom_uni_orc":"C\u00c2MARA MUNICIPAL","funcao":"Legislativa","sub_funcao":"A\u00e7\u00e3o Legislativa","programa":"ATUA\u00c7\u00c3O LEGISLATIVA E APOIO ADMINISTRATIVO AS A\u00c7\u00d5ES DA C\u00c2MARA","acao":"Manuten\u00e7\u00e3o das Atividades Administrativas","ident_acao":"Projeto","cat_econ":"Despesa de Capital","natureza_despesa":"Investimentos","modalidade_despesa":"Aplica\u00e7\u00f5es Diretas","elemento_despesa":"Equipamentos e Material Permanente","sub_elem_desp":"SEM SUBELEMENTO","fonte_recurso":"Recursos do Exerc\u00edcio Corrente \/ Outros Recursos n\u00e3o Vinculados \/ -"},{"ano_emissao_emp":"2023","n_emp":"0000115","data_emissao":"04\/12\/2023","valor":"19.999,60","tipo_empenho":"Ordin\u00e1rio","hist_emp":"EMPENHO REFERE-SEA COMPRA DE 10 (DEZ) CADEIRAS PRESIDENTE BLM3035 REVESTIMENTO PRETO, 4 (QUATRO) ESTANTES DESM 400MM 26-20 C-RF-EP-6BR CC E 8 (OITO) CADEIRAS PR\u00d3 FIXA 4 P\u00c9S C\/ARCO 5\/16 ESP INJ 30MM COR PRETA","fornecedor":"CLICK STORE MOVEIS E EQUIPAMENTOS LTDA","denom_uni_orc":"C\u00c2MARA MUNICIPAL","funcao":"Legislativa","sub_funcao":"A\u00e7\u00e3o Legislativa","programa":"ATUA\u00c7\u00c3O LEGISLATIVA E APOIO ADMINISTRATIVO AS A\u00c7\u00d5ES DA C\u00c2MARA","acao":"Parcelamento de D\u00e9bitos, Exceto parcelamentos celebrados com Entidades","ident_acao":"Projeto","cat_econ":"Despesa de Capital","natureza_despesa":"Investimentos","modalidade_despesa":"Aplica\u00e7\u00f5es Diretas","elemento_despesa":"Equipamentos e Material Permanente","sub_elem_desp":"SEM SUBELEMENTO","fonte_recurso":"Recursos do Exerc\u00edcio Corrente \/ Outros Recursos n\u00e3o Vinculados \/ -"},{"ano_emissao_emp":"2023","n_emp":"0000116","data_emissao":"04\/12\/2023","valor":"180,48","tipo_empenho":"Ordin\u00e1rio","hist_emp":"EMPENHO REFERE-SE A COMPRA ITENS ORNAMENTIAS NATALINOS PARA ESSA CASA LEGISLATIVA","fornecedor":"GRAFICA AGRESTE LTDA EPP","denom_uni_orc":"C\u00c2MARA MUNICIPAL","funcao":"Legislativa","sub_funcao":"A\u00e7\u00e3o Legislativa","programa":"ATUA\u00c7\u00c3O LEGISLATIVA E APOIO ADMINISTRATIVO AS A\u00c7\u00d5ES DA C\u00c2MARA","acao":"Reequipamento da C\u00e2mara Municipal","ident_acao":"Atividade","cat_econ":"Despesa Corrente","natureza_despesa":"Outras Despesas Correntes","modalidade_despesa":"Aplica\u00e7\u00f5es Diretas","elemento_despesa":"Material de Consumo","sub_elem_desp":"SEM SUBELEMENTO","fonte_recurso":"Recursos do Exerc\u00edcio Corrente \/ Outros Recursos n\u00e3o Vinculados \/ -"},{"ano_emissao_emp":"2023","n_emp":"0000116","data_emissao":"04\/12\/2023","valor":"180,48","tipo_empenho":"Ordin\u00e1rio","hist_emp":"EMPENHO REFERE-SE A COMPRA ITENS ORNAMENTIAS NATALINOS PARA ESSA CASA LEGISLATIVA","fornecedor":"GRAFICA AGRESTE LTDA EPP","denom_uni_orc":"C\u00c2MARA MUNICIPAL","funcao":"Legislativa","sub_funcao":"A\u00e7\u00e3o Legislativa","programa":"ATUA\u00c7\u00c3O LEGISLATIVA E APOIO ADMINISTRATIVO AS A\u00c7\u00d5ES DA C\u00c2MARA","acao":"Manuten\u00e7\u00e3o das Atividades Administrativas","ident_acao":"Atividade","cat_econ":"Despesa Corrente","natureza_despesa":"Outras Despesas Correntes","modalidade_despesa":"Aplica\u00e7\u00f5es Diretas","elemento_despesa":"Material de Consumo","sub_elem_desp":"SEM SUBELEMENTO","fonte_recurso":"Recursos do Exerc\u00edcio Corrente \/ Outros Recursos n\u00e3o Vinculados \/ -"},{"ano_emissao_emp":"2023","n_emp":"0000116","data_emissao":"04\/12\/2023","valor":"180,48","tipo_empenho":"Ordin\u00e1rio","hist_emp":"EMPENHO REFERE-SE A COMPRA ITENS ORNAMENTIAS NATALINOS PARA ESSA CASA LEGISLATIVA","fornecedor":"GRAFICA AGRESTE LTDA EPP","denom_uni_orc":"C\u00c2MARA MUNICIPAL","funcao":"Legislativa","sub_funcao":"A\u00e7\u00e3o Legislativa","programa":"ATUA\u00c7\u00c3O LEGISLATIVA E APOIO ADMINISTRATIVO AS A\u00c7\u00d5ES DA C\u00c2MARA","acao":"Parcelamento de D\u00e9bitos, Exceto parcelamentos celebrados com Entidades","ident_acao":"Atividade","cat_econ":"Despesa Corrente","natureza_despesa":"Outras Despesas Correntes","modalidade_despesa":"Aplica\u00e7\u00f5es Diretas","elemento_despesa":"Material de Consumo","sub_elem_desp":"SEM SUBELEMENTO","fonte_recurso":"Recursos do Exerc\u00edcio Corrente \/ Outros Recursos n\u00e3o Vinculados \/ -"},{"ano_emissao_emp":"2023","n_emp":"0000117","data_emissao":"04\/12\/2023","valor":"1.271,32","tipo_empenho":"Ordin\u00e1rio","hist_emp":"EMPENHO REFERE-SE A COMPRA DE MATERIAL DE EXPEDIENTE PARA ESSA CASA LEGISLATIVA","fornecedor":"GRAFICA AGRESTE LTDA EPP","denom_uni_orc":"C\u00c2MARA MUNICIPAL","funcao":"Legislativa","sub_funcao":"A\u00e7\u00e3o Legislativa","programa":"ATUA\u00c7\u00c3O LEGISLATIVA E APOIO ADMINISTRATIVO AS A\u00c7\u00d5ES DA C\u00c2MARA","acao":"Reequipamento da C\u00e2mara Municipal","ident_acao":"Atividade","cat_econ":"Despesa Corrente","natureza_despesa":"Outras Despesas Correntes","modalidade_despesa":"Aplica\u00e7\u00f5es Diretas","elemento_despesa":"Material de Consumo","sub_elem_desp":"SEM SUBELEMENTO","fonte_recurso":"Recursos do Exerc\u00edcio Corrente \/ Outros Recursos n\u00e3o Vinculados \/ -"},{"ano_emissao_emp":"2023","n_emp":"0000117","data_emissao":"04\/12\/2023","valor":"1.271,32","tipo_empenho":"Ordin\u00e1rio","hist_emp":"EMPENHO REFERE-SE A COMPRA DE MATERIAL DE EXPEDIENTE PARA ESSA CASA LEGISLATIVA","fornecedor":"GRAFICA AGRESTE LTDA EPP","denom_uni_orc":"C\u00c2MARA MUNICIPAL","funcao":"Legislativa","sub_funcao":"A\u00e7\u00e3o Legislativa","programa":"ATUA\u00c7\u00c3O LEGISLATIVA E APOIO ADMINISTRATIVO AS A\u00c7\u00d5ES DA C\u00c2MARA","acao":"Manuten\u00e7\u00e3o das Atividades Administrativas","ident_acao":"Atividade","cat_econ":"Despesa Corrente","natureza_despesa":"Outras Despesas Correntes","modalidade_despesa":"Aplica\u00e7\u00f5es Diretas","elemento_despesa":"Material de Consumo","sub_elem_desp":"SEM SUBELEMENTO","fonte_recurso":"Recursos do Exerc\u00edcio Corrente \/ Outros Recursos n\u00e3o Vinculados \/ -"},{"ano_emissao_emp":"2023","n_emp":"0000117","data_emissao":"04\/12\/2023","valor":"1.271,32","tipo_empenho":"Ordin\u00e1rio","hist_emp":"EMPENHO REFERE-SE A COMPRA DE MATERIAL DE EXPEDIENTE PARA ESSA CASA LEGISLATIVA","fornecedor":"GRAFICA AGRESTE LTDA EPP","denom_uni_orc":"C\u00c2MARA MUNICIPAL","funcao":"Legislativa","sub_funcao":"A\u00e7\u00e3o Legislativa","programa":"ATUA\u00c7\u00c3O LEGISLATIVA E APOIO ADMINISTRATIVO AS A\u00c7\u00d5ES DA C\u00c2MARA","acao":"Parcelamento de D\u00e9bitos, Exceto parcelamentos celebrados com Entidades","ident_acao":"Atividade","cat_econ":"Despesa Corrente","natureza_despesa":"Outras Despesas Correntes","modalidade_despesa":"Aplica\u00e7\u00f5es Diretas","elemento_despesa":"Material de Consumo","sub_elem_desp":"SEM SUBELEMENTO","fonte_recurso":"Recursos do Exerc\u00edcio Corrente \/ Outros Recursos n\u00e3o Vinculados \/ -"},{"ano_emissao_emp":"2023","n_emp":"0000118","data_emissao":"04\/12\/2023","valor":"240,00","tipo_empenho":"Ordin\u00e1rio","hist_emp":"EMPENHO REFERE-SE A COMPRA DE UMA LONA COM OLHOS IMPR. DIGITAL PARA ESSA CASA LEGISLATIVA","fornecedor":"GRAFICA AGRESTE LTDA EPP","denom_uni_orc":"C\u00c2MARA MUNICIPAL","funcao":"Legislativa","sub_funcao":"A\u00e7\u00e3o Legislativa","programa":"ATUA\u00c7\u00c3O LEGISLATIVA E APOIO ADMINISTRATIVO AS A\u00c7\u00d5ES DA C\u00c2MARA","acao":"Reequipamento da C\u00e2mara Municipal","ident_acao":"Atividade","cat_econ":"Despesa Corrente","natureza_despesa":"Outras Despesas Correntes","modalidade_despesa":"Aplica\u00e7\u00f5es Diretas","elemento_despesa":"Material de Consumo","sub_elem_desp":"SEM SUBELEMENTO","fonte_recurso":"Recursos do Exerc\u00edcio Corrente \/ Outros Recursos n\u00e3o Vinculados \/ -"},{"ano_emissao_emp":"2023","n_emp":"0000118","data_emissao":"04\/12\/2023","valor":"240,00","tipo_empenho":"Ordin\u00e1rio","hist_emp":"EMPENHO REFERE-SE A COMPRA DE UMA LONA COM OLHOS IMPR. DIGITAL PARA ESSA CASA LEGISLATIVA","fornecedor":"GRAFICA AGRESTE LTDA EPP","denom_uni_orc":"C\u00c2MARA MUNICIPAL","funcao":"Legislativa","sub_funcao":"A\u00e7\u00e3o Legislativa","programa":"ATUA\u00c7\u00c3O LEGISLATIVA E APOIO ADMINISTRATIVO AS A\u00c7\u00d5ES DA C\u00c2MARA","acao":"Manuten\u00e7\u00e3o das Atividades Administrativas","ident_acao":"Atividade","cat_econ":"Despesa Corrente","natureza_despesa":"Outras Despesas Correntes","modalidade_despesa":"Aplica\u00e7\u00f5es Diretas","elemento_despesa":"Material de Consumo","sub_elem_desp":"SEM SUBELEMENTO","fonte_recurso":"Recursos do Exerc\u00edcio Corrente \/ Outros Recursos n\u00e3o Vinculados \/ -"},{"ano_emissao_emp":"2023","n_emp":"0000118","data_emissao":"04\/12\/2023","valor":"240,00","tipo_empenho":"Ordin\u00e1rio","hist_emp":"EMPENHO REFERE-SE A COMPRA DE UMA LONA COM OLHOS IMPR. DIGITAL PARA ESSA CASA LEGISLATIVA","fornecedor":"GRAFICA AGRESTE LTDA EPP","denom_uni_orc":"C\u00c2MARA MUNICIPAL","funcao":"Legislativa","sub_funcao":"A\u00e7\u00e3o Legislativa","programa":"ATUA\u00c7\u00c3O LEGISLATIVA E APOIO ADMINISTRATIVO AS A\u00c7\u00d5ES DA C\u00c2MARA","acao":"Parcelamento de D\u00e9bitos, Exceto parcelamentos celebrados com Entidades","ident_acao":"Atividade","cat_econ":"Despesa Corrente","natureza_despesa":"Outras Despesas Correntes","modalidade_despesa":"Aplica\u00e7\u00f5es Diretas","elemento_despesa":"Material de Consumo","sub_elem_desp":"SEM SUBELEMENTO","fonte_recurso":"Recursos do Exerc\u00edcio Corrente \/ Outros Recursos n\u00e3o Vinculados \/ -"},{"ano_emissao_emp":"2023","n_emp":"0000119","data_emissao":"04\/12\/2023","valor":"200,00","tipo_empenho":"Ordin\u00e1rio","hist_emp":"EMPENHO REFERE-SE A MANUTEN\u00c7\u00c3O CORRETIVA EM UMA IMPRESSORA EPSON.","fornecedor":"IVAN M GOMES BARBOSA ME","denom_uni_orc":"C\u00c2MARA MUNICIPAL","funcao":"Legislativa","sub_funcao":"A\u00e7\u00e3o Legislativa","programa":"ATUA\u00c7\u00c3O LEGISLATIVA E APOIO ADMINISTRATIVO AS A\u00c7\u00d5ES DA C\u00c2MARA","acao":"Reequipamento da C\u00e2mara Municipal","ident_acao":"Atividade","cat_econ":"Despesa Corrente","natureza_despesa":"Outras Despesas Correntes","modalidade_despesa":"Aplica\u00e7\u00f5es Diretas","elemento_despesa":"Outros Servi\u00e7os de Terceiros - Pessoa Jur\u00eddica","sub_elem_desp":"SEM SUBELEMENTO","fonte_recurso":"Recursos do Exerc\u00edcio Corrente \/ Outros Recursos n\u00e3o Vinculados \/ -"},{"ano_emissao_emp":"2023","n_emp":"0000119","data_emissao":"04\/12\/2023","valor":"200,00","tipo_empenho":"Ordin\u00e1rio","hist_emp":"EMPENHO REFERE-SE A MANUTEN\u00c7\u00c3O CORRETIVA EM UMA IMPRESSORA EPSON.","fornecedor":"IVAN M GOMES BARBOSA ME","denom_uni_orc":"C\u00c2MARA MUNICIPAL","funcao":"Legislativa","sub_funcao":"A\u00e7\u00e3o Legislativa","programa":"ATUA\u00c7\u00c3O LEGISLATIVA E APOIO ADMINISTRATIVO AS A\u00c7\u00d5ES DA C\u00c2MARA","acao":"Manuten\u00e7\u00e3o das Atividades Administrativas","ident_acao":"Atividade","cat_econ":"Despesa Corrente","natureza_despesa":"Outras Despesas Correntes","modalidade_despesa":"Aplica\u00e7\u00f5es Diretas","elemento_despesa":"Outros Servi\u00e7os de Terceiros - Pessoa Jur\u00eddica","sub_elem_desp":"SEM SUBELEMENTO","fonte_recurso":"Recursos do Exerc\u00edcio Corrente \/ Outros Recursos n\u00e3o Vinculados \/ -"},{"ano_emissao_emp":"2023","n_emp":"0000119","data_emissao":"04\/12\/2023","valor":"200,00","tipo_empenho":"Ordin\u00e1rio","hist_emp":"EMPENHO REFERE-SE A MANUTEN\u00c7\u00c3O CORRETIVA EM UMA IMPRESSORA EPSON.","fornecedor":"IVAN M GOMES BARBOSA ME","denom_uni_orc":"C\u00c2MARA MUNICIPAL","funcao":"Legislativa","sub_funcao":"A\u00e7\u00e3o Legislativa","programa":"ATUA\u00c7\u00c3O LEGISLATIVA E APOIO ADMINISTRATIVO AS A\u00c7\u00d5ES DA C\u00c2MARA","acao":"Parcelamento de D\u00e9bitos, Exceto parcelamentos celebrados com Entidades","ident_acao":"Atividade","cat_econ":"Despesa Corrente","natureza_despesa":"Outras Despesas Correntes","modalidade_despesa":"Aplica\u00e7\u00f5es Diretas","elemento_despesa":"Outros Servi\u00e7os de Terceiros - Pessoa Jur\u00eddica","sub_elem_desp":"SEM SUBELEMENTO","fonte_recurso":"Recursos do Exerc\u00edcio Corrente \/ Outros Recursos n\u00e3o Vinculados \/ -"},{"ano_emissao_emp":"2023","n_emp":"0000120","data_emissao":"04\/12\/2023","valor":"953,00","tipo_empenho":"Ordin\u00e1rio","hist_emp":"EMPENHO REFERE-SE A SERVI\u00c7OS DE MANUTEN\u00c7\u00c3O E CONSERVA\u00c7\u00c3O DO PR\u00c9DIO DESSA CASA LEGISLATIVA","fornecedor":"MARCELO LEIT\u00c3O ALVES","denom_uni_orc":"C\u00c2MARA MUNICIPAL","funcao":"Legislativa","sub_funcao":"A\u00e7\u00e3o Legislativa","programa":"ATUA\u00c7\u00c3O LEGISLATIVA E APOIO ADMINISTRATIVO AS A\u00c7\u00d5ES DA C\u00c2MARA","acao":"Amplia\u00e7\u00e3o e Restaura\u00e7\u00e3o do Pr\u00e9dio da C\u00e2mara","ident_acao":"Projeto","cat_econ":"Despesa de Capital","natureza_despesa":"Investimentos","modalidade_despesa":"Aplica\u00e7\u00f5es Diretas","elemento_despesa":"Obras e Instala\u00e7\u00f5es","sub_elem_desp":"SEM SUBELEMENTO","fonte_recurso":"Recursos do Exerc\u00edcio Corrente \/ Outros Recursos n\u00e3o Vinculados \/ -"},{"ano_emissao_emp":"2023","n_emp":"0000120","data_emissao":"04\/12\/2023","valor":"953,00","tipo_empenho":"Ordin\u00e1rio","hist_emp":"EMPENHO REFERE-SE A SERVI\u00c7OS DE MANUTEN\u00c7\u00c3O E CONSERVA\u00c7\u00c3O DO PR\u00c9DIO DESSA CASA LEGISLATIVA","fornecedor":"MARCELO LEIT\u00c3O ALVES","denom_uni_orc":"C\u00c2MARA MUNICIPAL","funcao":"Legislativa","sub_funcao":"A\u00e7\u00e3o Legislativa","programa":"ATUA\u00c7\u00c3O LEGISLATIVA E APOIO ADMINISTRATIVO AS A\u00c7\u00d5ES DA C\u00c2MARA","acao":"Manuten\u00e7\u00e3o das Atividades Legislativas","ident_acao":"Projeto","cat_econ":"Despesa de Capital","natureza_despesa":"Investimentos","modalidade_despesa":"Aplica\u00e7\u00f5es Diretas","elemento_despesa":"Obras e Instala\u00e7\u00f5es","sub_elem_desp":"SEM SUBELEMENTO","fonte_recurso":"Recursos do Exerc\u00edcio Corrente \/ Outros Recursos n\u00e3o Vinculados \/ -"},{"ano_emissao_emp":"2023","n_emp":"0000120","data_emissao":"04\/12\/2023","valor":"953,00","tipo_empenho":"Ordin\u00e1rio","hist_emp":"EMPENHO REFERE-SE A SERVI\u00c7OS DE MANUTEN\u00c7\u00c3O E CONSERVA\u00c7\u00c3O DO PR\u00c9DIO DESSA CASA LEGISLATIVA","fornecedor":"MARCELO LEIT\u00c3O ALVES","denom_uni_orc":"C\u00c2MARA MUNICIPAL","funcao":"Legislativa","sub_funcao":"A\u00e7\u00e3o Legislativa","programa":"ATUA\u00c7\u00c3O LEGISLATIVA E APOIO ADMINISTRATIVO AS A\u00c7\u00d5ES DA C\u00c2MARA","acao":"Parcelamento de D\u00e9bitos Fiscais com os Governos Estadual e Federal","ident_acao":"Projeto","cat_econ":"Despesa de Capital","natureza_despesa":"Investimentos","modalidade_despesa":"Aplica\u00e7\u00f5es Diretas","elemento_despesa":"Obras e Instala\u00e7\u00f5es","sub_elem_desp":"SEM SUBELEMENTO","fonte_recurso":"Recursos do Exerc\u00edcio Corrente \/ Outros Recursos n\u00e3o Vinculados \/ -"},{"ano_emissao_emp":"2023","n_emp":"0000121","data_emissao":"12\/12\/2023","valor":"100,00","tipo_empenho":"Ordin\u00e1rio","hist_emp":"SOLICITA\u00c7\u00c3O DE DI\u00c1RIA REFERENTE A VIAGEM A CIDADE DE SURUBIM\/PE PARA COMPRA DE MATERIAIS DE EXPEDIENTE NA GR\u00c1FICA AGRESTE.","fornecedor":"DEAN SALES GOMES","denom_uni_orc":"C\u00c2MARA MUNICIPAL","funcao":"Legislativa","sub_funcao":"A\u00e7\u00e3o Legislativa","programa":"ATUA\u00c7\u00c3O LEGISLATIVA E APOIO ADMINISTRATIVO AS A\u00c7\u00d5ES DA C\u00c2MARA","acao":"Reequipamento da C\u00e2mara Municipal","ident_acao":"Atividade","cat_econ":"Despesa Corrente","natureza_despesa":"Outras Despesas Correntes","modalidade_despesa":"Aplica\u00e7\u00f5es Diretas","elemento_despesa":"Di\u00e1rias \u2013 Civil","sub_elem_desp":"SEM SUBELEMENTO","fonte_recurso":"Recursos do Exerc\u00edcio Corrente \/ Outros Recursos n\u00e3o Vinculados \/ -"},{"ano_emissao_emp":"2023","n_emp":"0000121","data_emissao":"12\/12\/2023","valor":"100,00","tipo_empenho":"Ordin\u00e1rio","hist_emp":"SOLICITA\u00c7\u00c3O DE DI\u00c1RIA REFERENTE A VIAGEM A CIDADE DE SURUBIM\/PE PARA COMPRA DE MATERIAIS DE EXPEDIENTE NA GR\u00c1FICA AGRESTE.","fornecedor":"DEAN SALES GOMES","denom_uni_orc":"C\u00c2MARA MUNICIPAL","funcao":"Legislativa","sub_funcao":"A\u00e7\u00e3o Legislativa","programa":"ATUA\u00c7\u00c3O LEGISLATIVA E APOIO ADMINISTRATIVO AS A\u00c7\u00d5ES DA C\u00c2MARA","acao":"Manuten\u00e7\u00e3o das Atividades Administrativas","ident_acao":"Atividade","cat_econ":"Despesa Corrente","natureza_despesa":"Outras Despesas Correntes","modalidade_despesa":"Aplica\u00e7\u00f5es Diretas","elemento_despesa":"Di\u00e1rias \u2013 Civil","sub_elem_desp":"SEM SUBELEMENTO","fonte_recurso":"Recursos do Exerc\u00edcio Corrente \/ Outros Recursos n\u00e3o Vinculados \/ -"},{"ano_emissao_emp":"2023","n_emp":"0000121","data_emissao":"12\/12\/2023","valor":"100,00","tipo_empenho":"Ordin\u00e1rio","hist_emp":"SOLICITA\u00c7\u00c3O DE DI\u00c1RIA REFERENTE A VIAGEM A CIDADE DE SURUBIM\/PE PARA COMPRA DE MATERIAIS DE EXPEDIENTE NA GR\u00c1FICA AGRESTE.","fornecedor":"DEAN SALES GOMES","denom_uni_orc":"C\u00c2MARA MUNICIPAL","funcao":"Legislativa","sub_funcao":"A\u00e7\u00e3o Legislativa","programa":"ATUA\u00c7\u00c3O LEGISLATIVA E APOIO ADMINISTRATIVO AS A\u00c7\u00d5ES DA C\u00c2MARA","acao":"Parcelamento de D\u00e9bitos, Exceto parcelamentos celebrados com Entidades","ident_acao":"Atividade","cat_econ":"Despesa Corrente","natureza_despesa":"Outras Despesas Correntes","modalidade_despesa":"Aplica\u00e7\u00f5es Diretas","elemento_despesa":"Di\u00e1rias \u2013 Civil","sub_elem_desp":"SEM SUBELEMENTO","fonte_recurso":"Recursos do Exerc\u00edcio Corrente \/ Outros Recursos n\u00e3o Vinculados \/ -"},{"ano_emissao_emp":"2023","n_emp":"0000122","data_emissao":"12\/12\/2023","valor":"75.600,00","tipo_empenho":"Ordin\u00e1rio","hist_emp":"Referente a folha de pagamento normal do m\u00eas de dezembro de 2024","fornecedor":"FOLHA DE PAGAMENTO","denom_uni_orc":"C\u00c2MARA MUNICIPAL","funcao":"Legislativa","sub_funcao":"A\u00e7\u00e3o Legislativa","programa":"ATUA\u00c7\u00c3O LEGISLATIVA E APOIO ADMINISTRATIVO AS A\u00c7\u00d5ES DA C\u00c2MARA","acao":"Amplia\u00e7\u00e3o e Restaura\u00e7\u00e3o do Pr\u00e9dio da C\u00e2mara","ident_acao":"Atividade","cat_econ":"Despesa Corrente","natureza_despesa":"Pessoal e Encargos Sociais","modalidade_despesa":"Aplica\u00e7\u00f5es Diretas","elemento_despesa":"Vencimentos e Vantagens Fixas - Pessoal Civil","sub_elem_desp":"SEM SUBELEMENTO","fonte_recurso":"Recursos do Exerc\u00edcio Corrente \/ Outros Recursos n\u00e3o Vinculados \/ -"},{"ano_emissao_emp":"2023","n_emp":"0000122","data_emissao":"12\/12\/2023","valor":"75.600,00","tipo_empenho":"Ordin\u00e1rio","hist_emp":"Referente a folha de pagamento normal do m\u00eas de dezembro de 2024","fornecedor":"FOLHA DE PAGAMENTO","denom_uni_orc":"C\u00c2MARA MUNICIPAL","funcao":"Legislativa","sub_funcao":"A\u00e7\u00e3o Legislativa","programa":"ATUA\u00c7\u00c3O LEGISLATIVA E APOIO ADMINISTRATIVO AS A\u00c7\u00d5ES DA C\u00c2MARA","acao":"Manuten\u00e7\u00e3o das Atividades Legislativas","ident_acao":"Atividade","cat_econ":"Despesa Corrente","natureza_despesa":"Pessoal e Encargos Sociais","modalidade_despesa":"Aplica\u00e7\u00f5es Diretas","elemento_despesa":"Vencimentos e Vantagens Fixas - Pessoal Civil","sub_elem_desp":"SEM SUBELEMENTO","fonte_recurso":"Recursos do Exerc\u00edcio Corrente \/ Outros Recursos n\u00e3o Vinculados \/ -"},{"ano_emissao_emp":"2023","n_emp":"0000122","data_emissao":"12\/12\/2023","valor":"75.600,00","tipo_empenho":"Ordin\u00e1rio","hist_emp":"Referente a folha de pagamento normal do m\u00eas de dezembro de 2024","fornecedor":"FOLHA DE PAGAMENTO","denom_uni_orc":"C\u00c2MARA MUNICIPAL","funcao":"Legislativa","sub_funcao":"A\u00e7\u00e3o Legislativa","programa":"ATUA\u00c7\u00c3O LEGISLATIVA E APOIO ADMINISTRATIVO AS A\u00c7\u00d5ES DA C\u00c2MARA","acao":"Parcelamento de D\u00e9bitos Fiscais com os Governos Estadual e Federal","ident_acao":"Atividade","cat_econ":"Despesa Corrente","natureza_despesa":"Pessoal e Encargos Sociais","modalidade_despesa":"Aplica\u00e7\u00f5es Diretas","elemento_despesa":"Vencimentos e Vantagens Fixas - Pessoal Civil","sub_elem_desp":"SEM SUBELEMENTO","fonte_recurso":"Recursos do Exerc\u00edcio Corrente \/ Outros Recursos n\u00e3o Vinculados \/ -"},{"ano_emissao_emp":"2023","n_emp":"0000123","data_emissao":"12\/12\/2023","valor":"45.660,00","tipo_empenho":"Ordin\u00e1rio","hist_emp":"Referente a folha de pagamento normal do m\u00eas de dezembro de 2024","fornecedor":"FOLHA DE PAGAMENTO","denom_uni_orc":"C\u00c2MARA MUNICIPAL","funcao":"Legislativa","sub_funcao":"A\u00e7\u00e3o Legislativa","programa":"ATUA\u00c7\u00c3O LEGISLATIVA E APOIO ADMINISTRATIVO AS A\u00c7\u00d5ES DA C\u00c2MARA","acao":"Reequipamento da C\u00e2mara Municipal","ident_acao":"Atividade","cat_econ":"Despesa Corrente","natureza_despesa":"Pessoal e Encargos Sociais","modalidade_despesa":"Aplica\u00e7\u00f5es Diretas","elemento_despesa":"Vencimentos e Vantagens Fixas - Pessoal Civil","sub_elem_desp":"SEM SUBELEMENTO","fonte_recurso":"Recursos do Exerc\u00edcio Corrente \/ Outros Recursos n\u00e3o Vinculados \/ -"},{"ano_emissao_emp":"2023","n_emp":"0000123","data_emissao":"12\/12\/2023","valor":"45.660,00","tipo_empenho":"Ordin\u00e1rio","hist_emp":"Referente a folha de pagamento normal do m\u00eas de dezembro de 2024","fornecedor":"FOLHA DE PAGAMENTO","denom_uni_orc":"C\u00c2MARA MUNICIPAL","funcao":"Legislativa","sub_funcao":"A\u00e7\u00e3o Legislativa","programa":"ATUA\u00c7\u00c3O LEGISLATIVA E APOIO ADMINISTRATIVO AS A\u00c7\u00d5ES DA C\u00c2MARA","acao":"Manuten\u00e7\u00e3o das Atividades Administrativas","ident_acao":"Atividade","cat_econ":"Despesa Corrente","natureza_despesa":"Pessoal e Encargos Sociais","modalidade_despesa":"Aplica\u00e7\u00f5es Diretas","elemento_despesa":"Vencimentos e Vantagens Fixas - Pessoal Civil","sub_elem_desp":"SEM SUBELEMENTO","fonte_recurso":"Recursos do Exerc\u00edcio Corrente \/ Outros Recursos n\u00e3o Vinculados \/ -"},{"ano_emissao_emp":"2023","n_emp":"0000123","data_emissao":"12\/12\/2023","valor":"45.660,00","tipo_empenho":"Ordin\u00e1rio","hist_emp":"Referente a folha de pagamento normal do m\u00eas de dezembro de 2024","fornecedor":"FOLHA DE PAGAMENTO","denom_uni_orc":"C\u00c2MARA MUNICIPAL","funcao":"Legislativa","sub_funcao":"A\u00e7\u00e3o Legislativa","programa":"ATUA\u00c7\u00c3O LEGISLATIVA E APOIO ADMINISTRATIVO AS A\u00c7\u00d5ES DA C\u00c2MARA","acao":"Parcelamento de D\u00e9bitos, Exceto parcelamentos celebrados com Entidades","ident_acao":"Atividade","cat_econ":"Despesa Corrente","natureza_despesa":"Pessoal e Encargos Sociais","modalidade_despesa":"Aplica\u00e7\u00f5es Diretas","elemento_despesa":"Vencimentos e Vantagens Fixas - Pessoal Civil","sub_elem_desp":"SEM SUBELEMENTO","fonte_recurso":"Recursos do Exerc\u00edcio Corrente \/ Outros Recursos n\u00e3o Vinculados \/ -"},{"ano_emissao_emp":"2023","n_emp":"0000124","data_emissao":"12\/12\/2023","valor":"2.490,00","tipo_empenho":"Ordin\u00e1rio","hist_emp":"Referente a folha de pagamento normal do m\u00eas de dezembro de 2024","fornecedor":"FOLHA DE PAGAMENTO","denom_uni_orc":"C\u00c2MARA MUNICIPAL","funcao":"Legislativa","sub_funcao":"A\u00e7\u00e3o Legislativa","programa":"ATUA\u00c7\u00c3O LEGISLATIVA E APOIO ADMINISTRATIVO AS A\u00c7\u00d5ES DA C\u00c2MARA","acao":"Apoio ao Conselho Municipal de Sa\u00fade Atrav\u00e9s de Despesas de Investimen","ident_acao":"Atividade","cat_econ":"Despesa Corrente","natureza_despesa":"Pessoal e Encargos Sociais","modalidade_despesa":"Aplica\u00e7\u00f5es Diretas","elemento_despesa":"Vencimentos e Vantagens Fixas - Pessoal Civil","sub_elem_desp":"SEM SUBELEMENTO","fonte_recurso":"Recursos do Exerc\u00edcio Corrente \/ Outros Recursos n\u00e3o Vinculados \/ -"},{"ano_emissao_emp":"2023","n_emp":"0000124","data_emissao":"12\/12\/2023","valor":"2.490,00","tipo_empenho":"Ordin\u00e1rio","hist_emp":"Referente a folha de pagamento normal do m\u00eas de dezembro de 2024","fornecedor":"FOLHA DE PAGAMENTO","denom_uni_orc":"C\u00c2MARA MUNICIPAL","funcao":"Legislativa","sub_funcao":"A\u00e7\u00e3o Legislativa","programa":"ATUA\u00c7\u00c3O LEGISLATIVA E APOIO ADMINISTRATIVO AS A\u00c7\u00d5ES DA C\u00c2MARA","acao":"Gest\u00e3o do Controle Interno","ident_acao":"Atividade","cat_econ":"Despesa Corrente","natureza_despesa":"Pessoal e Encargos Sociais","modalidade_despesa":"Aplica\u00e7\u00f5es Diretas","elemento_despesa":"Vencimentos e Vantagens Fixas - Pessoal Civil","sub_elem_desp":"SEM SUBELEMENTO","fonte_recurso":"Recursos do Exerc\u00edcio Corrente \/ Outros Recursos n\u00e3o Vinculados \/ -"},{"ano_emissao_emp":"2023","n_emp":"0000124","data_emissao":"12\/12\/2023","valor":"2.490,00","tipo_empenho":"Ordin\u00e1rio","hist_emp":"Referente a folha de pagamento normal do m\u00eas de dezembro de 2024","fornecedor":"FOLHA DE PAGAMENTO","denom_uni_orc":"C\u00c2MARA MUNICIPAL","funcao":"Legislativa","sub_funcao":"A\u00e7\u00e3o Legislativa","programa":"ATUA\u00c7\u00c3O LEGISLATIVA E APOIO ADMINISTRATIVO AS A\u00c7\u00d5ES DA C\u00c2MARA","acao":"Indeniza\u00e7\u00f5es e Restitui\u00e7\u00f5es Diversas","ident_acao":"Atividade","cat_econ":"Despesa Corrente","natureza_despesa":"Pessoal e Encargos Sociais","modalidade_despesa":"Aplica\u00e7\u00f5es Diretas","elemento_despesa":"Vencimentos e Vantagens Fixas - Pessoal Civil","sub_elem_desp":"SEM SUBELEMENTO","fonte_recurso":"Recursos do Exerc\u00edcio Corrente \/ Outros Recursos n\u00e3o Vinculados \/ -"},{"ano_emissao_emp":"2023","n_emp":"0000125","data_emissao":"12\/12\/2023","valor":"300,00","tipo_empenho":"Ordin\u00e1rio","hist_emp":"SOLICITA\u00c7\u00c3O DE DI\u00c1RIAS REFERENTE VIAGEM AO IPA (INSTITUTO AGR\u00d4NOMICO DE PERNAMBUCO), NA AV GEL SAN MARTIN, N 1371, BONGI, CEP 50.761-000, RECIFE-PE","fornecedor":"JOSE ANICETO DE LIMA","denom_uni_orc":"C\u00c2MARA MUNICIPAL","funcao":"Legislativa","sub_funcao":"A\u00e7\u00e3o Legislativa","programa":"ATUA\u00c7\u00c3O LEGISLATIVA E APOIO ADMINISTRATIVO AS A\u00c7\u00d5ES DA C\u00c2MARA","acao":"Amplia\u00e7\u00e3o e Restaura\u00e7\u00e3o do Pr\u00e9dio da C\u00e2mara","ident_acao":"Atividade","cat_econ":"Despesa Corrente","natureza_despesa":"Outras Despesas Correntes","modalidade_despesa":"Aplica\u00e7\u00f5es Diretas","elemento_despesa":"Di\u00e1rias \u2013 Civil","sub_elem_desp":"SEM SUBELEMENTO","fonte_recurso":"Recursos do Exerc\u00edcio Corrente \/ Outros Recursos n\u00e3o Vinculados \/ -"},{"ano_emissao_emp":"2023","n_emp":"0000125","data_emissao":"12\/12\/2023","valor":"300,00","tipo_empenho":"Ordin\u00e1rio","hist_emp":"SOLICITA\u00c7\u00c3O DE DI\u00c1RIAS REFERENTE VIAGEM AO IPA (INSTITUTO AGR\u00d4NOMICO DE PERNAMBUCO), NA AV GEL SAN MARTIN, N 1371, BONGI, CEP 50.761-000, RECIFE-PE","fornecedor":"JOSE ANICETO DE LIMA","denom_uni_orc":"C\u00c2MARA MUNICIPAL","funcao":"Legislativa","sub_funcao":"A\u00e7\u00e3o Legislativa","programa":"ATUA\u00c7\u00c3O LEGISLATIVA E APOIO ADMINISTRATIVO AS A\u00c7\u00d5ES DA C\u00c2MARA","acao":"Manuten\u00e7\u00e3o das Atividades Legislativas","ident_acao":"Atividade","cat_econ":"Despesa Corrente","natureza_despesa":"Outras Despesas Correntes","modalidade_despesa":"Aplica\u00e7\u00f5es Diretas","elemento_despesa":"Di\u00e1rias \u2013 Civil","sub_elem_desp":"SEM SUBELEMENTO","fonte_recurso":"Recursos do Exerc\u00edcio Corrente \/ Outros Recursos n\u00e3o Vinculados \/ -"},{"ano_emissao_emp":"2023","n_emp":"0000125","data_emissao":"12\/12\/2023","valor":"300,00","tipo_empenho":"Ordin\u00e1rio","hist_emp":"SOLICITA\u00c7\u00c3O DE DI\u00c1RIAS REFERENTE VIAGEM AO IPA (INSTITUTO AGR\u00d4NOMICO DE PERNAMBUCO), NA AV GEL SAN MARTIN, N 1371, BONGI, CEP 50.761-000, RECIFE-PE","fornecedor":"JOSE ANICETO DE LIMA","denom_uni_orc":"C\u00c2MARA MUNICIPAL","funcao":"Legislativa","sub_funcao":"A\u00e7\u00e3o Legislativa","programa":"ATUA\u00c7\u00c3O LEGISLATIVA E APOIO ADMINISTRATIVO AS A\u00c7\u00d5ES DA C\u00c2MARA","acao":"Parcelamento de D\u00e9bitos Fiscais com os Governos Estadual e Federal","ident_acao":"Atividade","cat_econ":"Despesa Corrente","natureza_despesa":"Outras Despesas Correntes","modalidade_despesa":"Aplica\u00e7\u00f5es Diretas","elemento_despesa":"Di\u00e1rias \u2013 Civil","sub_elem_desp":"SEM SUBELEMENTO","fonte_recurso":"Recursos do Exerc\u00edcio Corrente \/ Outros Recursos n\u00e3o Vinculados \/ -"},{"ano_emissao_emp":"2023","n_emp":"0000126","data_emissao":"12\/12\/2023","valor":"1.500,00","tipo_empenho":"Ordin\u00e1rio","hist_emp":"EMPENHO REFERE-SE ACOMPRA DE PLAQUETAS DE ALUMINIO R\u00cdGIDA COM C\u00d3DIGO DE BARRAS E AUTOADESIVAS MEDINDO 50X20MM","fornecedor":"DANILO LIMA DOS REIS","denom_uni_orc":"C\u00c2MARA MUNICIPAL","funcao":"Legislativa","sub_funcao":"A\u00e7\u00e3o Legislativa","programa":"ATUA\u00c7\u00c3O LEGISLATIVA E APOIO ADMINISTRATIVO AS A\u00c7\u00d5ES DA C\u00c2MARA","acao":"Reequipamento da C\u00e2mara Municipal","ident_acao":"Atividade","cat_econ":"Despesa Corrente","natureza_despesa":"Outras Despesas Correntes","modalidade_despesa":"Aplica\u00e7\u00f5es Diretas","elemento_despesa":"Material de Consumo","sub_elem_desp":"SEM SUBELEMENTO","fonte_recurso":"Recursos do Exerc\u00edcio Corrente \/ Outros Recursos n\u00e3o Vinculados \/ -"},{"ano_emissao_emp":"2023","n_emp":"0000126","data_emissao":"12\/12\/2023","valor":"1.500,00","tipo_empenho":"Ordin\u00e1rio","hist_emp":"EMPENHO REFERE-SE ACOMPRA DE PLAQUETAS DE ALUMINIO R\u00cdGIDA COM C\u00d3DIGO DE BARRAS E AUTOADESIVAS MEDINDO 50X20MM","fornecedor":"DANILO LIMA DOS REIS","denom_uni_orc":"C\u00c2MARA MUNICIPAL","funcao":"Legislativa","sub_funcao":"A\u00e7\u00e3o Legislativa","programa":"ATUA\u00c7\u00c3O LEGISLATIVA E APOIO ADMINISTRATIVO AS A\u00c7\u00d5ES DA C\u00c2MARA","acao":"Manuten\u00e7\u00e3o das Atividades Administrativas","ident_acao":"Atividade","cat_econ":"Despesa Corrente","natureza_despesa":"Outras Despesas Correntes","modalidade_despesa":"Aplica\u00e7\u00f5es Diretas","elemento_despesa":"Material de Consumo","sub_elem_desp":"SEM SUBELEMENTO","fonte_recurso":"Recursos do Exerc\u00edcio Corrente \/ Outros Recursos n\u00e3o Vinculados \/ -"},{"ano_emissao_emp":"2023","n_emp":"0000126","data_emissao":"12\/12\/2023","valor":"1.500,00","tipo_empenho":"Ordin\u00e1rio","hist_emp":"EMPENHO REFERE-SE ACOMPRA DE PLAQUETAS DE ALUMINIO R\u00cdGIDA COM C\u00d3DIGO DE BARRAS E AUTOADESIVAS MEDINDO 50X20MM","fornecedor":"DANILO LIMA DOS REIS","denom_uni_orc":"C\u00c2MARA MUNICIPAL","funcao":"Legislativa","sub_funcao":"A\u00e7\u00e3o Legislativa","programa":"ATUA\u00c7\u00c3O LEGISLATIVA E APOIO ADMINISTRATIVO AS A\u00c7\u00d5ES DA C\u00c2MARA","acao":"Parcelamento de D\u00e9bitos, Exceto parcelamentos celebrados com Entidades","ident_acao":"Atividade","cat_econ":"Despesa Corrente","natureza_despesa":"Outras Despesas Correntes","modalidade_despesa":"Aplica\u00e7\u00f5es Diretas","elemento_despesa":"Material de Consumo","sub_elem_desp":"SEM SUBELEMENTO","fonte_recurso":"Recursos do Exerc\u00edcio Corrente \/ Outros Recursos n\u00e3o Vinculados \/ -"},{"ano_emissao_emp":"2023","n_emp":"0000127","data_emissao":"12\/12\/2023","valor":"5.000,00","tipo_empenho":"Ordin\u00e1rio","hist_emp":"SERVI\u00c7O DE INVENT\u00c1RIO PATRIMONIAL COMPREENDENDO TODOS OS BENS M\u00d3VEIS E IM\u00d3VEIS DA C\u00c2MARA MUNICIPAL DE FREI MIGUELINHO. OS SERVI\u00c7OS SE DAR\u00c3O COM A IDENTIFICA\u00c7\u00c3O DOS BENS POR MEIO DE FIXA\u00c7\u00c3O DE PLAQUETAS CONTENDO SUA NUMERA\u00c7\u00c3O DO TOMBO DE ACORDO COM SUA CLASSIFICA\u00c7\u00c3O PATRIMONIAL, ASSIM COMO TAMB\u00c9M A ALEABORA\u00c7\u00c3O DE RELAT\u00d3RIOS ASSISTENCIAIS DE CADA BEM, POR SEUS RESPECTIVOS CENTROS\u00a0DE\u00a0CUSTOS.","fornecedor":"ELTON LUIS ARAUJO AMORIM","denom_uni_orc":"C\u00c2MARA MUNICIPAL","funcao":"Legislativa","sub_funcao":"A\u00e7\u00e3o Legislativa","programa":"ATUA\u00c7\u00c3O LEGISLATIVA E APOIO ADMINISTRATIVO AS A\u00c7\u00d5ES DA C\u00c2MARA","acao":"Reequipamento da C\u00e2mara Municipal","ident_acao":"Atividade","cat_econ":"Despesa Corrente","natureza_despesa":"Outras Despesas Correntes","modalidade_despesa":"Aplica\u00e7\u00f5es Diretas","elemento_despesa":"Servi\u00e7os de Consultoria","sub_elem_desp":"SEM SUBELEMENTO","fonte_recurso":"Recursos do Exerc\u00edcio Corrente \/ Outros Recursos n\u00e3o Vinculados \/ -"},{"ano_emissao_emp":"2023","n_emp":"0000127","data_emissao":"12\/12\/2023","valor":"5.000,00","tipo_empenho":"Ordin\u00e1rio","hist_emp":"SERVI\u00c7O DE INVENT\u00c1RIO PATRIMONIAL COMPREENDENDO TODOS OS BENS M\u00d3VEIS E IM\u00d3VEIS DA C\u00c2MARA MUNICIPAL DE FREI MIGUELINHO. OS SERVI\u00c7OS SE DAR\u00c3O COM A IDENTIFICA\u00c7\u00c3O DOS BENS POR MEIO DE FIXA\u00c7\u00c3O DE PLAQUETAS CONTENDO SUA NUMERA\u00c7\u00c3O DO TOMBO DE ACORDO COM SUA CLASSIFICA\u00c7\u00c3O PATRIMONIAL, ASSIM COMO TAMB\u00c9M A ALEABORA\u00c7\u00c3O DE RELAT\u00d3RIOS ASSISTENCIAIS DE CADA BEM, POR SEUS RESPECTIVOS CENTROS\u00a0DE\u00a0CUSTOS.","fornecedor":"ELTON LUIS ARAUJO AMORIM","denom_uni_orc":"C\u00c2MARA MUNICIPAL","funcao":"Legislativa","sub_funcao":"A\u00e7\u00e3o Legislativa","programa":"ATUA\u00c7\u00c3O LEGISLATIVA E APOIO ADMINISTRATIVO AS A\u00c7\u00d5ES DA C\u00c2MARA","acao":"Manuten\u00e7\u00e3o das Atividades Administrativas","ident_acao":"Atividade","cat_econ":"Despesa Corrente","natureza_despesa":"Outras Despesas Correntes","modalidade_despesa":"Aplica\u00e7\u00f5es Diretas","elemento_despesa":"Servi\u00e7os de Consultoria","sub_elem_desp":"SEM SUBELEMENTO","fonte_recurso":"Recursos do Exerc\u00edcio Corrente \/ Outros Recursos n\u00e3o Vinculados \/ -"},{"ano_emissao_emp":"2023","n_emp":"0000127","data_emissao":"12\/12\/2023","valor":"5.000,00","tipo_empenho":"Ordin\u00e1rio","hist_emp":"SERVI\u00c7O DE INVENT\u00c1RIO PATRIMONIAL COMPREENDENDO TODOS OS BENS M\u00d3VEIS E IM\u00d3VEIS DA C\u00c2MARA MUNICIPAL DE FREI MIGUELINHO. OS SERVI\u00c7OS SE DAR\u00c3O COM A IDENTIFICA\u00c7\u00c3O DOS BENS POR MEIO DE FIXA\u00c7\u00c3O DE PLAQUETAS CONTENDO SUA NUMERA\u00c7\u00c3O DO TOMBO DE ACORDO COM SUA CLASSIFICA\u00c7\u00c3O PATRIMONIAL, ASSIM COMO TAMB\u00c9M A ALEABORA\u00c7\u00c3O DE RELAT\u00d3RIOS ASSISTENCIAIS DE CADA BEM, POR SEUS RESPECTIVOS CENTROS\u00a0DE\u00a0CUSTOS.","fornecedor":"ELTON LUIS ARAUJO AMORIM","denom_uni_orc":"C\u00c2MARA MUNICIPAL","funcao":"Legislativa","sub_funcao":"A\u00e7\u00e3o Legislativa","programa":"ATUA\u00c7\u00c3O LEGISLATIVA E APOIO ADMINISTRATIVO AS A\u00c7\u00d5ES DA C\u00c2MARA","acao":"Parcelamento de D\u00e9bitos, Exceto parcelamentos celebrados com Entidades","ident_acao":"Atividade","cat_econ":"Despesa Corrente","natureza_despesa":"Outras Despesas Correntes","modalidade_despesa":"Aplica\u00e7\u00f5es Diretas","elemento_despesa":"Servi\u00e7os de Consultoria","sub_elem_desp":"SEM SUBELEMENTO","fonte_recurso":"Recursos do Exerc\u00edcio Corrente \/ Outros Recursos n\u00e3o Vinculados \/ -"},{"ano_emissao_emp":"2023","n_emp":"0000128","data_emissao":"12\/12\/2023","valor":"6.883,50","tipo_empenho":"Ordin\u00e1rio","hist_emp":"EMPENHO REFERE-SE AOS SERVI\u00c7OS TECNICOS PROFISSIONAIS ESPECIALIZADOS EM CONSULTORIA E ASSESSORIA NAS \u00c1REAS CONTAVBEIS E FINANCEIRAS, NA ELABORA\u00c7\u00c3O DA PRESTA\u00c7\u00c3O DE CONTAS GERAL DESSA CASA LEGISLATIVA, NO EXERC\u00cdCIO DE 2023.","fornecedor":"ODILON CAVALCANTI DE ALBUQUERQUE NETO CONTABILIDADE","denom_uni_orc":"C\u00c2MARA MUNICIPAL","funcao":"Legislativa","sub_funcao":"A\u00e7\u00e3o Legislativa","programa":"ATUA\u00c7\u00c3O LEGISLATIVA E APOIO ADMINISTRATIVO AS A\u00c7\u00d5ES DA C\u00c2MARA","acao":"Reequipamento da C\u00e2mara Municipal","ident_acao":"Atividade","cat_econ":"Despesa Corrente","natureza_despesa":"Outras Despesas Correntes","modalidade_despesa":"Aplica\u00e7\u00f5es Diretas","elemento_despesa":"Servi\u00e7os de Consultoria","sub_elem_desp":"SEM SUBELEMENTO","fonte_recurso":"Recursos do Exerc\u00edcio Corrente \/ Outros Recursos n\u00e3o Vinculados \/ -"},{"ano_emissao_emp":"2023","n_emp":"0000128","data_emissao":"12\/12\/2023","valor":"6.883,50","tipo_empenho":"Ordin\u00e1rio","hist_emp":"EMPENHO REFERE-SE AOS SERVI\u00c7OS TECNICOS PROFISSIONAIS ESPECIALIZADOS EM CONSULTORIA E ASSESSORIA NAS \u00c1REAS CONTAVBEIS E FINANCEIRAS, NA ELABORA\u00c7\u00c3O DA PRESTA\u00c7\u00c3O DE CONTAS GERAL DESSA CASA LEGISLATIVA, NO EXERC\u00cdCIO DE 2023.","fornecedor":"ODILON CAVALCANTI DE ALBUQUERQUE NETO CONTABILIDADE","denom_uni_orc":"C\u00c2MARA MUNICIPAL","funcao":"Legislativa","sub_funcao":"A\u00e7\u00e3o Legislativa","programa":"ATUA\u00c7\u00c3O LEGISLATIVA E APOIO ADMINISTRATIVO AS A\u00c7\u00d5ES DA C\u00c2MARA","acao":"Manuten\u00e7\u00e3o das Atividades Administrativas","ident_acao":"Atividade","cat_econ":"Despesa Corrente","natureza_despesa":"Outras Despesas Correntes","modalidade_despesa":"Aplica\u00e7\u00f5es Diretas","elemento_despesa":"Servi\u00e7os de Consultoria","sub_elem_desp":"SEM SUBELEMENTO","fonte_recurso":"Recursos do Exerc\u00edcio Corrente \/ Outros Recursos n\u00e3o Vinculados \/ -"},{"ano_emissao_emp":"2023","n_emp":"0000128","data_emissao":"12\/12\/2023","valor":"6.883,50","tipo_empenho":"Ordin\u00e1rio","hist_emp":"EMPENHO REFERE-SE AOS SERVI\u00c7OS TECNICOS PROFISSIONAIS ESPECIALIZADOS EM CONSULTORIA E ASSESSORIA NAS \u00c1REAS CONTAVBEIS E FINANCEIRAS, NA ELABORA\u00c7\u00c3O DA PRESTA\u00c7\u00c3O DE CONTAS GERAL DESSA CASA LEGISLATIVA, NO EXERC\u00cdCIO DE 2023.","fornecedor":"ODILON CAVALCANTI DE ALBUQUERQUE NETO CONTABILIDADE","denom_uni_orc":"C\u00c2MARA MUNICIPAL","funcao":"Legislativa","sub_funcao":"A\u00e7\u00e3o Legislativa","programa":"ATUA\u00c7\u00c3O LEGISLATIVA E APOIO ADMINISTRATIVO AS A\u00c7\u00d5ES DA C\u00c2MARA","acao":"Parcelamento de D\u00e9bitos, Exceto parcelamentos celebrados com Entidades","ident_acao":"Atividade","cat_econ":"Despesa Corrente","natureza_despesa":"Outras Despesas Correntes","modalidade_despesa":"Aplica\u00e7\u00f5es Diretas","elemento_despesa":"Servi\u00e7os de Consultoria","sub_elem_desp":"SEM SUBELEMENTO","fonte_recurso":"Recursos do Exerc\u00edcio Corrente \/ Outros Recursos n\u00e3o Vinculados \/ -"},{"ano_emissao_emp":"2023","n_emp":"0000129","data_emissao":"12\/12\/2023","valor":"5.600,00","tipo_empenho":"Ordin\u00e1rio","hist_emp":"EMPENHO REFERE-SE AOS SERVI\u00c7OS DE FORNECIMENTO DE BUFFET PARA A REALIZA\u00c7\u00c3O DA CONFRATERNIZA\u00c7\u00c3O DE FINAL DE ANO DOS SERVIDORES DESSA CASA LEGISLATIVA.","fornecedor":"JEOVA DO REGO DUARTE ME","denom_uni_orc":"C\u00c2MARA MUNICIPAL","funcao":"Legislativa","sub_funcao":"A\u00e7\u00e3o Legislativa","programa":"ATUA\u00c7\u00c3O LEGISLATIVA E APOIO ADMINISTRATIVO AS A\u00c7\u00d5ES DA C\u00c2MARA","acao":"Reequipamento da C\u00e2mara Municipal","ident_acao":"Atividade","cat_econ":"Despesa Corrente","natureza_despesa":"Outras Despesas Correntes","modalidade_despesa":"Aplica\u00e7\u00f5es Diretas","elemento_despesa":"Outros Servi\u00e7os de Terceiros - Pessoa Jur\u00eddica","sub_elem_desp":"SEM SUBELEMENTO","fonte_recurso":"Recursos do Exerc\u00edcio Corrente \/ Outros Recursos n\u00e3o Vinculados \/ -"},{"ano_emissao_emp":"2023","n_emp":"0000129","data_emissao":"12\/12\/2023","valor":"5.600,00","tipo_empenho":"Ordin\u00e1rio","hist_emp":"EMPENHO REFERE-SE AOS SERVI\u00c7OS DE FORNECIMENTO DE BUFFET PARA A REALIZA\u00c7\u00c3O DA CONFRATERNIZA\u00c7\u00c3O DE FINAL DE ANO DOS SERVIDORES DESSA CASA LEGISLATIVA.","fornecedor":"JEOVA DO REGO DUARTE ME","denom_uni_orc":"C\u00c2MARA MUNICIPAL","funcao":"Legislativa","sub_funcao":"A\u00e7\u00e3o Legislativa","programa":"ATUA\u00c7\u00c3O LEGISLATIVA E APOIO ADMINISTRATIVO AS A\u00c7\u00d5ES DA C\u00c2MARA","acao":"Manuten\u00e7\u00e3o das Atividades Administrativas","ident_acao":"Atividade","cat_econ":"Despesa Corrente","natureza_despesa":"Outras Despesas Correntes","modalidade_despesa":"Aplica\u00e7\u00f5es Diretas","elemento_despesa":"Outros Servi\u00e7os de Terceiros - Pessoa Jur\u00eddica","sub_elem_desp":"SEM SUBELEMENTO","fonte_recurso":"Recursos do Exerc\u00edcio Corrente \/ Outros Recursos n\u00e3o Vinculados \/ -"},{"ano_emissao_emp":"2023","n_emp":"0000129","data_emissao":"12\/12\/2023","valor":"5.600,00","tipo_empenho":"Ordin\u00e1rio","hist_emp":"EMPENHO REFERE-SE AOS SERVI\u00c7OS DE FORNECIMENTO DE BUFFET PARA A REALIZA\u00c7\u00c3O DA CONFRATERNIZA\u00c7\u00c3O DE FINAL DE ANO DOS SERVIDORES DESSA CASA LEGISLATIVA.","fornecedor":"JEOVA DO REGO DUARTE ME","denom_uni_orc":"C\u00c2MARA MUNICIPAL","funcao":"Legislativa","sub_funcao":"A\u00e7\u00e3o Legislativa","programa":"ATUA\u00c7\u00c3O LEGISLATIVA E APOIO ADMINISTRATIVO AS A\u00c7\u00d5ES DA C\u00c2MARA","acao":"Parcelamento de D\u00e9bitos, Exceto parcelamentos celebrados com Entidades","ident_acao":"Atividade","cat_econ":"Despesa Corrente","natureza_despesa":"Outras Despesas Correntes","modalidade_despesa":"Aplica\u00e7\u00f5es Diretas","elemento_despesa":"Outros Servi\u00e7os de Terceiros - Pessoa Jur\u00eddica","sub_elem_desp":"SEM SUBELEMENTO","fonte_recurso":"Recursos do Exerc\u00edcio Corrente \/ Outros Recursos n\u00e3o Vinculados \/ -"},{"ano_emissao_emp":"2023","n_emp":"0000130","data_emissao":"22\/12\/2023","valor":"3.941,55","tipo_empenho":"Ordin\u00e1rio","hist_emp":"EMPENHO REFERE-SE A COMPRA E UMA IMPRESSORA MULT.JT.TANQ L14150 C11CH96302 EPSON EMEI\/ N\/S: X6QM0215782","fornecedor":"CIL - COMERCIO DE INFORMATICA LTDA","denom_uni_orc":"C\u00c2MARA MUNICIPAL","funcao":"Legislativa","sub_funcao":"A\u00e7\u00e3o Legislativa","programa":"ATUA\u00c7\u00c3O LEGISLATIVA E APOIO ADMINISTRATIVO AS A\u00c7\u00d5ES DA C\u00c2MARA","acao":"Reequipamento da C\u00e2mara Municipal","ident_acao":"Projeto","cat_econ":"Despesa de Capital","natureza_despesa":"Investimentos","modalidade_despesa":"Aplica\u00e7\u00f5es Diretas","elemento_despesa":"Equipamentos e Material Permanente","sub_elem_desp":"SEM SUBELEMENTO","fonte_recurso":"Recursos do Exerc\u00edcio Corrente \/ Outros Recursos n\u00e3o Vinculados \/ -"},{"ano_emissao_emp":"2023","n_emp":"0000130","data_emissao":"22\/12\/2023","valor":"3.941,55","tipo_empenho":"Ordin\u00e1rio","hist_emp":"EMPENHO REFERE-SE A COMPRA E UMA IMPRESSORA MULT.JT.TANQ L14150 C11CH96302 EPSON EMEI\/ N\/S: X6QM0215782","fornecedor":"CIL - COMERCIO DE INFORMATICA LTDA","denom_uni_orc":"C\u00c2MARA MUNICIPAL","funcao":"Legislativa","sub_funcao":"A\u00e7\u00e3o Legislativa","programa":"ATUA\u00c7\u00c3O LEGISLATIVA E APOIO ADMINISTRATIVO AS A\u00c7\u00d5ES DA C\u00c2MARA","acao":"Manuten\u00e7\u00e3o das Atividades Administrativas","ident_acao":"Projeto","cat_econ":"Despesa de Capital","natureza_despesa":"Investimentos","modalidade_despesa":"Aplica\u00e7\u00f5es Diretas","elemento_despesa":"Equipamentos e Material Permanente","sub_elem_desp":"SEM SUBELEMENTO","fonte_recurso":"Recursos do Exerc\u00edcio Corrente \/ Outros Recursos n\u00e3o Vinculados \/ -"},{"ano_emissao_emp":"2023","n_emp":"0000130","data_emissao":"22\/12\/2023","valor":"3.941,55","tipo_empenho":"Ordin\u00e1rio","hist_emp":"EMPENHO REFERE-SE A COMPRA E UMA IMPRESSORA MULT.JT.TANQ L14150 C11CH96302 EPSON EMEI\/ N\/S: X6QM0215782","fornecedor":"CIL - COMERCIO DE INFORMATICA LTDA","denom_uni_orc":"C\u00c2MARA MUNICIPAL","funcao":"Legislativa","sub_funcao":"A\u00e7\u00e3o Legislativa","programa":"ATUA\u00c7\u00c3O LEGISLATIVA E APOIO ADMINISTRATIVO AS A\u00c7\u00d5ES DA C\u00c2MARA","acao":"Parcelamento de D\u00e9bitos, Exceto parcelamentos celebrados com Entidades","ident_acao":"Projeto","cat_econ":"Despesa de Capital","natureza_despesa":"Investimentos","modalidade_despesa":"Aplica\u00e7\u00f5es Diretas","elemento_despesa":"Equipamentos e Material Permanente","sub_elem_desp":"SEM SUBELEMENTO","fonte_recurso":"Recursos do Exerc\u00edcio Corrente \/ Outros Recursos n\u00e3o Vinculados \/ -"},{"ano_emissao_emp":"2023","n_emp":"0000131","data_emissao":"22\/12\/2023","valor":"300,00","tipo_empenho":"Ordin\u00e1rio","hist_emp":"SOLICITA\u00c7\u00c3O DE DI\u00c1RIA PARA ASSEMBLEIA LEGISLATIVA DO ESTADO DE PE, NA RUA DA UNI\u00c3O, N\u00ba 397, BOA VISTA, CEP 50.050-909","fornecedor":"JOSE EMERSON MEDEIROS DE LUCENA","denom_uni_orc":"C\u00c2MARA MUNICIPAL","funcao":"Legislativa","sub_funcao":"A\u00e7\u00e3o Legislativa","programa":"ATUA\u00c7\u00c3O LEGISLATIVA E APOIO ADMINISTRATIVO AS A\u00c7\u00d5ES DA C\u00c2MARA","acao":"Amplia\u00e7\u00e3o e Restaura\u00e7\u00e3o do Pr\u00e9dio da C\u00e2mara","ident_acao":"Atividade","cat_econ":"Despesa Corrente","natureza_despesa":"Outras Despesas Correntes","modalidade_despesa":"Aplica\u00e7\u00f5es Diretas","elemento_despesa":"Di\u00e1rias \u2013 Civil","sub_elem_desp":"SEM SUBELEMENTO","fonte_recurso":"Recursos do Exerc\u00edcio Corrente \/ Outros Recursos n\u00e3o Vinculados \/ -"},{"ano_emissao_emp":"2023","n_emp":"0000131","data_emissao":"22\/12\/2023","valor":"300,00","tipo_empenho":"Ordin\u00e1rio","hist_emp":"SOLICITA\u00c7\u00c3O DE DI\u00c1RIA PARA ASSEMBLEIA LEGISLATIVA DO ESTADO DE PE, NA RUA DA UNI\u00c3O, N\u00ba 397, BOA VISTA, CEP 50.050-909","fornecedor":"JOSE EMERSON MEDEIROS DE LUCENA","denom_uni_orc":"C\u00c2MARA MUNICIPAL","funcao":"Legislativa","sub_funcao":"A\u00e7\u00e3o Legislativa","programa":"ATUA\u00c7\u00c3O LEGISLATIVA E APOIO ADMINISTRATIVO AS A\u00c7\u00d5ES DA C\u00c2MARA","acao":"Manuten\u00e7\u00e3o das Atividades Legislativas","ident_acao":"Atividade","cat_econ":"Despesa Corrente","natureza_despesa":"Outras Despesas Correntes","modalidade_despesa":"Aplica\u00e7\u00f5es Diretas","elemento_despesa":"Di\u00e1rias \u2013 Civil","sub_elem_desp":"SEM SUBELEMENTO","fonte_recurso":"Recursos do Exerc\u00edcio Corrente \/ Outros Recursos n\u00e3o Vinculados \/ -"},{"ano_emissao_emp":"2023","n_emp":"0000131","data_emissao":"22\/12\/2023","valor":"300,00","tipo_empenho":"Ordin\u00e1rio","hist_emp":"SOLICITA\u00c7\u00c3O DE DI\u00c1RIA PARA ASSEMBLEIA LEGISLATIVA DO ESTADO DE PE, NA RUA DA UNI\u00c3O, N\u00ba 397, BOA VISTA, CEP 50.050-909","fornecedor":"JOSE EMERSON MEDEIROS DE LUCENA","denom_uni_orc":"C\u00c2MARA MUNICIPAL","funcao":"Legislativa","sub_funcao":"A\u00e7\u00e3o Legislativa","programa":"ATUA\u00c7\u00c3O LEGISLATIVA E APOIO ADMINISTRATIVO AS A\u00c7\u00d5ES DA C\u00c2MARA","acao":"Parcelamento de D\u00e9bitos Fiscais com os Governos Estadual e Federal","ident_acao":"Atividade","cat_econ":"Despesa Corrente","natureza_despesa":"Outras Despesas Correntes","modalidade_despesa":"Aplica\u00e7\u00f5es Diretas","elemento_despesa":"Di\u00e1rias \u2013 Civil","sub_elem_desp":"SEM SUBELEMENTO","fonte_recurso":"Recursos do Exerc\u00edcio Corrente \/ Outros Recursos n\u00e3o Vinculados \/ -"},{"ano_emissao_emp":"2023","n_emp":"0000132","data_emissao":"27\/12\/2023","valor":"26.528,05","tipo_empenho":"Estimativo","hist_emp":"EMPENHO REFERE-SE A DESPESA COM INSS PATRONAL, GILRAT, SALARIO FAM\u00cdLIA, SAL\u00c1RIO MATERNIDADE ENTRE OUTROS PARA O ANO DE 2023.","fornecedor":"FOLHA DE PAGAMENTO","denom_uni_orc":"C\u00c2MARA MUNICIPAL","funcao":"Legislativa","sub_funcao":"A\u00e7\u00e3o Legislativa","programa":"ATUA\u00c7\u00c3O LEGISLATIVA E APOIO ADMINISTRATIVO AS A\u00c7\u00d5ES DA C\u00c2MARA","acao":"A\u00e7\u00f5es de Enfrentamento ao COVID-19 Atrav\u00e9s de Despesas de Investimento","ident_acao":"Atividade","cat_econ":"Despesa Corrente","natureza_despesa":"Pessoal e Encargos Sociais","modalidade_despesa":"Aplica\u00e7\u00f5es Diretas","elemento_despesa":"Obriga\u00e7\u00f5es Patronais","sub_elem_desp":"SEM SUBELEMENTO","fonte_recurso":"Recursos do Exerc\u00edcio Corrente \/ Outros Recursos n\u00e3o Vinculados \/ -"},{"ano_emissao_emp":"2023","n_emp":"0000132","data_emissao":"27\/12\/2023","valor":"26.528,05","tipo_empenho":"Estimativo","hist_emp":"EMPENHO REFERE-SE A DESPESA COM INSS PATRONAL, GILRAT, SALARIO FAM\u00cdLIA, SAL\u00c1RIO MATERNIDADE ENTRE OUTROS PARA O ANO DE 2023.","fornecedor":"FOLHA DE PAGAMENTO","denom_uni_orc":"C\u00c2MARA MUNICIPAL","funcao":"Legislativa","sub_funcao":"A\u00e7\u00e3o Legislativa","programa":"ATUA\u00c7\u00c3O LEGISLATIVA E APOIO ADMINISTRATIVO AS A\u00c7\u00d5ES DA C\u00c2MARA","acao":"Prover Encargos Previdenci\u00e1rios","ident_acao":"Atividade","cat_econ":"Despesa Corrente","natureza_despesa":"Pessoal e Encargos Sociais","modalidade_despesa":"Aplica\u00e7\u00f5es Diretas","elemento_despesa":"Obriga\u00e7\u00f5es Patronais","sub_elem_desp":"SEM SUBELEMENTO","fonte_recurso":"Recursos do Exerc\u00edcio Corrente \/ Outros Recursos n\u00e3o Vinculados \/ -"},{"ano_emissao_emp":"2023","n_emp":"0000132","data_emissao":"27\/12\/2023","valor":"26.528,05","tipo_empenho":"Estimativo","hist_emp":"EMPENHO REFERE-SE A DESPESA COM INSS PATRONAL, GILRAT, SALARIO FAM\u00cdLIA, SAL\u00c1RIO MATERNIDADE ENTRE OUTROS PARA O ANO DE 2023.","fornecedor":"FOLHA DE PAGAMENTO","denom_uni_orc":"C\u00c2MARA MUNICIPAL","funcao":"Legislativa","sub_funcao":"A\u00e7\u00e3o Legislativa","programa":"ATUA\u00c7\u00c3O LEGISLATIVA E APOIO ADMINISTRATIVO AS A\u00c7\u00d5ES DA C\u00c2MARA","acao":"Indeniza\u00e7\u00f5es e Restitui\u00e7\u00f5es Diversas","ident_acao":"Atividade","cat_econ":"Despesa Corrente","natureza_despesa":"Pessoal e Encargos Sociais","modalidade_despesa":"Aplica\u00e7\u00f5es Diretas","elemento_despesa":"Obriga\u00e7\u00f5es Patronais","sub_elem_desp":"SEM SUBELEMENTO","fonte_recurso":"Recursos do Exerc\u00edcio Corrente \/ Outros Recursos n\u00e3o Vinculados \/ -"},{"ano_emissao_emp":"2023","n_emp":"0000133","data_emissao":"28\/12\/2023","valor":"600,00","tipo_empenho":"Ordin\u00e1rio","hist_emp":"EMPENHO \u00c9 REFERENTE AOS SERVI\u00c7OS DE CONSERVA\u00c7\u00c3O E MANUTEN\u00c7\u00c3O DA C\u00c2MARA","fornecedor":"MARCELO LEIT\u00c3O ALVES","denom_uni_orc":"C\u00c2MARA MUNICIPAL","funcao":"Legislativa","sub_funcao":"A\u00e7\u00e3o Legislativa","programa":"ATUA\u00c7\u00c3O LEGISLATIVA E APOIO ADMINISTRATIVO AS A\u00c7\u00d5ES DA C\u00c2MARA","acao":"Amplia\u00e7\u00e3o e Restaura\u00e7\u00e3o do Pr\u00e9dio da C\u00e2mara","ident_acao":"Projeto","cat_econ":"Despesa de Capital","natureza_despesa":"Investimentos","modalidade_despesa":"Aplica\u00e7\u00f5es Diretas","elemento_despesa":"Obras e Instala\u00e7\u00f5es","sub_elem_desp":"SEM SUBELEMENTO","fonte_recurso":"Recursos do Exerc\u00edcio Corrente \/ Outros Recursos n\u00e3o Vinculados \/ -"},{"ano_emissao_emp":"2023","n_emp":"0000133","data_emissao":"28\/12\/2023","valor":"600,00","tipo_empenho":"Ordin\u00e1rio","hist_emp":"EMPENHO \u00c9 REFERENTE AOS SERVI\u00c7OS DE CONSERVA\u00c7\u00c3O E MANUTEN\u00c7\u00c3O DA C\u00c2MARA","fornecedor":"MARCELO LEIT\u00c3O ALVES","denom_uni_orc":"C\u00c2MARA MUNICIPAL","funcao":"Legislativa","sub_funcao":"A\u00e7\u00e3o Legislativa","programa":"ATUA\u00c7\u00c3O LEGISLATIVA E APOIO ADMINISTRATIVO AS A\u00c7\u00d5ES DA C\u00c2MARA","acao":"Manuten\u00e7\u00e3o das Atividades Legislativas","ident_acao":"Projeto","cat_econ":"Despesa de Capital","natureza_despesa":"Investimentos","modalidade_despesa":"Aplica\u00e7\u00f5es Diretas","elemento_despesa":"Obras e Instala\u00e7\u00f5es","sub_elem_desp":"SEM SUBELEMENTO","fonte_recurso":"Recursos do Exerc\u00edcio Corrente \/ Outros Recursos n\u00e3o Vinculados \/ -"},{"ano_emissao_emp":"2023","n_emp":"0000133","data_emissao":"28\/12\/2023","valor":"600,00","tipo_empenho":"Ordin\u00e1rio","hist_emp":"EMPENHO \u00c9 REFERENTE AOS SERVI\u00c7OS DE CONSERVA\u00c7\u00c3O E MANUTEN\u00c7\u00c3O DA C\u00c2MARA","fornecedor":"MARCELO LEIT\u00c3O ALVES","denom_uni_orc":"C\u00c2MARA MUNICIPAL","funcao":"Legislativa","sub_funcao":"A\u00e7\u00e3o Legislativa","programa":"ATUA\u00c7\u00c3O LEGISLATIVA E APOIO ADMINISTRATIVO AS A\u00c7\u00d5ES DA C\u00c2MARA","acao":"Parcelamento de D\u00e9bitos Fiscais com os Governos Estadual e Federal","ident_acao":"Projeto","cat_econ":"Despesa de Capital","natureza_despesa":"Investimentos","modalidade_despesa":"Aplica\u00e7\u00f5es Diretas","elemento_despesa":"Obras e Instala\u00e7\u00f5es","sub_elem_desp":"SEM SUBELEMENTO","fonte_recurso":"Recursos do Exerc\u00edcio Corrente \/ Outros Recursos n\u00e3o Vinculados \/ -"},{"ano_emissao_emp":"2023","n_emp":"0000134","data_emissao":"28\/12\/2023","valor":"3.000,00","tipo_empenho":"Ordin\u00e1rio","hist_emp":"EMPENHO REFERE-SE AOS SERVI\u00c7OS DE MANUTEN\u00c7\u00c3O E REPARO EM TODA A BANCADA DO PLEN\u00c1RIO DA C\u00c2MARA MUNICIPAL DE FREI MIGUELINHO.","fornecedor":"TARCISIO SERGIO SALES","denom_uni_orc":"C\u00c2MARA MUNICIPAL","funcao":"Legislativa","sub_funcao":"A\u00e7\u00e3o Legislativa","programa":"ATUA\u00c7\u00c3O LEGISLATIVA E APOIO ADMINISTRATIVO AS A\u00c7\u00d5ES DA C\u00c2MARA","acao":"Reequipamento da C\u00e2mara Municipal","ident_acao":"Atividade","cat_econ":"Despesa Corrente","natureza_despesa":"Outras Despesas Correntes","modalidade_despesa":"Aplica\u00e7\u00f5es Diretas","elemento_despesa":"Outros Servi\u00e7os de Terceiros - Pessoa F\u00edsica","sub_elem_desp":"SEM SUBELEMENTO","fonte_recurso":"Recursos do Exerc\u00edcio Corrente \/ Outros Recursos n\u00e3o Vinculados \/ -"},{"ano_emissao_emp":"2023","n_emp":"0000134","data_emissao":"28\/12\/2023","valor":"3.000,00","tipo_empenho":"Ordin\u00e1rio","hist_emp":"EMPENHO REFERE-SE AOS SERVI\u00c7OS DE MANUTEN\u00c7\u00c3O E REPARO EM TODA A BANCADA DO PLEN\u00c1RIO DA C\u00c2MARA MUNICIPAL DE FREI MIGUELINHO.","fornecedor":"TARCISIO SERGIO SALES","denom_uni_orc":"C\u00c2MARA MUNICIPAL","funcao":"Legislativa","sub_funcao":"A\u00e7\u00e3o Legislativa","programa":"ATUA\u00c7\u00c3O LEGISLATIVA E APOIO ADMINISTRATIVO AS A\u00c7\u00d5ES DA C\u00c2MARA","acao":"Manuten\u00e7\u00e3o das Atividades Administrativas","ident_acao":"Atividade","cat_econ":"Despesa Corrente","natureza_despesa":"Outras Despesas Correntes","modalidade_despesa":"Aplica\u00e7\u00f5es Diretas","elemento_despesa":"Outros Servi\u00e7os de Terceiros - Pessoa F\u00edsica","sub_elem_desp":"SEM SUBELEMENTO","fonte_recurso":"Recursos do Exerc\u00edcio Corrente \/ Outros Recursos n\u00e3o Vinculados \/ -"},{"ano_emissao_emp":"2023","n_emp":"0000134","data_emissao":"28\/12\/2023","valor":"3.000,00","tipo_empenho":"Ordin\u00e1rio","hist_emp":"EMPENHO REFERE-SE AOS SERVI\u00c7OS DE MANUTEN\u00c7\u00c3O E REPARO EM TODA A BANCADA DO PLEN\u00c1RIO DA C\u00c2MARA MUNICIPAL DE FREI MIGUELINHO.","fornecedor":"TARCISIO SERGIO SALES","denom_uni_orc":"C\u00c2MARA MUNICIPAL","funcao":"Legislativa","sub_funcao":"A\u00e7\u00e3o Legislativa","programa":"ATUA\u00c7\u00c3O LEGISLATIVA E APOIO ADMINISTRATIVO AS A\u00c7\u00d5ES DA C\u00c2MARA","acao":"Parcelamento de D\u00e9bitos, Exceto parcelamentos celebrados com Entidades","ident_acao":"Atividade","cat_econ":"Despesa Corrente","natureza_despesa":"Outras Despesas Correntes","modalidade_despesa":"Aplica\u00e7\u00f5es Diretas","elemento_despesa":"Outros Servi\u00e7os de Terceiros - Pessoa F\u00edsica","sub_elem_desp":"SEM SUBELEMENTO","fonte_recurso":"Recursos do Exerc\u00edcio Corrente \/ Outros Recursos n\u00e3o Vinculados \/ -"},{"ano_emissao_emp":"2023","n_emp":"0000135","data_emissao":"28\/12\/2023","valor":"120,00","tipo_empenho":"Ordin\u00e1rio","hist_emp":"EMPENHO REFERE-SE A COMPRA DE UMA FONTE POWER SUPPLY200W FORTEK PARA ESSA CASA LEGISLATIVA","fornecedor":"MARIA LUIZA IZABEL ANICETO DE SANTANA M\u00d3VEIS E COMPANHIA LTDA -  ME","denom_uni_orc":"C\u00c2MARA MUNICIPAL","funcao":"Legislativa","sub_funcao":"A\u00e7\u00e3o Legislativa","programa":"ATUA\u00c7\u00c3O LEGISLATIVA E APOIO ADMINISTRATIVO AS A\u00c7\u00d5ES DA C\u00c2MARA","acao":"Reequipamento da C\u00e2mara Municipal","ident_acao":"Atividade","cat_econ":"Despesa Corrente","natureza_despesa":"Outras Despesas Correntes","modalidade_despesa":"Aplica\u00e7\u00f5es Diretas","elemento_despesa":"Material de Consumo","sub_elem_desp":"SEM SUBELEMENTO","fonte_recurso":"Recursos do Exerc\u00edcio Corrente \/ Outros Recursos n\u00e3o Vinculados \/ -"},{"ano_emissao_emp":"2023","n_emp":"0000135","data_emissao":"28\/12\/2023","valor":"120,00","tipo_empenho":"Ordin\u00e1rio","hist_emp":"EMPENHO REFERE-SE A COMPRA DE UMA FONTE POWER SUPPLY200W FORTEK PARA ESSA CASA LEGISLATIVA","fornecedor":"MARIA LUIZA IZABEL ANICETO DE SANTANA M\u00d3VEIS E COMPANHIA LTDA -  ME","denom_uni_orc":"C\u00c2MARA MUNICIPAL","funcao":"Legislativa","sub_funcao":"A\u00e7\u00e3o Legislativa","programa":"ATUA\u00c7\u00c3O LEGISLATIVA E APOIO ADMINISTRATIVO AS A\u00c7\u00d5ES DA C\u00c2MARA","acao":"Manuten\u00e7\u00e3o das Atividades Administrativas","ident_acao":"Atividade","cat_econ":"Despesa Corrente","natureza_despesa":"Outras Despesas Correntes","modalidade_despesa":"Aplica\u00e7\u00f5es Diretas","elemento_despesa":"Material de Consumo","sub_elem_desp":"SEM SUBELEMENTO","fonte_recurso":"Recursos do Exerc\u00edcio Corrente \/ Outros Recursos n\u00e3o Vinculados \/ -"},{"ano_emissao_emp":"2023","n_emp":"0000135","data_emissao":"28\/12\/2023","valor":"120,00","tipo_empenho":"Ordin\u00e1rio","hist_emp":"EMPENHO REFERE-SE A COMPRA DE UMA FONTE POWER SUPPLY200W FORTEK PARA ESSA CASA LEGISLATIVA","fornecedor":"MARIA LUIZA IZABEL ANICETO DE SANTANA M\u00d3VEIS E COMPANHIA LTDA -  ME","denom_uni_orc":"C\u00c2MARA MUNICIPAL","funcao":"Legislativa","sub_funcao":"A\u00e7\u00e3o Legislativa","programa":"ATUA\u00c7\u00c3O LEGISLATIVA E APOIO ADMINISTRATIVO AS A\u00c7\u00d5ES DA C\u00c2MARA","acao":"Parcelamento de D\u00e9bitos, Exceto parcelamentos celebrados com Entidades","ident_acao":"Atividade","cat_econ":"Despesa Corrente","natureza_despesa":"Outras Despesas Correntes","modalidade_despesa":"Aplica\u00e7\u00f5es Diretas","elemento_despesa":"Material de Consumo","sub_elem_desp":"SEM SUBELEMENTO","fonte_recurso":"Recursos do Exerc\u00edcio Corrente \/ Outros Recursos n\u00e3o Vinculados \/ -"}]